{"id":26508,"date":"2025-03-12T17:08:53","date_gmt":"2025-03-12T20:08:53","guid":{"rendered":"https:\/\/guialimeira.com.br\/?p=26508"},"modified":"2025-03-12T17:08:53","modified_gmt":"2025-03-12T20:08:53","slug":"comissao-pede-a-prefeitura-relatorio-sobre-cumprimento-de-metas-orcamentarias-no-primeiro-bimestre","status":"publish","type":"post","link":"https:\/\/guialimeira.com.br\/news\/comissao-pede-a-prefeitura-relatorio-sobre-cumprimento-de-metas-orcamentarias-no-primeiro-bimestre\/","title":{"rendered":"Comiss\u00e3o pede \u00e0 Prefeitura relat\u00f3rio sobre cumprimento de metas or\u00e7ament\u00e1rias no primeiro bimestre"},"content":{"rendered":"\n<figure class=\"wp-block-gallery has-nested-images columns-default is-cropped wp-block-gallery-1 is-layout-flex wp-block-gallery-is-layout-flex\"><\/figure>\n \r\n<br><img data-recalc-dims=\"1\" decoding=\"async\" src=\"https:\/\/i0.wp.com\/guialimeira.com.br\/wp-content\/uploads\/2025\/03\/2025-03-12_comissao-pede-a-prefeitura-relatorio-sobre-cumprimento-de-metas-orcamentarias-no-primeiro.jpeg?w=696&#038;ssl=1\" \/><br><div>\n\t\t\t\t\t<p>A Comiss\u00e3o de Or\u00e7amento e Fiscaliza\u00e7\u00e3o do Executivo deliberou, na reuni\u00e3o desta quarta-feira, 12 de mar\u00e7o, o encaminhamento de of\u00edcios \u00e0 Prefeitura para questionar sobre o cumprimento das metas estabelecidas no or\u00e7amento municipal referentes ao primeiro bimestre de 2025. O objetivo \u00e9 fiscalizar as a\u00e7\u00f5es durante a execu\u00e7\u00e3o or\u00e7ament\u00e1ria.<\/p><p>No of\u00edcio foi solicitado que a Prefeitura encaminhe os resultados do primeiro bimestre de 2025, no que se refere \u00e0 despesa corrente liquidada e \u00e0 receita corrente arrecadada, e o demonstrativo das receitas previdenci\u00e1rias dos \u00faltimos 12 meses. Eles tamb\u00e9m querem saber se os limites estabelecidos constitucionalmente para a aplica\u00e7\u00e3o de recursos nas \u00e1reas de sa\u00fade e educa\u00e7\u00e3o foram atendidos no primeiro bimestre.<\/p><p>Os parlamentares querem aproveitar orienta\u00e7\u00f5es do Tribunal de Contas do Estado de S\u00e3o Paulo (TCESP) para aprimorar a fiscaliza\u00e7\u00e3o da C\u00e2mara sobre a\u00e7\u00f5es da Prefeitura. Os Vereadores estudam a possibilidade de realizar uma visita t\u00e9cnica ao \u00f3rg\u00e3o em busca de informa\u00e7\u00f5es detalhadas sobre melhores pr\u00e1ticas.<\/p><p>Fazem parte do colegiado a vereadora Lu Bogo (PL), presidente; Estev\u00e3o Nogueira (Avante), vice-presidente; e Elias Barbosa (PRTB), secret\u00e1rio.<strong> <\/strong>Todas as delibera\u00e7\u00f5es s\u00e3o registradas em <a href=\"https:\/\/consulta.limeira.sp.leg.br\/arquivo?Id=482713\" rel=\"noopener\">ata<\/a>.<\/p><p>Os membros s\u00e3o respons\u00e1veis por analisar os aspectos financeiros e or\u00e7ament\u00e1rios de todas as proposi\u00e7\u00f5es apresentadas tanto pelo Legislativo, quanto pela Prefeitura, bem como fiscalizar os atos do Poder Executivo e investigar den\u00fancias sobre malversa\u00e7\u00e3o de dinheiro p\u00fablico, desvio de finalidade ou de poder praticados pelas autoridades p\u00fablicas integrantes da Administra\u00e7\u00e3o Municipal, inclusive os da administra\u00e7\u00e3o indireta.\u00a0<\/p>\t\t\t\t<\/div>\r\n<br>\r\n<br><a href=\"https:\/\/www.limeira.sp.leg.br\/noticias\/view\/2025-03-12_comissao-pede-a-prefeitura-relatorio-sobre-cumprimento-de-metas-orcamentarias-no-primeiro-bimestre\" rel=\"noopener\">Informa\u00e7\u00f5es CML <\/a>","protected":false},"excerpt":{"rendered":"<p>A Comiss\u00e3o de Or\u00e7amento e Fiscaliza\u00e7\u00e3o do Executivo deliberou, na reuni\u00e3o desta quarta-feira, 12 de mar\u00e7o, o encaminhamento de of\u00edcios \u00e0 Prefeitura para questionar sobre o cumprimento das metas estabelecidas no or\u00e7amento municipal referentes ao primeiro bimestre de 2025. O objetivo \u00e9 fiscalizar as a\u00e7\u00f5es durante a execu\u00e7\u00e3o or\u00e7ament\u00e1ria. No of\u00edcio foi solicitado que a [&hellip;]<\/p>\n","protected":false},"author":1,"featured_media":26509,"comment_status":"open","ping_status":"open","sticky":false,"template":"","format":"standard","meta":{"_jetpack_newsletter_access":"","_jetpack_dont_email_post_to_subs":false,"_jetpack_newsletter_tier_id":0,"_jetpack_memberships_contains_paywalled_content":false,"_mbp_banners":[],"_jetpack_feature_clip_id":0,"_jetpack_memberships_contains_paid_content":false,"footnotes":"","jetpack_publicize_message":"","jetpack_publicize_feature_enabled":true,"jetpack_social_post_already_shared":true,"jetpack_social_options":{"image_generator_settings":{"template":"highway","default_image_id":0,"font":"","enabled":false},"version":2},"jetpack_post_was_ever_published":false},"categories":[19],"tags":[],"class_list":["post-26508","post","type-post","status-publish","format-standard","has-post-thumbnail","category-politica"],"jetpack_publicize_connections":[],"jetpack-related-posts":[],"jetpack_shortlink":"https:\/\/wp.me\/p7Eq1F-6Ty","jetpack_sharing_enabled":true,"jetpack_featured_media_url":"https:\/\/i0.wp.com\/guialimeira.com.br\/news\/wp-content\/uploads\/2025\/03\/Comissao-pede-a-Prefeitura-relatorio-sobre-cumprimento-de-metas-orcamentarias.jpeg?fit=1280%2C640&ssl=1","_links":{"self":[{"href":"https:\/\/guialimeira.com.br\/news\/wp-json\/wp\/v2\/posts\/26508","targetHints":{"allow":["GET"]}}],"collection":[{"href":"https:\/\/guialimeira.com.br\/news\/wp-json\/wp\/v2\/posts"}],"about":[{"href":"https:\/\/guialimeira.com.br\/news\/wp-json\/wp\/v2\/types\/post"}],"author":[{"embeddable":true,"href":"https:\/\/guialimeira.com.br\/news\/wp-json\/wp\/v2\/users\/1"}],"replies":[{"embeddable":true,"href":"https:\/\/guialimeira.com.br\/news\/wp-json\/wp\/v2\/comments?post=26508"}],"version-history":[{"count":1,"href":"https:\/\/guialimeira.com.br\/news\/wp-json\/wp\/v2\/posts\/26508\/revisions"}],"predecessor-version":[{"id":26510,"href":"https:\/\/guialimeira.com.br\/news\/wp-json\/wp\/v2\/posts\/26508\/revisions\/26510"}],"wp:featuredmedia":[{"embeddable":true,"href":"https:\/\/guialimeira.com.br\/news\/wp-json\/wp\/v2\/media\/26509"}],"wp:attachment":[{"href":"https:\/\/guialimeira.com.br\/news\/wp-json\/wp\/v2\/media?parent=26508"}],"wp:term":[{"taxonomy":"category","embeddable":true,"href":"https:\/\/guialimeira.com.br\/news\/wp-json\/wp\/v2\/categories?post=26508"},{"taxonomy":"post_tag","embeddable":true,"href":"https:\/\/guialimeira.com.br\/news\/wp-json\/wp\/v2\/tags?post=26508"}],"curies":[{"name":"wp","href":"https:\/\/api.w.org\/{rel}","templated":true}]}}