{"id":26491,"date":"2025-03-12T16:09:18","date_gmt":"2025-03-12T19:09:18","guid":{"rendered":"https:\/\/guialimeira.com.br\/?p=26491"},"modified":"2025-03-12T16:09:20","modified_gmt":"2025-03-12T19:09:20","slug":"vereador-joao-antunes-souza-solicita-informacoes-sobre-verbas-e-programas-de-educacao-no-transito-em-limeira","status":"publish","type":"post","link":"https:\/\/guialimeira.com.br\/news\/vereador-joao-antunes-souza-solicita-informacoes-sobre-verbas-e-programas-de-educacao-no-transito-em-limeira\/","title":{"rendered":"Vereador Jo\u00e3o Antunes Souza solicita informa\u00e7\u00f5es sobre verbas e programas de educa\u00e7\u00e3o no tr\u00e2nsito em Limeira"},"content":{"rendered":"\n<p class=\"wp-block-paragraph\">O vereador <strong>Jo\u00e3o Antunes Souza (Solidariedade)<\/strong> apresentou um requerimento ao <strong>Poder Executivo<\/strong> solicitando informa\u00e7\u00f5es detalhadas sobre os valores arrecadados com multas de tr\u00e2nsito e sua destina\u00e7\u00e3o para programas de <strong>educa\u00e7\u00e3o no tr\u00e2nsito<\/strong>. O objetivo \u00e9 entender como os recursos est\u00e3o sendo utilizados e se h\u00e1 projetos efetivos para a conscientiza\u00e7\u00e3o de condutores e pedestres.<\/p>\n\n\n\n<h2 class=\"wp-block-heading\"><strong>Principais questionamentos do requerimento<\/strong><\/h2>\n\n\n\n<p class=\"wp-block-paragraph\">O parlamentar solicita \u00e0 Prefeitura de Limeira as seguintes informa\u00e7\u00f5es:<\/p>\n\n\n\n<p class=\"wp-block-paragraph\">\ud83d\udccc <strong>Arrecada\u00e7\u00e3o<\/strong>: Qual o valor total arrecadado com infra\u00e7\u00f5es de tr\u00e2nsito no ano de 2024?<\/p>\n\n\n\n<p class=\"wp-block-paragraph\">\ud83d\udccc <strong>Projetos realizados<\/strong>: Quais a\u00e7\u00f5es de educa\u00e7\u00e3o no tr\u00e2nsito foram desenvolvidas no ano passado?<\/p>\n\n\n\n<p class=\"wp-block-paragraph\">\ud83d\udccc <strong>Investimentos<\/strong>: Quanto foi destinado \u00e0 concretiza\u00e7\u00e3o dos programas de conscientiza\u00e7\u00e3o e preven\u00e7\u00e3o de acidentes?<\/p>\n\n\n\n<p class=\"wp-block-paragraph\">\ud83d\udccc <strong>Planejamento para 2025<\/strong>: Quais projetos est\u00e3o previstos para este ano?<\/p>\n\n\n\n<p class=\"wp-block-paragraph\">\ud83d\udccc <strong>Outras informa\u00e7\u00f5es relevantes<\/strong> sobre a destina\u00e7\u00e3o dos recursos provenientes das multas.<\/p>\n\n\n\n<h2 class=\"wp-block-heading\"><strong>Justificativa do requerimento<\/strong><\/h2>\n\n\n\n<p class=\"wp-block-paragraph\">O vereador ressalta que, apesar do alto n\u00famero de multas aplicadas no munic\u00edpio e da grande arrecada\u00e7\u00e3o com infra\u00e7\u00f5es, <strong>n\u00e3o h\u00e1 clareza sobre a implementa\u00e7\u00e3o de projetos significativos voltados \u00e0 educa\u00e7\u00e3o no tr\u00e2nsito<\/strong>.<\/p>\n\n\n\n<p class=\"wp-block-paragraph\">Ele destaca que as campanhas pontuais realizadas atualmente, como a\u00e7\u00f5es em escolas infantis e distribui\u00e7\u00e3o de panfletos em sem\u00e1foros, <strong>n\u00e3o s\u00e3o suficientes para mudar o comportamento dos condutores<\/strong> e reduzir acidentes causados por imper\u00edcia ou neglig\u00eancia.<\/p>\n\n\n\n<p class=\"wp-block-paragraph\">Segundo o <strong>C\u00f3digo de Tr\u00e2nsito Brasileiro (CTB)<\/strong>, <strong>artigo 320<\/strong>, a receita arrecadada com multas deve ser aplicada exclusivamente em <strong>sinaliza\u00e7\u00e3o, engenharia de tr\u00e1fego, policiamento, fiscaliza\u00e7\u00e3o e educa\u00e7\u00e3o de tr\u00e2nsito<\/strong>. Diante disso, o vereador busca esclarecimentos para viabilizar <strong>pol\u00edticas p\u00fablicas mais eficazes<\/strong> na \u00e1rea.<\/p>\n\n\n\n<h2 class=\"wp-block-heading\"><strong>Pr\u00f3ximos passos<\/strong><\/h2>\n\n\n\n<p class=\"wp-block-paragraph\">Agora, o requerimento segue para an\u00e1lise do <strong>Poder Executivo<\/strong>, que dever\u00e1 responder dentro do prazo legal. O vereador <strong>Jo\u00e3o Antunes Souza<\/strong> refor\u00e7a a import\u00e2ncia de investimentos s\u00f3lidos em <strong>educa\u00e7\u00e3o no tr\u00e2nsito<\/strong> para reduzir o n\u00famero de infra\u00e7\u00f5es e, principalmente, evitar acidentes que colocam em risco a vida de motoristas, motociclistas, ciclistas e pedestres.<\/p>\n\n\n\n<p class=\"wp-block-paragraph\">\ud83d\uded1 <strong>O que voc\u00ea acha da iniciativa? A educa\u00e7\u00e3o no tr\u00e2nsito em Limeira precisa de mais investimentos? Deixe sua opini\u00e3o nos coment\u00e1rios!<\/strong> \ud83d\ude97\ud83d\udca1<\/p>\n","protected":false},"excerpt":{"rendered":"<p>O vereador Jo\u00e3o Antunes Souza (Solidariedade) apresentou um requerimento ao Poder Executivo solicitando informa\u00e7\u00f5es detalhadas sobre os valores arrecadados com multas de tr\u00e2nsito e sua destina\u00e7\u00e3o para programas de educa\u00e7\u00e3o no tr\u00e2nsito. O objetivo \u00e9 entender como os recursos est\u00e3o sendo utilizados e se h\u00e1 projetos efetivos para a conscientiza\u00e7\u00e3o de condutores e pedestres. Principais [&hellip;]<\/p>\n","protected":false},"author":1,"featured_media":26492,"comment_status":"open","ping_status":"open","sticky":false,"template":"","format":"standard","meta":{"_jetpack_newsletter_access":"","_jetpack_dont_email_post_to_subs":false,"_jetpack_newsletter_tier_id":0,"_jetpack_memberships_contains_paywalled_content":false,"_mbp_banners":[],"_jetpack_feature_clip_id":0,"_jetpack_memberships_contains_paid_content":false,"footnotes":"","jetpack_publicize_message":"","jetpack_publicize_feature_enabled":true,"jetpack_social_post_already_shared":true,"jetpack_social_options":{"image_generator_settings":{"template":"highway","default_image_id":0,"font":"","enabled":false},"version":2},"jetpack_post_was_ever_published":false},"categories":[19],"tags":[],"class_list":["post-26491","post","type-post","status-publish","format-standard","has-post-thumbnail","category-politica"],"jetpack_publicize_connections":[],"jetpack-related-posts":[],"jetpack_shortlink":"https:\/\/wp.me\/p7Eq1F-6Th","jetpack_sharing_enabled":true,"jetpack_featured_media_url":"https:\/\/i0.wp.com\/guialimeira.com.br\/news\/wp-content\/uploads\/2025\/03\/Educacao-no-transito-cidadania-1024x683-1.jpg?fit=1024%2C683&ssl=1","_links":{"self":[{"href":"https:\/\/guialimeira.com.br\/news\/wp-json\/wp\/v2\/posts\/26491","targetHints":{"allow":["GET"]}}],"collection":[{"href":"https:\/\/guialimeira.com.br\/news\/wp-json\/wp\/v2\/posts"}],"about":[{"href":"https:\/\/guialimeira.com.br\/news\/wp-json\/wp\/v2\/types\/post"}],"author":[{"embeddable":true,"href":"https:\/\/guialimeira.com.br\/news\/wp-json\/wp\/v2\/users\/1"}],"replies":[{"embeddable":true,"href":"https:\/\/guialimeira.com.br\/news\/wp-json\/wp\/v2\/comments?post=26491"}],"version-history":[{"count":1,"href":"https:\/\/guialimeira.com.br\/news\/wp-json\/wp\/v2\/posts\/26491\/revisions"}],"predecessor-version":[{"id":26493,"href":"https:\/\/guialimeira.com.br\/news\/wp-json\/wp\/v2\/posts\/26491\/revisions\/26493"}],"wp:featuredmedia":[{"embeddable":true,"href":"https:\/\/guialimeira.com.br\/news\/wp-json\/wp\/v2\/media\/26492"}],"wp:attachment":[{"href":"https:\/\/guialimeira.com.br\/news\/wp-json\/wp\/v2\/media?parent=26491"}],"wp:term":[{"taxonomy":"category","embeddable":true,"href":"https:\/\/guialimeira.com.br\/news\/wp-json\/wp\/v2\/categories?post=26491"},{"taxonomy":"post_tag","embeddable":true,"href":"https:\/\/guialimeira.com.br\/news\/wp-json\/wp\/v2\/tags?post=26491"}],"curies":[{"name":"wp","href":"https:\/\/api.w.org\/{rel}","templated":true}]}}