{"id":26488,"date":"2025-03-12T16:07:52","date_gmt":"2025-03-12T19:07:52","guid":{"rendered":"https:\/\/guialimeira.com.br\/?p=26488"},"modified":"2025-03-12T16:07:52","modified_gmt":"2025-03-12T19:07:52","slug":"comissao-volta-a-questionar-prefeitura-sobre-cobertura-das-quadras-das-escolas-municipais","status":"publish","type":"post","link":"https:\/\/guialimeira.com.br\/news\/comissao-volta-a-questionar-prefeitura-sobre-cobertura-das-quadras-das-escolas-municipais\/","title":{"rendered":"Comiss\u00e3o volta a questionar Prefeitura sobre cobertura das quadras das escolas municipais"},"content":{"rendered":"\n<figure class=\"wp-block-gallery has-nested-images columns-default is-cropped wp-block-gallery-1 is-layout-flex wp-block-gallery-is-layout-flex\"><\/figure>\n \r\n<br><img data-recalc-dims=\"1\" decoding=\"async\" src=\"https:\/\/i0.wp.com\/guialimeira.com.br\/wp-content\/uploads\/2025\/03\/2025-03-12_comissao-volta-a-questionar-prefeitura-sobre-cobertura-das-quadras-das-escolas-municipais.jpeg?w=696&#038;ssl=1\" \/><br><div>\n\t\t\t\t\t<p>A Comiss\u00e3o de Educa\u00e7\u00e3o da C\u00e2mara voltou a questionar a Prefeitura sobre a cobertura das quadras das escolas municipais, por of\u00edcio, na reuni\u00e3o desta quarta-feira, 12 de mar\u00e7o. O objetivo \u00e9 esclarecer informa\u00e7\u00f5es encaminhadas pelo Executivo em resposta a <a href=\"https:\/\/www.limeira.sp.leg.br\/noticias\/view\/2024-09-25_comissao-pede-informacoes-sobre-projeto-de-cobertura-de-quadras-de-escolas\" rel=\"noopener\">questionamentos anteriores<\/a>.<\/p><p>De acordo com a resposta do Executivo, 15 escolas municipais possuem quadras cobertas, quanto \u00e0s demais, algumas foram submetidas a an\u00e1lise e n\u00e3o possu\u00edam tamanho adequado para serem cobertas. Das que t\u00eam as dimens\u00f5es corretas, 13 estavam programadas para receber cobertura por meio de um processo administrativo que foi arquivado em 16 de outubro de 2024, devido \u00e0 falta de recursos para a conclus\u00e3o do projeto.<\/p><p>Com o objetivo de buscar esclarecimentos quanto ao que ser\u00e1 feito para resolver o problema, a Comiss\u00e3o deliberou o encaminhamento de of\u00edcio questionando qual solu\u00e7\u00e3o ser\u00e1 tomada pela Secretaria de Educa\u00e7\u00e3o para realizar a cobertura das quadras que n\u00e3o possuem espa\u00e7o f\u00edsico compat\u00edvel. J\u00e1 em rela\u00e7\u00e3o \u00e0s quadras que estavam programadas para receber a cobertura, os parlamentares querem saber o que ser\u00e1 feito para que o projeto seja realizado.<\/p><p>Outra demanda da Comiss\u00e3o \u00e0 Secretaria foi para que a Prefeitura encaminhe \u00e0 C\u00e2mara informa\u00e7\u00f5es sobre todos os pedidos de constru\u00e7\u00e3o e amplia\u00e7\u00e3o de escolas e qual a situa\u00e7\u00e3o atual de cada um.<\/p><p><strong>Reuni\u00e3o Apeoesp<\/strong><\/p><p>O colegiado tamb\u00e9m agendou uma reuni\u00e3o com representantes do Sindicato dos Professores e Ensino Oficial do Estado de S\u00e3o Paulo (Apeoesp) para a pr\u00f3xima quarta-feira, 19 de mar\u00e7o, a pedido da pr\u00f3pria institui\u00e7\u00e3o.<\/p><p><strong>A Comiss\u00e3o<\/strong><\/p><p>Fazem parte da Comiss\u00e3o de Educa\u00e7\u00e3o a vereadora Mariana Calsa\u00a0 (MDB), presidente; Nilton Santos (Republicanos), vice-presidente, e Waguinho da Santa Luzia (PP), secret\u00e1rio. Todas as delibera\u00e7\u00f5es s\u00e3o registradas em <a href=\"https:\/\/consulta.limeira.sp.leg.br\/arquivo?Id=482742\" rel=\"noopener\">ata<\/a>.<\/p><p>O colegiado tem como compet\u00eancia a fiscaliza\u00e7\u00e3o de assuntos relacionados \u00e0 educa\u00e7\u00e3o e ao ensino. Os membros tamb\u00e9m s\u00e3o respons\u00e1veis por abordar a pol\u00edtica e sistema educacional nos aspectos institucionais, estruturais, funcionais e legais, al\u00e9m de opinarem acerca de projetos da rede municipal de ensino, programas e pol\u00edticas p\u00fablicas que tratem do ambiente escolar, dos professores e estudantes, bem como servidores da rede de ensino, servi\u00e7os, equipamentos e programas educacionais.<\/p>\t\t\t\t<\/div>\r\n<br>\r\n<br><a href=\"https:\/\/www.limeira.sp.leg.br\/noticias\/view\/2025-03-12_comissao-volta-a-questionar-prefeitura-sobre-cobertura-das-quadras-das-escolas-municipais\" rel=\"noopener\">Informa\u00e7\u00f5es CML <\/a>","protected":false},"excerpt":{"rendered":"<p>A Comiss\u00e3o de Educa\u00e7\u00e3o da C\u00e2mara voltou a questionar a Prefeitura sobre a cobertura das quadras das escolas municipais, por of\u00edcio, na reuni\u00e3o desta quarta-feira, 12 de mar\u00e7o. O objetivo \u00e9 esclarecer informa\u00e7\u00f5es encaminhadas pelo Executivo em resposta a questionamentos anteriores. De acordo com a resposta do Executivo, 15 escolas municipais possuem quadras cobertas, quanto [&hellip;]<\/p>\n","protected":false},"author":1,"featured_media":26489,"comment_status":"open","ping_status":"open","sticky":false,"template":"","format":"standard","meta":{"_jetpack_newsletter_access":"","_jetpack_dont_email_post_to_subs":false,"_jetpack_newsletter_tier_id":0,"_jetpack_memberships_contains_paywalled_content":false,"_mbp_banners":[],"_jetpack_feature_clip_id":0,"_jetpack_memberships_contains_paid_content":false,"footnotes":"","jetpack_publicize_message":"","jetpack_publicize_feature_enabled":true,"jetpack_social_post_already_shared":true,"jetpack_social_options":{"image_generator_settings":{"template":"highway","default_image_id":0,"font":"","enabled":false},"version":2},"jetpack_post_was_ever_published":false},"categories":[19],"tags":[],"class_list":["post-26488","post","type-post","status-publish","format-standard","has-post-thumbnail","category-politica"],"jetpack_publicize_connections":[],"jetpack-related-posts":[],"jetpack_shortlink":"https:\/\/wp.me\/p7Eq1F-6Te","jetpack_sharing_enabled":true,"jetpack_featured_media_url":"https:\/\/i0.wp.com\/guialimeira.com.br\/news\/wp-content\/uploads\/2025\/03\/Comissao-volta-a-questionar-Prefeitura-sobre-cobertura-das-quadras-das.jpeg?fit=1280%2C640&ssl=1","_links":{"self":[{"href":"https:\/\/guialimeira.com.br\/news\/wp-json\/wp\/v2\/posts\/26488","targetHints":{"allow":["GET"]}}],"collection":[{"href":"https:\/\/guialimeira.com.br\/news\/wp-json\/wp\/v2\/posts"}],"about":[{"href":"https:\/\/guialimeira.com.br\/news\/wp-json\/wp\/v2\/types\/post"}],"author":[{"embeddable":true,"href":"https:\/\/guialimeira.com.br\/news\/wp-json\/wp\/v2\/users\/1"}],"replies":[{"embeddable":true,"href":"https:\/\/guialimeira.com.br\/news\/wp-json\/wp\/v2\/comments?post=26488"}],"version-history":[{"count":1,"href":"https:\/\/guialimeira.com.br\/news\/wp-json\/wp\/v2\/posts\/26488\/revisions"}],"predecessor-version":[{"id":26490,"href":"https:\/\/guialimeira.com.br\/news\/wp-json\/wp\/v2\/posts\/26488\/revisions\/26490"}],"wp:featuredmedia":[{"embeddable":true,"href":"https:\/\/guialimeira.com.br\/news\/wp-json\/wp\/v2\/media\/26489"}],"wp:attachment":[{"href":"https:\/\/guialimeira.com.br\/news\/wp-json\/wp\/v2\/media?parent=26488"}],"wp:term":[{"taxonomy":"category","embeddable":true,"href":"https:\/\/guialimeira.com.br\/news\/wp-json\/wp\/v2\/categories?post=26488"},{"taxonomy":"post_tag","embeddable":true,"href":"https:\/\/guialimeira.com.br\/news\/wp-json\/wp\/v2\/tags?post=26488"}],"curies":[{"name":"wp","href":"https:\/\/api.w.org\/{rel}","templated":true}]}}