{"id":26465,"date":"2025-03-12T14:02:56","date_gmt":"2025-03-12T17:02:56","guid":{"rendered":"https:\/\/guialimeira.com.br\/2025\/03\/12\/inflacao-medida-pelo-inpc-fecha-fevereiro-em-148\/"},"modified":"2025-03-12T14:02:56","modified_gmt":"2025-03-12T17:02:56","slug":"inflacao-medida-pelo-inpc-fecha-fevereiro-em-148","status":"publish","type":"post","link":"https:\/\/guialimeira.com.br\/news\/inflacao-medida-pelo-inpc-fecha-fevereiro-em-148\/","title":{"rendered":"Infla\u00e7\u00e3o medida pelo INPC fecha fevereiro em 1,48%"},"content":{"rendered":"<p> <br \/>\n<\/p>\n<div>\n<p>\u00a0O \u00cdndice Nacional de Pre\u00e7os ao Consumidor (INPC), infla\u00e7\u00e3o que costuma reajustar anualmente sal\u00e1rios, fechou fevereiro em 1,48%. Assim como a infla\u00e7\u00e3o oficial do pa\u00eds, apurada pelo \u00cdndice Nacional de Pre\u00e7os ao Consumidor Amplo (IPCA), a<a href=\"https:\/\/agenciabrasil.ebc.com.br\/Pressionada-pela-energia-el%C3%A9trica-infla%C3%A7%C3%A3o-de-fevereiro-fica-em-1%2C31%25\" target=\"_blank\" rel=\"noopener\"> conta de luz foi a vil\u00e3 do m\u00eas<\/a>.\u00a0<img data-recalc-dims=\"1\" decoding=\"async\" src=\"https:\/\/i0.wp.com\/agenciabrasil.ebc.com.br\/ebc.png?w=696&#038;ssl=1\" style=\"width:1px; height:1px; display:inline;\"\/><img data-recalc-dims=\"1\" decoding=\"async\" src=\"https:\/\/i0.wp.com\/agenciabrasil.ebc.com.br\/ebc.gif?w=696&#038;ssl=1\" style=\"width:1px; height:1px; display:inline;\"\/><\/p>\n<p><strong>O resultado do INPC de fevereiro \u00e9 o maior desde mar\u00e7o de 2022 (1,71%). Em rela\u00e7\u00e3o aos meses de fevereiro, \u00e9 o mais alto desde 2003 (1,46%).<\/strong> Em 12 meses, o INPC soma 4,87%.<\/p>\n<p>Os dados foram divulgados nesta quarta-feira (12) pelo Instituto Brasileiro de Geografia e Estat\u00edstica (IBGE).\u00a0<\/p>\n<p>A <a href=\"https:\/\/agenciabrasil.ebc.com.br\/economia\/noticia\/2025-01\/saiba-o-que-e-o-bonus-na-conta-de-luz-que-ajudou-a-segurar-inflacao\" target=\"_blank\" rel=\"noopener\">alta de fevereiro \u00e9 explicada em grande parte pelo B\u00f4nus<\/a> Itaipu, que concedeu desconto na conta de luz dos brasileiros em janeiro. No primeiro m\u00eas do ano, o \u00edndice apresentou varia\u00e7\u00e3o nula (0%).<\/p>\n<p><strong>Com o fim do desconto, o que j\u00e1 era previsto, a conta de energia el\u00e9trica subiu 16,96%<\/strong>, fazendo o grupo habita\u00e7\u00e3o \u2013 do qual faz parte a energia el\u00e9trica \u2013 subir 4,79%, impactando o INPC em 0,79 ponto percentual (p.p.).<\/p>\n<blockquote>\n<p>Em fevereiro, os produtos aliment\u00edcios subiram 0,75%, desacelera\u00e7\u00e3o em rela\u00e7\u00e3o a janeiro (0,99%).<\/p>\n<\/blockquote>\n<p><strong>Varia\u00e7\u00f5es e impactos dos grupos de produtos e servi\u00e7os:<\/strong><\/p>\n<ul>\n<li>Habita\u00e7\u00e3o: 4,79% (0,79 p.p.)<\/li>\n<li>Transportes: 1,11% (0,22 p.p.)<\/li>\n<li>Alimenta\u00e7\u00e3o e bebidas: 0,75% (0,19 p.p.)<\/li>\n<li>Educa\u00e7\u00e3o: 4,45% (0,19 p.p.)<\/li>\n<li>Sa\u00fade e cuidados pessoais: 0,54% (0,06 p.p.)<\/li>\n<li>Artigos de resid\u00eancia: 0,44% (0,02 p.p.)<\/li>\n<li>Comunica\u00e7\u00e3o: 0,17% (0,01 p.p.)<\/li>\n<li>Despesas pessoais: 0,09% (0,01 p.p.)<\/li>\n<li>Vestu\u00e1rio: -0,07% (-0,01 p.p.)<\/li>\n<\/ul>\n<h2>Reajuste de sal\u00e1rios<\/h2>\n<p><strong>O INPC impacta diretamente na vida de muitos brasileiros pois o acumulado m\u00f3vel de 12 meses costuma ser utilizado para c\u00e1lculo do reajuste de sal\u00e1rios de diversas categorias ao longo do ano.<\/strong><\/p>\n<p>O sal\u00e1rio m\u00ednimo, por exemplo, leva o dado de novembro no seu c\u00e1lculo. O seguro-desemprego, o benef\u00edcio e o teto do INSS s\u00e3o reajustados com base no resultado de dezembro.<\/p>\n<h2>INPC x IPCA<\/h2>\n<p>A principal diferen\u00e7a para o IPCA \u00e9 que o INPC apura o custo de vida de fam\u00edlias com renda de at\u00e9 cinco sal\u00e1rios m\u00ednimos. J\u00e1 o IPCA, \u00e9 o consumo de fam\u00edlias com renda at\u00e9 40 sal\u00e1rios m\u00ednimos. Atualmente o m\u00ednimo \u00e9 de R$ 1.518.<\/p>\n<p>O IBGE confere pesos diferentes aos grupos de pre\u00e7os pesquisados. No INPC, por exemplo, os alimentos representam 25% do \u00edndice, mais que no IPCA (21,86%), pois as fam\u00edlias de menor renda gastam proporcionalmente mais com comida. Na \u00f3tica inversa, o pre\u00e7o de passagem de avi\u00e3o pesa menos no INPC do que no IPCA.<\/p>\n<blockquote>\n<p>&#8220;A apura\u00e7\u00e3o do INPC\u00a0tem por objetivo a corre\u00e7\u00e3o do poder de compra dos sal\u00e1rios, atrav\u00e9s da mensura\u00e7\u00e3o das varia\u00e7\u00f5es de pre\u00e7os da cesta de consumo da popula\u00e7\u00e3o assalariada com mais baixo rendimento\u201d, diz\u00a0o IBGE.<\/p>\n<\/blockquote>\n<h2>Abrang\u00eancia<\/h2>\n<p>A coleta de pre\u00e7os \u00e9 feita nas regi\u00f5es metropolitanas de Bel\u00e9m, Fortaleza, Recife, Salvador, Belo Horizonte, Vit\u00f3ria, Rio de Janeiro, S\u00e3o Paulo, Curitiba, Porto Alegre, al\u00e9m do Distrito Federal e dos munic\u00edpios de Goi\u00e2nia, Campo Grande, Rio Branco, S\u00e3o Lu\u00eds e Aracaju.<\/p>\n<p>      <!-- Relacionada --><\/p>\n<p>            <!-- Relacionada -->\n    <\/div>\n<p><br \/>\n<br \/><a href=\"https:\/\/agenciabrasil.ebc.com.br\/economia\/noticia\/2025-03\/inflacao-medida-pelo-inpc-fecha-fevereiro-em-148\" rel=\"noopener\">Ag\u00eancia Brasil<\/a><\/p>\n","protected":false},"excerpt":{"rendered":"<p>\u00a0O \u00cdndice Nacional de Pre\u00e7os ao Consumidor (INPC), infla\u00e7\u00e3o que costuma reajustar anualmente sal\u00e1rios, fechou fevereiro em 1,48%. Assim como a infla\u00e7\u00e3o oficial do pa\u00eds, apurada pelo \u00cdndice Nacional de Pre\u00e7os ao Consumidor Amplo (IPCA), a conta de luz foi a vil\u00e3 do m\u00eas.\u00a0 O resultado do INPC de fevereiro \u00e9 o maior desde mar\u00e7o [&hellip;]<\/p>\n","protected":false},"author":1,"featured_media":26466,"comment_status":"open","ping_status":"open","sticky":false,"template":"","format":"standard","meta":{"_jetpack_newsletter_access":"","_jetpack_dont_email_post_to_subs":false,"_jetpack_newsletter_tier_id":0,"_jetpack_memberships_contains_paywalled_content":false,"_mbp_banners":[],"_jetpack_feature_clip_id":0,"_jetpack_memberships_contains_paid_content":false,"footnotes":"","jetpack_publicize_message":"","jetpack_publicize_feature_enabled":true,"jetpack_social_post_already_shared":true,"jetpack_social_options":{"image_generator_settings":{"template":"highway","default_image_id":0,"font":"","enabled":false},"version":2},"jetpack_post_was_ever_published":false},"categories":[24],"tags":[],"class_list":["post-26465","post","type-post","status-publish","format-standard","has-post-thumbnail","category-economia"],"jetpack_publicize_connections":[],"jetpack-related-posts":[],"jetpack_shortlink":"https:\/\/wp.me\/p7Eq1F-6SR","jetpack_sharing_enabled":true,"jetpack_featured_media_url":"https:\/\/i0.wp.com\/guialimeira.com.br\/news\/wp-content\/uploads\/2025\/03\/inlacao1.jpg?fit=1600%2C800&ssl=1","_links":{"self":[{"href":"https:\/\/guialimeira.com.br\/news\/wp-json\/wp\/v2\/posts\/26465","targetHints":{"allow":["GET"]}}],"collection":[{"href":"https:\/\/guialimeira.com.br\/news\/wp-json\/wp\/v2\/posts"}],"about":[{"href":"https:\/\/guialimeira.com.br\/news\/wp-json\/wp\/v2\/types\/post"}],"author":[{"embeddable":true,"href":"https:\/\/guialimeira.com.br\/news\/wp-json\/wp\/v2\/users\/1"}],"replies":[{"embeddable":true,"href":"https:\/\/guialimeira.com.br\/news\/wp-json\/wp\/v2\/comments?post=26465"}],"version-history":[{"count":0,"href":"https:\/\/guialimeira.com.br\/news\/wp-json\/wp\/v2\/posts\/26465\/revisions"}],"wp:featuredmedia":[{"embeddable":true,"href":"https:\/\/guialimeira.com.br\/news\/wp-json\/wp\/v2\/media\/26466"}],"wp:attachment":[{"href":"https:\/\/guialimeira.com.br\/news\/wp-json\/wp\/v2\/media?parent=26465"}],"wp:term":[{"taxonomy":"category","embeddable":true,"href":"https:\/\/guialimeira.com.br\/news\/wp-json\/wp\/v2\/categories?post=26465"},{"taxonomy":"post_tag","embeddable":true,"href":"https:\/\/guialimeira.com.br\/news\/wp-json\/wp\/v2\/tags?post=26465"}],"curies":[{"name":"wp","href":"https:\/\/api.w.org\/{rel}","templated":true}]}}