{"id":2646,"date":"2024-04-24T18:37:48","date_gmt":"2024-04-24T21:37:48","guid":{"rendered":"https:\/\/guialimeira.com.br\/2024\/04\/24\/biblioteca-municipal-exibe-filme-mudo-e-producao-nacional-no-sabado-27-04-portal-do-municipio-de-piracicaba\/"},"modified":"2024-04-24T18:37:48","modified_gmt":"2024-04-24T21:37:48","slug":"biblioteca-municipal-exibe-filme-mudo-e-producao-nacional-no-sabado-27-04-portal-do-municipio-de-piracicaba","status":"publish","type":"post","link":"https:\/\/guialimeira.com.br\/news\/biblioteca-municipal-exibe-filme-mudo-e-producao-nacional-no-sabado-27-04-portal-do-municipio-de-piracicaba\/","title":{"rendered":"Biblioteca Municipal exibe filme mudo e produ\u00e7\u00e3o nacional no s\u00e1bado, 27\/04 \u2013 Portal do Munic\u00edpio de Piracicaba"},"content":{"rendered":"<p> <br \/>\n<\/p>\n<div>\n<figure class=\"text-center\">\n<img data-recalc-dims=\"1\" width=\"696\" height=\"419\" src=\"https:\/\/i0.wp.com\/piracicaba.sp.gov.br\/wp-content\/uploads\/2024\/04\/Em-97-Era-Assim-lancado-em-2016-traz-a-historia-de-Renato-um-garoto-de-15-anos-e-seus-tres-melhores-amigos-1024x616.jpg?resize=696%2C419&#038;ssl=1\" class=\"img-fluid img-thumbnail border-1 wp-post-image\" alt=\"Em 97 Era Assim, lan\u00e7ado em 2016\" itemprop=\"image\" decoding=\"async\" fetchpriority=\"high\" srcset=\"https:\/\/piracicaba.sp.gov.br\/wp-content\/uploads\/2024\/04\/Em-97-Era-Assim-lancado-em-2016-traz-a-historia-de-Renato-um-garoto-de-15-anos-e-seus-tres-melhores-amigos-1024x616.jpg 1024w, https:\/\/piracicaba.sp.gov.br\/wp-content\/uploads\/2024\/04\/Em-97-Era-Assim-lancado-em-2016-traz-a-historia-de-Renato-um-garoto-de-15-anos-e-seus-tres-melhores-amigos-300x180.jpg 300w, https:\/\/piracicaba.sp.gov.br\/wp-content\/uploads\/2024\/04\/Em-97-Era-Assim-lancado-em-2016-traz-a-historia-de-Renato-um-garoto-de-15-anos-e-seus-tres-melhores-amigos-768x462.jpg 768w, https:\/\/piracicaba.sp.gov.br\/wp-content\/uploads\/2024\/04\/Em-97-Era-Assim-lancado-em-2016-traz-a-historia-de-Renato-um-garoto-de-15-anos-e-seus-tres-melhores-amigos.jpg 1400w\" sizes=\"(max-width: 1024px) 100vw, 1024px\"\/><figcaption class=\"text-center small fw-bold fst-italic mt-1\">Em 97 Era Assim, lan\u00e7ado em 2016<\/figcaption><\/figure>\n<p>O anfiteatro da Biblioteca Municipal Ricardo Ferraz de Arruda Pinto, equipamento mantido pela Prefeitura, por meio da Semac (Secretaria Municipal da A\u00e7\u00e3o Cultural), recebe duas sess\u00f5es gratuitas neste s\u00e1bado, 27\/04, dentro do projeto Cineteca: a produ\u00e7\u00e3o nacional Em 97 Era Assim, \u00e0s 15h, e um cl\u00e1ssico do cinema mudo Gabinete do Dr. Caligari, \u00e0s 19h. A entrada \u00e9 gratuita.<\/p>\n<p>As exibi\u00e7\u00f5es acontecem por meio de uma parceria entre a Biblioteca e o Misp (Museu da Imagem e do Som de Piracicaba), com apoio do MIS (Museu da Imagem e Som) de S\u00e3o Paulo e do projeto Pontos MIS.<\/p>\n<p>Em 97 Era Assim, lan\u00e7ado em 2016, traz a hist\u00f3ria de Renato, um garoto de 15 anos, e seus tr\u00eas melhores amigos querem perder a virgindade. A solu\u00e7\u00e3o encontrada \u00e9 recorrer a uma profissional, mas, para isso, precisam de dinheiro. Enquanto encaram os deveres escolares e os primeiros grandes amores, os quatro amigos tentam conseguir a verba necess\u00e1ria para cumprir seus objetivos e entrarem de vez na vida adulta. Nesta jornada, eles v\u00e3o descobrir algo que n\u00e3o se ensina nos livros do col\u00e9gio nem nas revistas masculinas: o valor da verdadeira amizade.<\/p>\n<p>J\u00e1 \u00e0 noite, o filme \u00e9 o cl\u00e1ssico Gabinete do Dr. Caligari, um filme mudo de 1920. Os amigos Francis e Alan fazem uma visita ao gabinete do Dr. Caligari, um misterioso hipnotizador. L\u00e1, eles conhecem Cesare, um homem son\u00e2mbulo que d\u00e1 previs\u00f5es funestas que se concretizam. Francis, est\u00e3o, come\u00e7a a espionar Cesare e resolve se infiltrar no gabinete do misterioso Dr. Caligari.<\/p>\n<p><strong>SERVI\u00c7O<\/strong>\u00a0\u2013 Cineteca na Biblioteca Municipal Ricardo Ferraz de Arruda Pinto. S\u00e1bado, 27\/04, com os filmes Em 97 Era Assim (Classifica\u00e7\u00e3o: 16 anos), \u00e0s 15h, e Gabinete do Dr. Caligari (Classifica\u00e7\u00e3o: 12 anos), \u00e0s 19h. Na rua Saldanha Marinho, 333.\u00a0<\/p>\n<\/div>\n<p><br \/>\n<br \/><a href=\"https:\/\/piracicaba.sp.gov.br\/noticias\/biblioteca-municipal-exibe-filme-mudo-e-producao-nacional-no-sabado-27-04\/\" rel=\"noopener\">Informa\u00e7\u00f5es PMP <\/a><\/p>\n","protected":false},"excerpt":{"rendered":"<p>Em 97 Era Assim, lan\u00e7ado em 2016 O anfiteatro da Biblioteca Municipal Ricardo Ferraz de Arruda Pinto, equipamento mantido pela Prefeitura, por meio da Semac (Secretaria Municipal da A\u00e7\u00e3o Cultural), recebe duas sess\u00f5es gratuitas neste s\u00e1bado, 27\/04, dentro do projeto Cineteca: a produ\u00e7\u00e3o nacional Em 97 Era Assim, \u00e0s 15h, e um cl\u00e1ssico do cinema [&hellip;]<\/p>\n","protected":false},"author":1,"featured_media":2647,"comment_status":"open","ping_status":"open","sticky":false,"template":"","format":"standard","meta":{"_jetpack_newsletter_access":"","_jetpack_dont_email_post_to_subs":false,"_jetpack_newsletter_tier_id":0,"_jetpack_memberships_contains_paywalled_content":false,"_mbp_banners":[],"_jetpack_feature_clip_id":0,"_jetpack_memberships_contains_paid_content":false,"footnotes":"","jetpack_publicize_message":"","jetpack_publicize_feature_enabled":true,"jetpack_social_post_already_shared":true,"jetpack_social_options":{"image_generator_settings":{"template":"highway","default_image_id":0,"font":"","enabled":false},"version":2},"jetpack_post_was_ever_published":false},"categories":[20],"tags":[],"class_list":["post-2646","post","type-post","status-publish","format-standard","has-post-thumbnail","category-regiao"],"jetpack_publicize_connections":[],"jetpack-related-posts":[],"jetpack_shortlink":"https:\/\/wp.me\/p7Eq1F-GG","jetpack_sharing_enabled":true,"jetpack_featured_media_url":"https:\/\/i0.wp.com\/guialimeira.com.br\/news\/wp-content\/uploads\/2024\/04\/Em-97-Era-Assim-lancado-em-2016-traz-a-historia-de-Renato-um-garoto-de-15-anos-e-seus-tres-melhores-amigos.jpg?fit=1400%2C842&ssl=1","_links":{"self":[{"href":"https:\/\/guialimeira.com.br\/news\/wp-json\/wp\/v2\/posts\/2646","targetHints":{"allow":["GET"]}}],"collection":[{"href":"https:\/\/guialimeira.com.br\/news\/wp-json\/wp\/v2\/posts"}],"about":[{"href":"https:\/\/guialimeira.com.br\/news\/wp-json\/wp\/v2\/types\/post"}],"author":[{"embeddable":true,"href":"https:\/\/guialimeira.com.br\/news\/wp-json\/wp\/v2\/users\/1"}],"replies":[{"embeddable":true,"href":"https:\/\/guialimeira.com.br\/news\/wp-json\/wp\/v2\/comments?post=2646"}],"version-history":[{"count":0,"href":"https:\/\/guialimeira.com.br\/news\/wp-json\/wp\/v2\/posts\/2646\/revisions"}],"wp:featuredmedia":[{"embeddable":true,"href":"https:\/\/guialimeira.com.br\/news\/wp-json\/wp\/v2\/media\/2647"}],"wp:attachment":[{"href":"https:\/\/guialimeira.com.br\/news\/wp-json\/wp\/v2\/media?parent=2646"}],"wp:term":[{"taxonomy":"category","embeddable":true,"href":"https:\/\/guialimeira.com.br\/news\/wp-json\/wp\/v2\/categories?post=2646"},{"taxonomy":"post_tag","embeddable":true,"href":"https:\/\/guialimeira.com.br\/news\/wp-json\/wp\/v2\/tags?post=2646"}],"curies":[{"name":"wp","href":"https:\/\/api.w.org\/{rel}","templated":true}]}}