{"id":26445,"date":"2025-03-12T11:02:58","date_gmt":"2025-03-12T14:02:58","guid":{"rendered":"https:\/\/guialimeira.com.br\/?p=26445"},"modified":"2025-03-12T11:02:58","modified_gmt":"2025-03-12T14:02:58","slug":"em-diligencia-helder-do-taxi-fiscaliza-as-condicoes-do-centro-comunitario-do-parque-hipolito","status":"publish","type":"post","link":"https:\/\/guialimeira.com.br\/news\/em-diligencia-helder-do-taxi-fiscaliza-as-condicoes-do-centro-comunitario-do-parque-hipolito\/","title":{"rendered":"Em dilig\u00eancia, Helder do T\u00e1xi fiscaliza as condi\u00e7\u00f5es do Centro Comunit\u00e1rio do Parque Hip\u00f3lito"},"content":{"rendered":"\n<figure class=\"wp-block-gallery has-nested-images columns-default is-cropped wp-block-gallery-1 is-layout-flex wp-block-gallery-is-layout-flex\"><\/figure>\n \r\n<br><img data-recalc-dims=\"1\" decoding=\"async\" src=\"https:\/\/i0.wp.com\/guialimeira.com.br\/wp-content\/uploads\/2025\/03\/2025-03-12_em-diligencia-helder-do-taxi-fiscaliza-as-condicoes-do-centro-comunitario-do-parque-hipol.jpeg?w=696&#038;ssl=1\" \/><br><div>\n\t\t\t\t\t<p>O Vereador Helder do Taxi (PSD) esteve, nesta ter\u00e7a-feira, 11 de mar\u00e7o, no Centro Comunit\u00e1rio do Parque Hip\u00f3lito, em dilig\u00eancia para fiscalizar as condi\u00e7\u00f5es da piscina. Por meio da Indica\u00e7\u00e3o <a href=\"https:\/\/consulta.limeira.sp.leg.br\/Documentos\/Documento\/369151\" rel=\"noopener\">N\u00ba 867\/2025<\/a>. ele solicitou melhorias \u00e0 Prefeitura para o local.<\/p><p>De acordo com o vereador, em 2024 ele destinou R$60 mil em emenda impositiva para a manuten\u00e7\u00e3o do Centro e est\u00e1 preocupado se o valor foi aplicado na reforma, uma vez que os recursos financeiros foram empenhados pelo Executivo.<\/p><p>Na vistoria, o parlamentar conversou com alunos de hidrogin\u00e1stica, que mostraram-se incomodados com as condi\u00e7\u00f5es da \u00e1gua da piscina, segundo eles a \u00e1gua fica muito suja ap\u00f3s o uso aos finais de semana. Tamb\u00e9m relataram falta de seguran\u00e7a e a necessidade de melhorias nos banheiros e vesti\u00e1rios. Outro pedido foi em rela\u00e7\u00e3o \u00e0s barras de apoio rec\u00e9m colocadas. Conforme relato dos usu\u00e1rios elas j\u00e1 est\u00e3o se soltando e precisam ser fixadas corretamente.<\/p><p>Esteve presente na reuni\u00e3o a representante da Secretaria de Esportes, Patr\u00edcia Oliveira Benvenuto Rossi, que esclareceu as d\u00favidas dos alunos, bem como se prontificou a buscar melhorias junto \u00e0 pasta.<\/p><p>\u201cAgradecemos ao secret\u00e1rio de Esportes Jo\u00e3o Gomes J\u00fanior, bem como ao prefeito Murilo F\u00e9lix, os quais acreditamos que atender\u00e3o os pedidos de melhorias pleiteadas na reuni\u00e3o\u201d, declarou o vereador.<\/p><p><i>Do Gabinete Parlamentar \u2013 Vereador Helder do T\u00e1xi (PSD)<\/i><\/p><p><i>*Fotos do Gabinete parlamentar<\/i><\/p><p><strong>As mat\u00e9rias de origem dos Gabinetes Parlamentares s\u00e3o de inteira\u00a0 responsabilidade dos parlamentares e de suas assessorias. S\u00e3o devidamente assinadas e n\u00e3o refletem, necessariamente, a opini\u00e3o institucional da C\u00e2mara Municipal de Limeira.<\/strong><\/p>\t\t\t\t<\/div>\r\n<br>\r\n<br><a href=\"https:\/\/www.limeira.sp.leg.br\/noticias\/view\/2025-03-12_em-diligencia-helder-do-taxi-fiscaliza-as-condicoes-do-centro-comunitario-do-parque-hipolito\" rel=\"noopener\">Informa\u00e7\u00f5es CML <\/a>","protected":false},"excerpt":{"rendered":"<p>O Vereador Helder do Taxi (PSD) esteve, nesta ter\u00e7a-feira, 11 de mar\u00e7o, no Centro Comunit\u00e1rio do Parque Hip\u00f3lito, em dilig\u00eancia para fiscalizar as condi\u00e7\u00f5es da piscina. Por meio da Indica\u00e7\u00e3o N\u00ba 867\/2025. ele solicitou melhorias \u00e0 Prefeitura para o local. De acordo com o vereador, em 2024 ele destinou R$60 mil em emenda impositiva para [&hellip;]<\/p>\n","protected":false},"author":1,"featured_media":26446,"comment_status":"open","ping_status":"open","sticky":false,"template":"","format":"standard","meta":{"_jetpack_newsletter_access":"","_jetpack_dont_email_post_to_subs":false,"_jetpack_newsletter_tier_id":0,"_jetpack_memberships_contains_paywalled_content":false,"_mbp_banners":[],"_jetpack_feature_clip_id":0,"_jetpack_memberships_contains_paid_content":false,"footnotes":"","jetpack_publicize_message":"","jetpack_publicize_feature_enabled":true,"jetpack_social_post_already_shared":true,"jetpack_social_options":{"image_generator_settings":{"template":"highway","default_image_id":0,"font":"","enabled":false},"version":2},"jetpack_post_was_ever_published":false},"categories":[19],"tags":[],"class_list":["post-26445","post","type-post","status-publish","format-standard","has-post-thumbnail","category-politica"],"jetpack_publicize_connections":[],"jetpack-related-posts":[],"jetpack_shortlink":"https:\/\/wp.me\/p7Eq1F-6Sx","jetpack_sharing_enabled":true,"jetpack_featured_media_url":"https:\/\/i0.wp.com\/guialimeira.com.br\/news\/wp-content\/uploads\/2025\/03\/Em-diligencia-Helder-do-Taxi-fiscaliza-as-condicoes-do-Centro.jpeg?fit=1280%2C640&ssl=1","_links":{"self":[{"href":"https:\/\/guialimeira.com.br\/news\/wp-json\/wp\/v2\/posts\/26445","targetHints":{"allow":["GET"]}}],"collection":[{"href":"https:\/\/guialimeira.com.br\/news\/wp-json\/wp\/v2\/posts"}],"about":[{"href":"https:\/\/guialimeira.com.br\/news\/wp-json\/wp\/v2\/types\/post"}],"author":[{"embeddable":true,"href":"https:\/\/guialimeira.com.br\/news\/wp-json\/wp\/v2\/users\/1"}],"replies":[{"embeddable":true,"href":"https:\/\/guialimeira.com.br\/news\/wp-json\/wp\/v2\/comments?post=26445"}],"version-history":[{"count":1,"href":"https:\/\/guialimeira.com.br\/news\/wp-json\/wp\/v2\/posts\/26445\/revisions"}],"predecessor-version":[{"id":26447,"href":"https:\/\/guialimeira.com.br\/news\/wp-json\/wp\/v2\/posts\/26445\/revisions\/26447"}],"wp:featuredmedia":[{"embeddable":true,"href":"https:\/\/guialimeira.com.br\/news\/wp-json\/wp\/v2\/media\/26446"}],"wp:attachment":[{"href":"https:\/\/guialimeira.com.br\/news\/wp-json\/wp\/v2\/media?parent=26445"}],"wp:term":[{"taxonomy":"category","embeddable":true,"href":"https:\/\/guialimeira.com.br\/news\/wp-json\/wp\/v2\/categories?post=26445"},{"taxonomy":"post_tag","embeddable":true,"href":"https:\/\/guialimeira.com.br\/news\/wp-json\/wp\/v2\/tags?post=26445"}],"curies":[{"name":"wp","href":"https:\/\/api.w.org\/{rel}","templated":true}]}}