{"id":26443,"date":"2025-03-12T10:59:52","date_gmt":"2025-03-12T13:59:52","guid":{"rendered":"https:\/\/guialimeira.com.br\/2025\/03\/12\/inflacao-de-fevereiro-fica-em-131\/"},"modified":"2025-03-12T10:59:52","modified_gmt":"2025-03-12T13:59:52","slug":"inflacao-de-fevereiro-fica-em-131","status":"publish","type":"post","link":"https:\/\/guialimeira.com.br\/news\/inflacao-de-fevereiro-fica-em-131\/","title":{"rendered":"Infla\u00e7\u00e3o de fevereiro fica em 1,31%,"},"content":{"rendered":"<p> <br \/>\n<\/p>\n<div>\n<p>Sem o desconto na conta de luz que ajudou a <a href=\"https:\/\/agenciabrasil.ebc.com.br\/radioagencia-nacional\/economia\/audio\/2025-02\/inflacao-oficial-de-janeiro-recua-para-016#\" target=\"_blank\" rel=\"noopener\">segurar a infla\u00e7\u00e3o em janeiro<\/a>, o \u00cdndice Nacional de Pre\u00e7os ao Consumidor Amplo, a\u00a0<a href=\"https:\/\/agenciabrasil.ebc.com.br\/tags\/ipca\" target=\"_blank\" rel=\"noopener\">infla\u00e7\u00e3o oficial<\/a>, fechou fevereiro em 1,31%. \u00c9 o maior resultado desde mar\u00e7o de 2022, quando tinha marcado 1,62%\u00a0e o mais alto para um m\u00eas de fevereiro desde 2003 (1,57%).<img data-recalc-dims=\"1\" decoding=\"async\" src=\"https:\/\/i0.wp.com\/agenciabrasil.ebc.com.br\/ebc.png?w=696&#038;ssl=1\" style=\"width:1px; height:1px; display:inline;\"\/><img data-recalc-dims=\"1\" decoding=\"async\" src=\"https:\/\/i0.wp.com\/agenciabrasil.ebc.com.br\/ebc.gif?w=696&#038;ssl=1\" style=\"width:1px; height:1px; display:inline;\"\/><\/p>\n<p>Os dados divulgados nesta quarta-feira (12) pelo <a href=\"https:\/\/www.ibge.gov.br\/pt\/inicio.html\" target=\"_blank\" rel=\"noopener\">Instituto Brasileiro de Geografia e Estat\u00edstica<\/a> (IBGE) mostram que no acumulado de 12 meses, o IPCA soma 5,06%, o patamar mais alto desde setembro de 2023 (5,19%) e fica acima da meta do governo &#8211; de 3%, com toler\u00e2ncia de 1,5 ponto percentual para mais ou para menos, ou seja, um intervalo de 1,5% a 4,5%.\u00a0<\/p>\n<p>Desde o in\u00edcio de 2025, o per\u00edodo de avalia\u00e7\u00e3o da meta \u00e9 referente aos 12 meses imediatamente passados e n\u00e3o apenas o alcan\u00e7ado no fim do ano (dezembro). A meta s\u00f3 \u00e9 considerada descumprida se estourar o intervalo de toler\u00e2ncia por seis meses seguidos.<\/p>\n<p>Em janeiro, o acumulado de 12 meses ficou em 4,56%, ou seja, neste novo modelo de acompanhamento de meta, fevereiro \u00e9 o segundo m\u00eas fora da toler\u00e2ncia.<\/p>\n<h2>Conta de luz<\/h2>\n<p>A alta da energia el\u00e9trica, de 16,8%, foi o que mais pressionou a infla\u00e7\u00e3o. Essa varia\u00e7\u00e3o representa impacto de 0,56 ponto percentual no \u00edndice. A explica\u00e7\u00e3o est\u00e1 no efeito estat\u00edstico causado pelo fim do B\u00f4nus Itaipu \u2013 desconto que os brasileiros receberam na conta de luz em janeiro e fez com que a infla\u00e7\u00e3o daquele m\u00eas ficasse em 0,16%.<\/p>\n<p><a href=\"https:\/\/agenciabrasil.ebc.com.br\/economia\/noticia\/2025-01\/saiba-o-que-e-o-bonus-na-conta-de-luz-que-ajudou-a-segurar-inflacao\" target=\"_blank\" rel=\"noopener\">Saiba o que \u00e9 o b\u00f4nus na conta de luz<\/a> que ajudou a segurar a infla\u00e7\u00e3o em janeiro.<\/p>\n<p>Sem o desconto em fevereiro, o pre\u00e7o da energia d\u00e1 um salto no m\u00eas seguinte. Isso fez com que o item habita\u00e7\u00e3o passasse de -3,08% em janeiro para 4,44% em fevereiro, exercendo o maior impacto (0,65 ponto percentual) inflacion\u00e1rio do m\u00eas.<\/p>\n<p>\u201cO subitem energia el\u00e9trica residencial passou de uma queda de 14,21% em janeiro para uma alta de 16,80% em fevereiro\u201d, explica o gerente do IPCA, Fernando Gon\u00e7alves.<\/p>\n<p>De acordo com Gon\u00e7alves, se o impacto da energia el\u00e9trica fosse retirado do c\u00e1lculo, a infla\u00e7\u00e3o teria sido de 0,78%, o maior desde fevereiro de 2024 (0,83%).<\/p>\n<h2>Mensalidades escolares<\/h2>\n<p>O segundo grande peso de alta de pre\u00e7os em fevereiro foi a educa\u00e7\u00e3o, que subiu 4,7%, representando impacto de 0,28%. A explica\u00e7\u00e3o est\u00e1 nos tradicionais reajustes de mensalidades escolares, com destaque para o ensino fundamental (7,51%), ensino m\u00e9dio (7,27%) e pr\u00e9-escola (7,02%).<\/p>\n<h2>Alimentos sobem menos<\/h2>\n<p>Uma das grandes preocupa\u00e7\u00f5es atuais do governo,\u00a0o <a href=\"https:\/\/agenciabrasil.ebc.com.br\/politica\/noticia\/2025-03\/lula-cogita-tomar-medidas-drasticas-conter-alta-dos-alimentos\" target=\"_blank\" rel=\"noopener\">pre\u00e7o dos alimentos<\/a> desacelerou em fevereiro, ou seja, continuaram subindo, no entanto em menor velocidade.<\/p>\n<p>A alta ficou em 0,70% (impacto de 0,15 ponto percentual), ante 0,96% de janeiro (0,96%).<\/p>\n<p>Os maiores impactos no grupo alimentos e bebidas foram o caf\u00e9 mo\u00eddo, que subiu 10,77% (impacto de 0,06%) e o ovo de galinha, com alta de 15,39% e impacto de 0,04 ponto percentual.<\/p>\n<p>\u201cO caf\u00e9, com problemas na safra, est\u00e1 em trajet\u00f3ria de alta desde janeiro de 2024. J\u00e1 o aumento do ovo se justifica pela alta na exporta\u00e7\u00e3o, ap\u00f3s problemas relacionados \u00e0 gripe avi\u00e1ria nos Estados Unidos\u00a0e\u00a0tamb\u00e9m\u00a0pela maior demanda devido \u00e0 volta \u00e0s aulas. Al\u00e9m disso, o calor prejudica a produ\u00e7\u00e3o, reduzindo a oferta\u201d, diz\u00a0o gerente do IPCA.\u00a0<\/p>\n<p>Em 12 meses, o caf\u00e9 subiu\u00a066,18%.<\/p>\n<p>Cerca de 92% do resultado do IPCA de fevereiro est\u00e3o concentrados em quatro dos nove grupos de produtos e servi\u00e7os pesquisados: habita\u00e7\u00e3o, educa\u00e7\u00e3o, alimenta\u00e7\u00e3o e bebidas e transportes.<\/p>\n<h2>Transportes<\/h2>\n<p>O grupo transportes subiu 0,61% (impacto de 0,13 ponto percentual), abaixo do registrado em janeiro (1,30%). O reajuste no Imposto sobre Circula\u00e7\u00e3o de Mercadorias e Servi\u00e7os (ICMS), tributo estadual, <a href=\"https:\/\/agenciabrasil.ebc.com.br\/economia\/noticia\/2025-01\/preco-de-combustiveis-sobe-partir-deste-sabado\" target=\"_blank\" rel=\"noopener\">influenciou o aumento de 2,89% nos combust\u00edveis<\/a>.<\/p>\n<p>A gasolina ficou 2,78% mais cara e representou a segunda maior press\u00e3o em todos os produtos e servi\u00e7os pesquisados pelo IBGE \u2013 impacto de 0,14 ponto percentual. O \u00f3leo diesel subiu 4,35%, e o etanol, 3,62%. O impacto da gasolina \u00e9 maior que o dos demais combust\u00edveis pois \u00e9 um produto que tem mais peso na cesta de consumo das fam\u00edlias.<\/p>\n<h2>Espalhamento<\/h2>\n<p>O \u00edndice de difus\u00e3o do IPCA de fevereiro ficou em 61%. Isso significa\u00a0que dos 377 subitens (produtos e servi\u00e7os) pesquisados pelo IBGE, 61% apresentaram eleva\u00e7\u00e3o de\u00a0pre\u00e7o. Em dezembro, o patamar era de 69%; em janeiro, 65%.<\/p>\n<p>Se forem considerados apenas os produtos aliment\u00edcios, o \u00edndice de difus\u00e3o de fevereiro cai para 55%.<\/p>\n<h2>Resultado dos grupos<\/h2>\n<p>Educa\u00e7\u00e3o: 4,70% (0,28 ponto percentual)<\/p>\n<p>Habita\u00e7\u00e3o: 4,44% (0,65 p.p.)<\/p>\n<p>Alimenta\u00e7\u00e3o e bebidas: 0,70% (0,15 p.p.)<\/p>\n<p>Transportes: 0,61% (0,13 p.p.)<\/p>\n<p>Sa\u00fade e cuidados pessoais: 0,49% (0,07 p.p.)<\/p>\n<p>Artigos de resid\u00eancia: 0,44% (0,01 p.p.)<\/p>\n<p>Comunica\u00e7\u00e3o: 0,17% (0,01 p.p.)<\/p>\n<p>Despesas pessoais: 0,13% (0,01 p.p.)<\/p>\n<p>Vestu\u00e1rio: 0% (0 p.p.)<\/p>\n<h2>Principais impactos positivos de fevereiro<\/h2>\n<p>Energia el\u00e9trica residencial: 16,80% (0,56 p.p.)<\/p>\n<p>Gasolina: 2,78% (0,14 p.p.)<\/p>\n<p>Ensino fundamental: 7,51% (0,12 p.p.)<\/p>\n<p>Ensino superior: 4,11% (0,07 p.p.)<\/p>\n<p>Caf\u00e9 mo\u00eddo: 10,77% (0,06 p.p.)<\/p>\n<p>Aluguel residencial: 1,36% (0,05 p.p.)<\/p>\n<p>Ovo de galinha: 15,39% (0,04 p.p.)<\/p>\n<p>\u00d4nibus urbano: 3,00% (0,03 p.p.)<\/p>\n<p>Condom\u00ednio: 1,33% (0,03 p.p.)<\/p>\n<p>Ensino m\u00e9dio: 7,27% (0,03 p.p.)<\/p>\n<p>Etanol: 3,62% (0,02 p.p.)<\/p>\n<p>Plano de sa\u00fade: 0,57% (0,02 p.p.)<\/p>\n<p>Pr\u00e9-escola: 7,02% (0,02 p.p.)<\/p>\n<h2>Principais impactos negativos de fevereiro<\/h2>\n<p>Passagem a\u00e9rea: -20,46% (-0,16 p.p.)<\/p>\n<p>Cinema, teatro e concertos: -6,96% (-0,03 p.p.)<\/p>\n<p>Arroz: -1,61% (-0,01 p.p.)<\/p>\n<p>Leite longa vida: -1,04% (-0,01 p.p.)<\/p>\n<p>Batata-inglesa: -4,10% (-0,01 p.p.)<\/p>\n<p>Banana-d&#8217;\u00e1gua: -5,07% (-0,01 p.p.)<\/p>\n<p>Laranja-pera: -3,49% (-0,01 p.p.)<\/p>\n<p>\u00d3leo de soja: -1,98% (-0,01 p.p.)<\/p>\n<p>O IPCA apura o custo de vida para\u00a0fam\u00edlias com rendimentos entre um e 40 sal\u00e1rios m\u00ednimos. A coleta de pre\u00e7os \u00e9 feita em dez regi\u00f5es metropolitanas &#8211; Bel\u00e9m, Fortaleza, Recife, Salvador, Belo Horizonte, Vit\u00f3ria, Rio de Janeiro, S\u00e3o Paulo, Curitiba, Porto Alegre &#8211; al\u00e9m de Bras\u00edlia e nas capitais Goi\u00e2nia, Campo Grande, Rio Branco, S\u00e3o Lu\u00eds e Aracaju.<\/p>\n<p><a href=\"https:\/\/agenciabrasil.ebc.com.br\/economia\/noticia\/2024-06\/entenda-como-funciona-o-calculo-das-taxas-de-inflacao\" target=\"_blank\" rel=\"noopener\">Entenda os diferentes \u00edndices de infla\u00e7\u00e3o<\/a>.\u00a0<\/p>\n<p>      <!-- Relacionada --><\/p>\n<p>            <!-- Relacionada -->\n    <\/div>\n<p><br \/>\n<br \/><a href=\"https:\/\/agenciabrasil.ebc.com.br\/economia\/noticia\/2025-03\/inflacao-de-fevereiro-fica-em-131-maior-desde-marco-de-2022\" rel=\"noopener\">Ag\u00eancia Brasil<\/a><\/p>\n","protected":false},"excerpt":{"rendered":"<p>Sem o desconto na conta de luz que ajudou a segurar a infla\u00e7\u00e3o em janeiro, o \u00cdndice Nacional de Pre\u00e7os ao Consumidor Amplo, a\u00a0infla\u00e7\u00e3o oficial, fechou fevereiro em 1,31%. \u00c9 o maior resultado desde mar\u00e7o de 2022, quando tinha marcado 1,62%\u00a0e o mais alto para um m\u00eas de fevereiro desde 2003 (1,57%). Os dados divulgados [&hellip;]<\/p>\n","protected":false},"author":1,"featured_media":8769,"comment_status":"open","ping_status":"open","sticky":false,"template":"","format":"standard","meta":{"_jetpack_newsletter_access":"","_jetpack_dont_email_post_to_subs":false,"_jetpack_newsletter_tier_id":0,"_jetpack_memberships_contains_paywalled_content":false,"_mbp_banners":[],"_jetpack_feature_clip_id":0,"_jetpack_memberships_contains_paid_content":false,"footnotes":"","jetpack_publicize_message":"","jetpack_publicize_feature_enabled":true,"jetpack_social_post_already_shared":true,"jetpack_social_options":{"image_generator_settings":{"template":"highway","default_image_id":0,"font":"","enabled":false},"version":2},"jetpack_post_was_ever_published":false},"categories":[24],"tags":[],"class_list":["post-26443","post","type-post","status-publish","format-standard","has-post-thumbnail","category-economia"],"jetpack_publicize_connections":[],"jetpack-related-posts":[],"jetpack_shortlink":"https:\/\/wp.me\/p7Eq1F-6Sv","jetpack_sharing_enabled":true,"jetpack_featured_media_url":"https:\/\/i0.wp.com\/guialimeira.com.br\/news\/wp-content\/uploads\/2024\/06\/1016075-28042016-capa-img_1454a-.jpg?fit=1600%2C800&ssl=1","_links":{"self":[{"href":"https:\/\/guialimeira.com.br\/news\/wp-json\/wp\/v2\/posts\/26443","targetHints":{"allow":["GET"]}}],"collection":[{"href":"https:\/\/guialimeira.com.br\/news\/wp-json\/wp\/v2\/posts"}],"about":[{"href":"https:\/\/guialimeira.com.br\/news\/wp-json\/wp\/v2\/types\/post"}],"author":[{"embeddable":true,"href":"https:\/\/guialimeira.com.br\/news\/wp-json\/wp\/v2\/users\/1"}],"replies":[{"embeddable":true,"href":"https:\/\/guialimeira.com.br\/news\/wp-json\/wp\/v2\/comments?post=26443"}],"version-history":[{"count":0,"href":"https:\/\/guialimeira.com.br\/news\/wp-json\/wp\/v2\/posts\/26443\/revisions"}],"wp:featuredmedia":[{"embeddable":true,"href":"https:\/\/guialimeira.com.br\/news\/wp-json\/wp\/v2\/media\/8769"}],"wp:attachment":[{"href":"https:\/\/guialimeira.com.br\/news\/wp-json\/wp\/v2\/media?parent=26443"}],"wp:term":[{"taxonomy":"category","embeddable":true,"href":"https:\/\/guialimeira.com.br\/news\/wp-json\/wp\/v2\/categories?post=26443"},{"taxonomy":"post_tag","embeddable":true,"href":"https:\/\/guialimeira.com.br\/news\/wp-json\/wp\/v2\/tags?post=26443"}],"curies":[{"name":"wp","href":"https:\/\/api.w.org\/{rel}","templated":true}]}}