{"id":26429,"date":"2025-03-12T08:42:11","date_gmt":"2025-03-12T11:42:11","guid":{"rendered":"https:\/\/guialimeira.com.br\/?p=26429"},"modified":"2025-03-12T08:42:11","modified_gmt":"2025-03-12T11:42:11","slug":"camara-aprova-atendimento-prioritario-para-maes-e-pais-atipicos-no-sus","status":"publish","type":"post","link":"https:\/\/guialimeira.com.br\/news\/camara-aprova-atendimento-prioritario-para-maes-e-pais-atipicos-no-sus\/","title":{"rendered":"C\u00e2mara aprova atendimento priorit\u00e1rio para m\u00e3es e pais at\u00edpicos no SUS"},"content":{"rendered":"\n<figure class=\"wp-block-gallery has-nested-images columns-default is-cropped wp-block-gallery-1 is-layout-flex wp-block-gallery-is-layout-flex\">\n<figure class=\"wp-block-image size-large\"><\/figure>\n\t\t\t\t\t\n<figure class=\"wp-block-image size-large\"><img loading=\"lazy\" decoding=\"async\" width=\"1\" height=\"1\" data-attachment-id=\"26427\" data-permalink=\"https:\/\/guialimeira.com.br\/news\/camara-aprova-atendimento-prioritario-para-maes-e-pais-atipicos-no-2\/\" data-orig-file=\"https:\/\/i0.wp.com\/guialimeira.com.br\/news\/wp-content\/uploads\/2025\/03\/1741779727_34_ebc.gif?fit=1%2C1&amp;ssl=1\" data-orig-size=\"1,1\" data-comments-opened=\"1\" data-image-meta=\"{&quot;aperture&quot;:&quot;0&quot;,&quot;credit&quot;:&quot;&quot;,&quot;camera&quot;:&quot;&quot;,&quot;caption&quot;:&quot;&quot;,&quot;created_timestamp&quot;:&quot;0&quot;,&quot;copyright&quot;:&quot;&quot;,&quot;focal_length&quot;:&quot;0&quot;,&quot;iso&quot;:&quot;0&quot;,&quot;shutter_speed&quot;:&quot;0&quot;,&quot;title&quot;:&quot;&quot;,&quot;orientation&quot;:&quot;0&quot;}\" data-image-title=\"C\u00e2mara aprova atendimento priorit\u00e1rio para m\u00e3es e pais at\u00edpicos no\" data-image-description=\"\" data-image-caption=\"\" data-large-file=\"https:\/\/i0.wp.com\/guialimeira.com.br\/news\/wp-content\/uploads\/2025\/03\/1741779727_34_ebc.gif?fit=1%2C1&amp;ssl=1\" data-id=\"26427\" src=\"https:\/\/i0.wp.com\/guialimeira.com.br\/wp-content\/uploads\/2025\/03\/1741779727_34_ebc.gif?resize=1%2C1&amp;ssl=1\" alt=\"\" class=\"wp-image-26427\" \/><\/figure>\n\t\t\t\t\t\n<figure class=\"wp-block-image size-large\"><img loading=\"lazy\" decoding=\"async\" width=\"463\" height=\"285\" data-attachment-id=\"26428\" data-permalink=\"https:\/\/guialimeira.com.br\/news\/camara-aprova-atendimento-prioritario-para-maes-e-pais-atipicos-no-3\/\" data-orig-file=\"https:\/\/i0.wp.com\/guialimeira.com.br\/news\/wp-content\/uploads\/2025\/03\/img20250311173238921.jpg?fit=463%2C285&amp;ssl=1\" data-orig-size=\"463,285\" data-comments-opened=\"1\" data-image-meta=\"{&quot;aperture&quot;:&quot;0&quot;,&quot;credit&quot;:&quot;&quot;,&quot;camera&quot;:&quot;&quot;,&quot;caption&quot;:&quot;&quot;,&quot;created_timestamp&quot;:&quot;0&quot;,&quot;copyright&quot;:&quot;&quot;,&quot;focal_length&quot;:&quot;0&quot;,&quot;iso&quot;:&quot;0&quot;,&quot;shutter_speed&quot;:&quot;0&quot;,&quot;title&quot;:&quot;&quot;,&quot;orientation&quot;:&quot;0&quot;}\" data-image-title=\"C\u00e2mara aprova atendimento priorit\u00e1rio para m\u00e3es e pais at\u00edpicos no\" data-image-description=\"\" data-image-caption=\"\" data-large-file=\"https:\/\/i0.wp.com\/guialimeira.com.br\/news\/wp-content\/uploads\/2025\/03\/img20250311173238921.jpg?fit=463%2C285&amp;ssl=1\" data-id=\"26428\" src=\"https:\/\/i0.wp.com\/guialimeira.com.br\/wp-content\/uploads\/2025\/03\/img20250311173238921.jpg?resize=150%2C150&amp;ssl=1\" alt=\"\" class=\"wp-image-26428\" \/><\/figure>\n\t\t\t\t\t<\/figure>\n \r\n<br><div>\n                    <p>A C\u00e2mara dos Deputados aprovou nesta ter\u00e7a-feira (11) o <a href=\"https:\/\/www.camara.leg.br\/proposicoesWeb\/fichadetramitacao?idProposicao=2369957\" target=\"_blank\" rel=\"noopener\">Projeto de Lei 3124\/23<\/a>, que prev\u00ea atendimento priorit\u00e1rio de m\u00e3es e pais at\u00edpicos na rede do Sistema \u00danico de Sa\u00fade (SUS), incluindo o atendimento psicossocial. O projeto tamb\u00e9m regulamenta o uso do cord\u00e3o que traz o s\u00edmbolo do quebra-cabe\u00e7as para pessoas com transtorno do espectro autista.\u00a0<img data-recalc-dims=\"1\" decoding=\"async\" src=\"https:\/\/i0.wp.com\/guialimeira.com.br\/wp-content\/uploads\/2025\/03\/1741779727_961_ebc.png?w=696&#038;ssl=1\" style=\"width:1px;height:1px\" \/><img data-recalc-dims=\"1\" decoding=\"async\" src=\"https:\/\/i0.wp.com\/guialimeira.com.br\/wp-content\/uploads\/2025\/03\/1741779727_34_ebc.gif?w=696&#038;ssl=1\" style=\"width:1px;height:1px\" \/><\/p>\n\n<p><strong>Segundo o projeto, pais at\u00edpicos s\u00e3o aqueles que criam filhos com necessidades especiais, sejam f\u00edsicas, cognitivas, emocionais ou comportamentais, como transtorno do espectro autista (TEA), s\u00edndrome de Down, transtorno do d\u00e9ficit de aten\u00e7\u00e3o e hiperatividade (TDAH) e paralisia cerebral, entre outras condi\u00e7\u00f5es.\u00a0<\/strong><\/p>\n\n<p>\u201cComo esses pais enfrentam desafios \u00fanicos, que v\u00e3o desde a busca por terapias adequadas e inclus\u00e3o escolar at\u00e9 o equil\u00edbrio emocional diante das demandas di\u00e1rias, priorizar a aten\u00e7\u00e3o a eles \u00e9 fundamental para garantir suporte adequado, tanto em pol\u00edticas p\u00fablicas quanto em redes de apoio, de modo a reduzir a sobrecarga e fomentar um ambiente mais inclusivo e acolhedor\u201d, disse a relatora do projeto, deputada Simone Marquetto (MDB-SP).\u00a0<\/p>\n\n<p>A proposta oferece diretrizes e a\u00e7\u00f5es para prote\u00e7\u00e3o e acompanhamento psicol\u00f3gico e terap\u00eautico para os respons\u00e1veis pela cria\u00e7\u00e3o de filhos com defici\u00eancia, s\u00edndromes, transtornos e doen\u00e7as raras. O mesmo tratamento ser\u00e1 dado a cuidadores respons\u00e1veis pela guarda e prote\u00e7\u00e3o dessas pessoas.\u00a0<\/p>\n\n<h2>Depoimentos<\/h2>\n\n<div class=\"dnd-widget-wrapper context-grande_6colunas type-image atom-align-left\"><div class=\"dnd-atom-rendered\"><!-- scald=417179:grande_6colunas {\"additionalClasses\":\"\"} -->\n            <img data-recalc-dims=\"1\" decoding=\"async\" src=\"https:\/\/i0.wp.com\/guialimeira.com.br\/wp-content\/uploads\/2025\/03\/img20250311173238921.jpg?w=696&#038;ssl=1\" alt=\"Bras\u00edlia (DF), 11\/03\/2025 - Dep. Marcos Pollon (PL-MS) fala durante sess\u00e3o de discuss\u00e3o e vota\u00e7\u00e3o de propostas legislativas no plen\u00e1rio da C\u00e2mara dos Deputados. Foto: Kayo Magalhaes\/Ag\u00eancia C\u00e2mara\" title=\"Kayo Magalhaes\/Ag\u00eancia C\u00e2mara\" \/>\n        <img data-recalc-dims=\"1\" decoding=\"async\" src=\"https:\/\/i0.wp.com\/guialimeira.com.br\/wp-content\/uploads\/2025\/03\/img20250311173238921.jpg?w=696&#038;ssl=1\" alt=\"Bras\u00edlia (DF), 11\/03\/2025 - Dep. Marcos Pollon (PL-MS) fala durante sess\u00e3o de discuss\u00e3o e vota\u00e7\u00e3o de propostas legislativas no plen\u00e1rio da C\u00e2mara dos Deputados. Foto: Kayo Magalhaes\/Ag\u00eancia C\u00e2mara\" title=\"Kayo Magalhaes\/Ag\u00eancia C\u00e2mara\" \/>\n    <!-- END scald=417179 --><\/div><div class=\"dnd-caption-wrapper\">\n<p><!--copyright=417179-->O deputado Marcos Pollon emociona-se ao lembrar que recebeu o diagn\u00f3stico de autismo no ano passado &#8211;<strong> Foto: Kayo Magalhaes\/Ag\u00eancia C\u00e2mara<\/strong><!--END copyright=417179--><br \/>\n<\/p>\n<\/div><\/div>\n\n<p>A aprova\u00e7\u00e3o da mat\u00e9ria uniu parlamentares de diversos partidos. Todas as bancadas orientaram pela aprova\u00e7\u00e3o da mat\u00e9ria, que ainda dever\u00e1 ser analisada pelo Senado.\u00a0<\/p>\n\n<p><strong>O deputado Marcos Pollon (PL-MS) emocionou-se ao contar que recebeu o diagn\u00f3stico de autismo no ano passado.<\/strong><\/p>\n\n<p>Usando o cord\u00e3o que identifica pessoas com transtorno do espectro autista, o parlamentar falou sobre as dificuldades enfrentadas pelas m\u00e3es at\u00edpicas.<\/p>\n\n<blockquote>\n<p>\u201cUma das maiores preocupa\u00e7\u00f5es de uma m\u00e3e at\u00edpica \u00e9 o que vai ser do filho quando n\u00e3o estiver mais com ela, porque a m\u00e3e toma esse cuidado de proteger. As m\u00e3es t\u00eam um sofrimento incomensur\u00e1vel para poder cuidar em um pa\u00eds com muito poucos acesso a recursos dessa realidade\u201d, disse o deputado.\u00a0<\/p>\n<\/blockquote>\n\n<p>O deputado Vicentinho (PT-SP) falou sobre as dificuldades de sua filha, Luana, que \u00e9 m\u00e3e de uma crian\u00e7a autista de 5 anos.\u00a0<\/p>\n\n<p><strong>&#8220;Eu sou um av\u00f4 at\u00edpico e acompanho diariamente o que acontece com nosso Bentinho amado e o que acontece com a Luana e com toda a fam\u00edlia. Eu sei que \u00e9 uma guerra cotidiana e como a m\u00e3e sofre&#8221;, disse Marcos, lembrando que esta \u00e9 uma luta de muitas m\u00e3es no pa\u00eds.\u00a0<\/strong><\/p>\n\n<p><em>*Com informa\u00e7\u00f5es da Ag\u00eancia C\u00e2mara de Not\u00edcias<\/em><\/p>\n\n      <!-- Relacionada -->\n              \n            <!-- Relacionada -->\n    <\/div>\r\n<br>\r\n<br><a href=\"https:\/\/agenciabrasil.ebc.com.br\/politica\/noticia\/2025-03\/camara-aprova-atendimento-prioritario-para-maes-e-pais-atipicos-no-sus\" rel=\"noopener\">Ag\u00eancia Brasil<\/a>","protected":false},"excerpt":{"rendered":"<p>A C\u00e2mara dos Deputados aprovou nesta ter\u00e7a-feira (11) o Projeto de Lei 3124\/23, que prev\u00ea atendimento priorit\u00e1rio de m\u00e3es e pais at\u00edpicos na rede do Sistema \u00danico de Sa\u00fade (SUS), incluindo o atendimento psicossocial. O projeto tamb\u00e9m regulamenta o uso do cord\u00e3o que traz o s\u00edmbolo do quebra-cabe\u00e7as para pessoas com transtorno do espectro autista.\u00a0 [&hellip;]<\/p>\n","protected":false},"author":1,"featured_media":26430,"comment_status":"open","ping_status":"open","sticky":false,"template":"","format":"standard","meta":{"_jetpack_newsletter_access":"","_jetpack_dont_email_post_to_subs":false,"_jetpack_newsletter_tier_id":0,"_jetpack_memberships_contains_paywalled_content":false,"_mbp_banners":[],"_jetpack_feature_clip_id":0,"_jetpack_memberships_contains_paid_content":false,"footnotes":"","jetpack_publicize_message":"","jetpack_publicize_feature_enabled":true,"jetpack_social_post_already_shared":true,"jetpack_social_options":{"image_generator_settings":{"template":"highway","default_image_id":0,"font":"","enabled":false},"version":2},"jetpack_post_was_ever_published":false},"categories":[19],"tags":[],"class_list":["post-26429","post","type-post","status-publish","format-standard","has-post-thumbnail","category-politica"],"jetpack_publicize_connections":[],"jetpack-related-posts":[],"jetpack_shortlink":"https:\/\/wp.me\/p7Eq1F-6Sh","jetpack_sharing_enabled":true,"jetpack_featured_media_url":"https:\/\/i0.wp.com\/guialimeira.com.br\/news\/wp-content\/uploads\/2025\/03\/Camara-aprova-atendimento-prioritario-para-maes-e-pais-atipicos-no.jpg?fit=1600%2C800&ssl=1","_links":{"self":[{"href":"https:\/\/guialimeira.com.br\/news\/wp-json\/wp\/v2\/posts\/26429","targetHints":{"allow":["GET"]}}],"collection":[{"href":"https:\/\/guialimeira.com.br\/news\/wp-json\/wp\/v2\/posts"}],"about":[{"href":"https:\/\/guialimeira.com.br\/news\/wp-json\/wp\/v2\/types\/post"}],"author":[{"embeddable":true,"href":"https:\/\/guialimeira.com.br\/news\/wp-json\/wp\/v2\/users\/1"}],"replies":[{"embeddable":true,"href":"https:\/\/guialimeira.com.br\/news\/wp-json\/wp\/v2\/comments?post=26429"}],"version-history":[{"count":1,"href":"https:\/\/guialimeira.com.br\/news\/wp-json\/wp\/v2\/posts\/26429\/revisions"}],"predecessor-version":[{"id":26431,"href":"https:\/\/guialimeira.com.br\/news\/wp-json\/wp\/v2\/posts\/26429\/revisions\/26431"}],"wp:featuredmedia":[{"embeddable":true,"href":"https:\/\/guialimeira.com.br\/news\/wp-json\/wp\/v2\/media\/26430"}],"wp:attachment":[{"href":"https:\/\/guialimeira.com.br\/news\/wp-json\/wp\/v2\/media?parent=26429"}],"wp:term":[{"taxonomy":"category","embeddable":true,"href":"https:\/\/guialimeira.com.br\/news\/wp-json\/wp\/v2\/categories?post=26429"},{"taxonomy":"post_tag","embeddable":true,"href":"https:\/\/guialimeira.com.br\/news\/wp-json\/wp\/v2\/tags?post=26429"}],"curies":[{"name":"wp","href":"https:\/\/api.w.org\/{rel}","templated":true}]}}