{"id":26416,"date":"2025-03-11T23:49:00","date_gmt":"2025-03-12T02:49:00","guid":{"rendered":"https:\/\/guialimeira.com.br\/2025\/03\/11\/consumo-da-alta-renda-e-compras-digitais-elevam-gastos-com-cartoes\/"},"modified":"2025-03-11T23:49:00","modified_gmt":"2025-03-12T02:49:00","slug":"consumo-da-alta-renda-e-compras-digitais-elevam-gastos-com-cartoes","status":"publish","type":"post","link":"https:\/\/guialimeira.com.br\/news\/consumo-da-alta-renda-e-compras-digitais-elevam-gastos-com-cartoes\/","title":{"rendered":"Consumo da alta renda e compras digitais elevam gastos com cart\u00f5es"},"content":{"rendered":"<p> <br \/>\n<\/p>\n<div>\n<p><strong>O relat\u00f3rio H\u00e1bitos de Consumo, focado no quatro trimestre do ano passado, revela crescimento de 8% nos gastos\u00a0com cart\u00f5es de cr\u00e9dito em rela\u00e7\u00e3o a 2023. <\/strong>O estudo apresenta um balan\u00e7o sobre o comportamento do consumidor no \u00faltimo trimestre do ano, na <em>Black Friday<\/em> e nas festas de fim de ano.<img data-recalc-dims=\"1\" decoding=\"async\" src=\"https:\/\/i0.wp.com\/agenciabrasil.ebc.com.br\/ebc.png?w=696&#038;ssl=1\" style=\"width:1px; height:1px; display:inline;\"\/><img data-recalc-dims=\"1\" decoding=\"async\" src=\"https:\/\/i0.wp.com\/agenciabrasil.ebc.com.br\/ebc.gif?w=696&#038;ssl=1\" style=\"width:1px; height:1px; display:inline;\"\/><\/p>\n<p><strong>O crescimento foi impulsionado pelo consumo do p\u00fablico de alta renda e pelas compras digitais, que tiveram aumento de 9% e 15%, respectivamente.<\/strong><\/p>\n<p>No segmento de servi\u00e7os de est\u00e9tica e sal\u00f5es de cabeleireiros, o crescimento ficou em 17% na compara\u00e7\u00e3o com o resultado de 2023. Em seguida, vieram os setores de servi\u00e7os e aplicativos de transportes (+14%), bares e restaurantes (+13%) e higiene pessoal e cosm\u00e9ticos (+12%).<\/p>\n<h2><em>Black Friday<\/em> digital<\/h2>\n<p>Influenciadas pelas campanhas promocionais e pela natureza da <em>Black Friday<\/em>, foi poss\u00edvel destacar que os gastos com cart\u00f5es de cr\u00e9dito no m\u00eas de novembro de 2024 foram comparativamente maiores em canais digitais\/<em>e-commerce<\/em>. Entre os segmentos, lojas de departamento (+1 ponto percentual), eletroeletr\u00f4nicos (+1p.p.), turismo e viagens (+1p.p.) apresentaram ligeiro incremento na participa\u00e7\u00e3o dos gastos em rela\u00e7\u00e3o \u00e0s m\u00e9dias do ano anterior.<\/p>\n<p>A pesquisa foi encomendada pela Elo, empresa de tecnologia de pagamentos do Brasil.<\/p>\n<p>      <!-- Relacionada --><\/p>\n<p>            <!-- Relacionada -->\n    <\/div>\n<p><br \/>\n<br \/><a href=\"https:\/\/agenciabrasil.ebc.com.br\/economia\/noticia\/2025-03\/consumo-da-alta-renda-e-compras-digitais-elevam-gastos-com-cartoes\" rel=\"noopener\">Ag\u00eancia Brasil<\/a><\/p>\n","protected":false},"excerpt":{"rendered":"<p>O relat\u00f3rio H\u00e1bitos de Consumo, focado no quatro trimestre do ano passado, revela crescimento de 8% nos gastos\u00a0com cart\u00f5es de cr\u00e9dito em rela\u00e7\u00e3o a 2023. O estudo apresenta um balan\u00e7o sobre o comportamento do consumidor no \u00faltimo trimestre do ano, na Black Friday e nas festas de fim de ano. O crescimento foi impulsionado pelo [&hellip;]<\/p>\n","protected":false},"author":1,"featured_media":723,"comment_status":"open","ping_status":"open","sticky":false,"template":"","format":"standard","meta":{"_jetpack_newsletter_access":"","_jetpack_dont_email_post_to_subs":false,"_jetpack_newsletter_tier_id":0,"_jetpack_memberships_contains_paywalled_content":false,"_mbp_banners":[],"_jetpack_feature_clip_id":0,"_jetpack_memberships_contains_paid_content":false,"footnotes":"","jetpack_publicize_message":"","jetpack_publicize_feature_enabled":true,"jetpack_social_post_already_shared":true,"jetpack_social_options":{"image_generator_settings":{"template":"highway","default_image_id":0,"font":"","enabled":false},"version":2},"jetpack_post_was_ever_published":false},"categories":[24],"tags":[],"class_list":["post-26416","post","type-post","status-publish","format-standard","has-post-thumbnail","category-economia"],"jetpack_publicize_connections":[],"jetpack-related-posts":[],"jetpack_shortlink":"https:\/\/wp.me\/p7Eq1F-6S4","jetpack_sharing_enabled":true,"jetpack_featured_media_url":"https:\/\/i0.wp.com\/guialimeira.com.br\/news\/wp-content\/uploads\/2024\/04\/payment-4334491.jpg?fit=1600%2C800&ssl=1","_links":{"self":[{"href":"https:\/\/guialimeira.com.br\/news\/wp-json\/wp\/v2\/posts\/26416","targetHints":{"allow":["GET"]}}],"collection":[{"href":"https:\/\/guialimeira.com.br\/news\/wp-json\/wp\/v2\/posts"}],"about":[{"href":"https:\/\/guialimeira.com.br\/news\/wp-json\/wp\/v2\/types\/post"}],"author":[{"embeddable":true,"href":"https:\/\/guialimeira.com.br\/news\/wp-json\/wp\/v2\/users\/1"}],"replies":[{"embeddable":true,"href":"https:\/\/guialimeira.com.br\/news\/wp-json\/wp\/v2\/comments?post=26416"}],"version-history":[{"count":0,"href":"https:\/\/guialimeira.com.br\/news\/wp-json\/wp\/v2\/posts\/26416\/revisions"}],"wp:featuredmedia":[{"embeddable":true,"href":"https:\/\/guialimeira.com.br\/news\/wp-json\/wp\/v2\/media\/723"}],"wp:attachment":[{"href":"https:\/\/guialimeira.com.br\/news\/wp-json\/wp\/v2\/media?parent=26416"}],"wp:term":[{"taxonomy":"category","embeddable":true,"href":"https:\/\/guialimeira.com.br\/news\/wp-json\/wp\/v2\/categories?post=26416"},{"taxonomy":"post_tag","embeddable":true,"href":"https:\/\/guialimeira.com.br\/news\/wp-json\/wp\/v2\/tags?post=26416"}],"curies":[{"name":"wp","href":"https:\/\/api.w.org\/{rel}","templated":true}]}}