{"id":26413,"date":"2025-03-11T22:47:51","date_gmt":"2025-03-12T01:47:51","guid":{"rendered":"https:\/\/guialimeira.com.br\/2025\/03\/11\/deficit-no-estado-do-rio-cai-para-r-24-bilhoes-no-final-de-2024\/"},"modified":"2025-03-11T22:47:51","modified_gmt":"2025-03-12T01:47:51","slug":"deficit-no-estado-do-rio-cai-para-r-24-bilhoes-no-final-de-2024","status":"publish","type":"post","link":"https:\/\/guialimeira.com.br\/news\/deficit-no-estado-do-rio-cai-para-r-24-bilhoes-no-final-de-2024\/","title":{"rendered":"D\u00e9ficit no estado do Rio cai para R$ 2,4 bilh\u00f5es no final de 2024"},"content":{"rendered":"<p> <br \/>\n<\/p>\n<div>\n<p>A Secretaria de Fazenda do Estado do Rio de Janeiro (Sefaz-RJ) informou que <strong>o aumento na arrecada\u00e7\u00e3o, somado \u00e0s medidas de gest\u00e3o das contas p\u00fablicas, contribuiu para reduzir em 72% o d\u00e9ficit do estado em 2024<\/strong>, de R$ 8,5 bilh\u00f5es previstos na Lei Or\u00e7ament\u00e1ria Anual (LOA) para R$ 2,4 bilh\u00f5es no encerramento do ano.<img data-recalc-dims=\"1\" decoding=\"async\" src=\"https:\/\/i0.wp.com\/agenciabrasil.ebc.com.br\/ebc.png?w=696&#038;ssl=1\" style=\"width:1px; height:1px; display:inline;\"\/><img data-recalc-dims=\"1\" decoding=\"async\" src=\"https:\/\/i0.wp.com\/agenciabrasil.ebc.com.br\/ebc.gif?w=696&#038;ssl=1\" style=\"width:1px; height:1px; display:inline;\"\/><\/p>\n<p><strong>Os resultados fiscais do estado do Rio de Janeiro em 2024 foram apresentados nesta ter\u00e7a-feira (11)<\/strong>, durante audi\u00eancia p\u00fablica da Comiss\u00e3o de Or\u00e7amento, Finan\u00e7as, Fiscaliza\u00e7\u00e3o Financeira e Controle da Assembleia Legislativa do Rio de Janeiro (Alerj).\u00a0<\/p>\n<p>Com aumento nominal, considerando a infla\u00e7\u00e3o do per\u00edodo de 2,7% em rela\u00e7\u00e3o a 2023, <strong>a receita l\u00edquida cresceu R$ 2,5 bilh\u00f5es de acordo com dados do Relat\u00f3rio de Gest\u00e3o Fiscal<\/strong>.<\/p>\n<p>Apresentado pelo secret\u00e1rio de Fazenda, Juliano Pasqual, o <strong>resultado foi atribu\u00eddo ao incremento das receitas tribut\u00e1rias, com destaque para o aumento real, descontada a infla\u00e7\u00e3o, de 9,4% da arrecada\u00e7\u00e3o de ICMS<\/strong> e de 6,4% do IPVA no ano passado. Al\u00e9m disso, o Fundo Estadual de Combate \u00e0 Pobreza e \u00e0s Desigualdades Sociais (FECP) tamb\u00e9m registrou um aumento real de 7,7% em rela\u00e7\u00e3o a 2023.<\/p>\n<p>O relat\u00f3rio tamb\u00e9m evidenciou investimentos acima dos 12% obrigat\u00f3rios da Receita L\u00edquida de Impostos e Transfer\u00eancias (RLIT) na sa\u00fade, que registrou o percentual de 15,21%. <strong>J\u00e1 na educa\u00e7\u00e3o, que tem o m\u00ednimo estabelecido de 25%, foram aplicados 26,93%.<\/strong><\/p>\n<blockquote>\n<p>\u201cJ\u00e1 nas despesas com pessoal, o Rio de Janeiro se manteve dentro do limite previsto na Lei de Responsabilidade Fiscal (LRF) de 49% da Receita Corrente L\u00edquida. O percentual fechou o ano passado em 46,74% da LRF\u201d, informou o governo estadual.<\/p>\n<\/blockquote>\n<p>Em 2024, segundo a Sefaz, o <strong>Rio tamb\u00e9m seguiu cumprindo suas obriga\u00e7\u00f5es em rela\u00e7\u00e3o aos Restos a Pagar<\/strong>, despesas realizadas em anos anteriores e n\u00e3o pagas. Do estoque total de R$ 3,9 bilh\u00f5es, apenas R$ 627 milh\u00f5es s\u00e3o de antes de 2024.<\/p>\n<p>      <!-- Relacionada --><\/p>\n<p>            <!-- Relacionada -->\n    <\/div>\n<p><br \/>\n<br \/><a href=\"https:\/\/agenciabrasil.ebc.com.br\/economia\/noticia\/2025-03\/deficit-no-estado-do-rio-cai-para-r-24-bilhoes-no-final-de-2024\" rel=\"noopener\">Ag\u00eancia Brasil<\/a><\/p>\n","protected":false},"excerpt":{"rendered":"<p>A Secretaria de Fazenda do Estado do Rio de Janeiro (Sefaz-RJ) informou que o aumento na arrecada\u00e7\u00e3o, somado \u00e0s medidas de gest\u00e3o das contas p\u00fablicas, contribuiu para reduzir em 72% o d\u00e9ficit do estado em 2024, de R$ 8,5 bilh\u00f5es previstos na Lei Or\u00e7ament\u00e1ria Anual (LOA) para R$ 2,4 bilh\u00f5es no encerramento do ano. Os [&hellip;]<\/p>\n","protected":false},"author":1,"featured_media":1687,"comment_status":"open","ping_status":"open","sticky":false,"template":"","format":"standard","meta":{"_jetpack_newsletter_access":"","_jetpack_dont_email_post_to_subs":false,"_jetpack_newsletter_tier_id":0,"_jetpack_memberships_contains_paywalled_content":false,"_mbp_banners":[],"_jetpack_feature_clip_id":0,"_jetpack_memberships_contains_paid_content":false,"footnotes":"","jetpack_publicize_message":"","jetpack_publicize_feature_enabled":true,"jetpack_social_post_already_shared":true,"jetpack_social_options":{"image_generator_settings":{"template":"highway","default_image_id":0,"font":"","enabled":false},"version":2},"jetpack_post_was_ever_published":false},"categories":[24],"tags":[],"class_list":["post-26413","post","type-post","status-publish","format-standard","has-post-thumbnail","category-economia"],"jetpack_publicize_connections":[],"jetpack-related-posts":[],"jetpack_shortlink":"https:\/\/wp.me\/p7Eq1F-6S1","jetpack_sharing_enabled":true,"jetpack_featured_media_url":"https:\/\/i0.wp.com\/guialimeira.com.br\/news\/wp-content\/uploads\/2024\/04\/real_moedadinheiro_jfcrz_abr_1701220046_1.jpg?fit=1600%2C800&ssl=1","_links":{"self":[{"href":"https:\/\/guialimeira.com.br\/news\/wp-json\/wp\/v2\/posts\/26413","targetHints":{"allow":["GET"]}}],"collection":[{"href":"https:\/\/guialimeira.com.br\/news\/wp-json\/wp\/v2\/posts"}],"about":[{"href":"https:\/\/guialimeira.com.br\/news\/wp-json\/wp\/v2\/types\/post"}],"author":[{"embeddable":true,"href":"https:\/\/guialimeira.com.br\/news\/wp-json\/wp\/v2\/users\/1"}],"replies":[{"embeddable":true,"href":"https:\/\/guialimeira.com.br\/news\/wp-json\/wp\/v2\/comments?post=26413"}],"version-history":[{"count":0,"href":"https:\/\/guialimeira.com.br\/news\/wp-json\/wp\/v2\/posts\/26413\/revisions"}],"wp:featuredmedia":[{"embeddable":true,"href":"https:\/\/guialimeira.com.br\/news\/wp-json\/wp\/v2\/media\/1687"}],"wp:attachment":[{"href":"https:\/\/guialimeira.com.br\/news\/wp-json\/wp\/v2\/media?parent=26413"}],"wp:term":[{"taxonomy":"category","embeddable":true,"href":"https:\/\/guialimeira.com.br\/news\/wp-json\/wp\/v2\/categories?post=26413"},{"taxonomy":"post_tag","embeddable":true,"href":"https:\/\/guialimeira.com.br\/news\/wp-json\/wp\/v2\/tags?post=26413"}],"curies":[{"name":"wp","href":"https:\/\/api.w.org\/{rel}","templated":true}]}}