{"id":26400,"date":"2025-03-11T21:47:03","date_gmt":"2025-03-12T00:47:03","guid":{"rendered":"https:\/\/guialimeira.com.br\/2025\/03\/11\/fiesp-projeta-crescimento-de-13-da-producao-industrial-em-2025\/"},"modified":"2025-03-11T21:47:03","modified_gmt":"2025-03-12T00:47:03","slug":"fiesp-projeta-crescimento-de-13-da-producao-industrial-em-2025","status":"publish","type":"post","link":"https:\/\/guialimeira.com.br\/news\/fiesp-projeta-crescimento-de-13-da-producao-industrial-em-2025\/","title":{"rendered":"Fiesp projeta crescimento de 1,3% da produ\u00e7\u00e3o industrial em 2025"},"content":{"rendered":"<p> <br \/>\n<\/p>\n<div>\n<p>A Federa\u00e7\u00e3o das Ind\u00fastrias do Estado de S\u00e3o Paulo (Fiesp) divulgou, nesta ter\u00e7a-feira (11), sua pesquisa de atividade industrial e expectativa para 2025, feita com base em dados do Instituto Brasileiro e Geografia e Estat\u00edstica (IBGE). <strong>A Fiesp espera crescimento no patamar de 1,3% da produ\u00e7\u00e3o industrial para este ano, ao passo que o apurado em janeiro indicou um in\u00edcio de produ\u00e7\u00e3o est\u00e1vel, com crescimento em 18 dos 25 ramos pesquisados<\/strong>.<img data-recalc-dims=\"1\" decoding=\"async\" src=\"https:\/\/i0.wp.com\/agenciabrasil.ebc.com.br\/ebc.png?w=696&#038;ssl=1\" style=\"width:1px; height:1px; display:inline;\"\/><img data-recalc-dims=\"1\" decoding=\"async\" src=\"https:\/\/i0.wp.com\/agenciabrasil.ebc.com.br\/ebc.gif?w=696&#038;ssl=1\" style=\"width:1px; height:1px; display:inline;\"\/><\/p>\n<p>Segundo a Fiesp, o resultado de janeiro \u00e9 de estabilidade ap\u00f3s tr\u00eas meses consecutivos de queda (com corre\u00e7\u00e3o sazonal), tendo influ\u00eancia positiva nos ramos de\u00a0m\u00e1quinas e equipamentos (+6,9%) e ve\u00edculos automotores, reboques e carrocerias (+3,0%), al\u00e9m de borracha e material pl\u00e1stico (+3,7%), artefatos de couro, artigos para viagem e cal\u00e7ados (+9,3%) e produtos farmoqu\u00edmicos e farmac\u00eauticos (+4,8%).\u00a0Dos 25 segmentos analisados em janeiro, 13 estavam acelerando, 11 neutros e 1 desacelerando.<\/p>\n<p><strong>Seis das atividades pesquisadas tiveram recuo na produ\u00e7\u00e3o<\/strong>: ind\u00fastria extrativa (-2,4%), que interrompeu dois meses consecutivos de crescimento, al\u00e9m de\u00a0coque, produtos derivados do petr\u00f3leo e biocombust\u00edveis (-1,1%), celulose, papel e produtos de papel (-3,2%) e confec\u00e7\u00e3o de artigos do vestu\u00e1rio e acess\u00f3rios (-4,7%), com maior destaque.<\/p>\n<p>A an\u00e1lise considera ainda a divis\u00e3o por\u00a0grandes categorias econ\u00f4micas. Na compara\u00e7\u00e3o com dezembro de 2024 e sem influ\u00eancias sazonais, o segmento de bens de capital teve alta expressiva (+4,5%), assim como o de bens de consumo dur\u00e1veis (+4,4%) e, em menor medida, o de bens de consumo semi e n\u00e3o dur\u00e1veis (+3,1%).<\/p>\n<p>A categoria de bens intermedi\u00e1rios, que recuou\u00a01,4%, foi a \u00fanica com varia\u00e7\u00e3o negativa no m\u00eas, e \u00e9 a que engloba produtos destinados a outras ind\u00fastrias, como a\u00e7o, pl\u00e1stico e borracha. Sua desacelera\u00e7\u00e3o pode antecipar queda na produ\u00e7\u00e3o de outros setores, pois est\u00e1 relacionada \u00e0 previs\u00e3o de produ\u00e7\u00e3o das demais \u00e1reas.<\/p>\n<p>A Fiesp estima, por\u00e9m, que, em 2025, ainda haver\u00e1 crescimento, por\u00e9m menos intenso do que o registrado em 2024, quando o setor teve expans\u00e3o do Produto Interno Bruto (PIB) na casa de 3,8% e apresentou crescimento de produ\u00e7\u00e3o de 3,1%.<\/p>\n<p>Para este ano, a estimativa \u00e9 de crescimento de 1,3%. Em nota t\u00e9cnica, a Fiesp considera que o ano tamb\u00e9m dever\u00e1 ser marcado por menor impulso fiscal e pelo ambiente externo mais desafiador, sobretudo em fun\u00e7\u00e3o das incertezas econ\u00f4micas em torno da economia dos Estados Unidos e dos potenciais impactos macroecon\u00f4micos da condu\u00e7\u00e3o da pol\u00edtica comercial americana. &#8220;Portanto, esse cen\u00e1rio externo mais adverso corresponde a um desafio adicional para a atividade da ind\u00fastria&#8221;, diz o texto.<\/p>\n<p>      <!-- Relacionada --><\/p>\n<p>            <!-- Relacionada -->\n    <\/div>\n<p><br \/>\n<br \/><a href=\"https:\/\/agenciabrasil.ebc.com.br\/economia\/noticia\/2025-03\/fiesp-projeta-crescimento-de-13-da-producao-industrial-em-2025\" rel=\"noopener\">Ag\u00eancia Brasil<\/a><\/p>\n","protected":false},"excerpt":{"rendered":"<p>A Federa\u00e7\u00e3o das Ind\u00fastrias do Estado de S\u00e3o Paulo (Fiesp) divulgou, nesta ter\u00e7a-feira (11), sua pesquisa de atividade industrial e expectativa para 2025, feita com base em dados do Instituto Brasileiro e Geografia e Estat\u00edstica (IBGE). A Fiesp espera crescimento no patamar de 1,3% da produ\u00e7\u00e3o industrial para este ano, ao passo que o apurado [&hellip;]<\/p>\n","protected":false},"author":1,"featured_media":26401,"comment_status":"open","ping_status":"open","sticky":false,"template":"","format":"standard","meta":{"_jetpack_newsletter_access":"","_jetpack_dont_email_post_to_subs":false,"_jetpack_newsletter_tier_id":0,"_jetpack_memberships_contains_paywalled_content":false,"_mbp_banners":[],"_jetpack_feature_clip_id":0,"_jetpack_memberships_contains_paid_content":false,"footnotes":"","jetpack_publicize_message":"","jetpack_publicize_feature_enabled":true,"jetpack_social_post_already_shared":true,"jetpack_social_options":{"image_generator_settings":{"template":"highway","default_image_id":0,"font":"","enabled":false},"version":2},"jetpack_post_was_ever_published":false},"categories":[24],"tags":[],"class_list":["post-26400","post","type-post","status-publish","format-standard","has-post-thumbnail","category-economia"],"jetpack_publicize_connections":[],"jetpack-related-posts":[],"jetpack_shortlink":"https:\/\/wp.me\/p7Eq1F-6RO","jetpack_sharing_enabled":true,"jetpack_featured_media_url":"https:\/\/i0.wp.com\/guialimeira.com.br\/news\/wp-content\/uploads\/2025\/03\/fiesp-aaa_headquarter_sao_paulo_0.jpg?fit=1600%2C800&ssl=1","_links":{"self":[{"href":"https:\/\/guialimeira.com.br\/news\/wp-json\/wp\/v2\/posts\/26400","targetHints":{"allow":["GET"]}}],"collection":[{"href":"https:\/\/guialimeira.com.br\/news\/wp-json\/wp\/v2\/posts"}],"about":[{"href":"https:\/\/guialimeira.com.br\/news\/wp-json\/wp\/v2\/types\/post"}],"author":[{"embeddable":true,"href":"https:\/\/guialimeira.com.br\/news\/wp-json\/wp\/v2\/users\/1"}],"replies":[{"embeddable":true,"href":"https:\/\/guialimeira.com.br\/news\/wp-json\/wp\/v2\/comments?post=26400"}],"version-history":[{"count":0,"href":"https:\/\/guialimeira.com.br\/news\/wp-json\/wp\/v2\/posts\/26400\/revisions"}],"wp:featuredmedia":[{"embeddable":true,"href":"https:\/\/guialimeira.com.br\/news\/wp-json\/wp\/v2\/media\/26401"}],"wp:attachment":[{"href":"https:\/\/guialimeira.com.br\/news\/wp-json\/wp\/v2\/media?parent=26400"}],"wp:term":[{"taxonomy":"category","embeddable":true,"href":"https:\/\/guialimeira.com.br\/news\/wp-json\/wp\/v2\/categories?post=26400"},{"taxonomy":"post_tag","embeddable":true,"href":"https:\/\/guialimeira.com.br\/news\/wp-json\/wp\/v2\/tags?post=26400"}],"curies":[{"name":"wp","href":"https:\/\/api.w.org\/{rel}","templated":true}]}}