{"id":2640,"date":"2024-04-24T17:59:53","date_gmt":"2024-04-24T20:59:53","guid":{"rendered":"https:\/\/guialimeira.com.br\/2024\/04\/24\/curso-que-ajuda-empreendedor-a-se-organizar-recebe-inscricoes\/"},"modified":"2024-04-24T17:59:53","modified_gmt":"2024-04-24T20:59:53","slug":"curso-que-ajuda-empreendedor-a-se-organizar-recebe-inscricoes","status":"publish","type":"post","link":"https:\/\/guialimeira.com.br\/news\/curso-que-ajuda-empreendedor-a-se-organizar-recebe-inscricoes\/","title":{"rendered":"Curso que ajuda empreendedor a se organizar recebe inscri\u00e7\u00f5es"},"content":{"rendered":"<p> <br \/>\n<br \/><img data-recalc-dims=\"1\" decoding=\"async\" src=\"https:\/\/i0.wp.com\/ecrie.com.br\/sistema\/conteudos\/imagem\/m_137_0_1_24042024172413.jpeg?w=696&#038;ssl=1\" \/><\/p>\n<div style=\"text-align: justify;\">O Sebrae Limeira promove de 20 a 23 de maio o curso \u201cOrganize seu Neg\u00f3cio!\u201d. A iniciativa \u00e9 gratuita e ir\u00e1 ocorrer na sede da Acil, que fica na Rua Santa Cruz, 647, no Centro. Al\u00e9m da Acil, o curso tem apoio da Secretaria de Desenvolvimento, Turismo e Inova\u00e7\u00e3o, do Ciesp e do Sicom\u00e9rcio. As aulas ocorrem no per\u00edodo da manh\u00e3, a partir das 8h, e ir\u00e3o abordar os seguintes t\u00f3picos: atitudes empreendedoras, forma\u00e7\u00e3o de pre\u00e7o, fluxo de caixa e marketing digital. As inscri\u00e7\u00f5es j\u00e1 est\u00e3o abertas e podem ser feitas pelo link: <a href=\"https:\/\/bit.ly\/organizemaio\" target=\"_blank\" rel=\"noopener\" data-fr-linked=\"true\">https:\/\/bit.ly\/organizemaio<\/a> Ap\u00f3s a conclus\u00e3o, o empreendedor ser\u00e1 certificado e poder\u00e1 ter acesso \u00e0s linhas de cr\u00e9dito especiais com junto ao Banco do Povo. Mais informa\u00e7\u00f5es podem ser obtidas pelo Sebrae Aqui Limeira, o telefone \u00e9 3497-1018.<\/div>\n<p><br \/>\n<br \/><a href=\"https:\/\/limeira.sp.gov.br\/curso-que-ajuda-empreendedor-a-se-organizar-recebe-inscricoes\" rel=\"noopener\">Informa\u00e7\u00f5es da PML <\/a><\/p>\n","protected":false},"excerpt":{"rendered":"<p>O Sebrae Limeira promove de 20 a 23 de maio o curso \u201cOrganize seu Neg\u00f3cio!\u201d. A iniciativa \u00e9 gratuita e ir\u00e1 ocorrer na sede da Acil, que fica na Rua Santa Cruz, 647, no Centro. Al\u00e9m da Acil, o curso tem apoio da Secretaria de Desenvolvimento, Turismo e Inova\u00e7\u00e3o, do Ciesp e do Sicom\u00e9rcio. As [&hellip;]<\/p>\n","protected":false},"author":1,"featured_media":2641,"comment_status":"open","ping_status":"open","sticky":false,"template":"","format":"standard","meta":{"_jetpack_newsletter_access":"","_jetpack_dont_email_post_to_subs":false,"_jetpack_newsletter_tier_id":0,"_jetpack_memberships_contains_paywalled_content":false,"_mbp_banners":[],"_jetpack_feature_clip_id":0,"_jetpack_memberships_contains_paid_content":false,"footnotes":"","jetpack_publicize_message":"","jetpack_publicize_feature_enabled":true,"jetpack_social_post_already_shared":true,"jetpack_social_options":{"image_generator_settings":{"template":"highway","default_image_id":0,"font":"","enabled":false},"version":2},"jetpack_post_was_ever_published":false},"categories":[16],"tags":[],"class_list":["post-2640","post","type-post","status-publish","format-standard","has-post-thumbnail","category-local"],"jetpack_publicize_connections":[],"jetpack-related-posts":[],"jetpack_shortlink":"https:\/\/wp.me\/p7Eq1F-GA","jetpack_sharing_enabled":true,"jetpack_featured_media_url":"https:\/\/i0.wp.com\/guialimeira.com.br\/news\/wp-content\/uploads\/2024\/04\/m_137_0_1_24042024172413.jpeg?fit=900%2C900&ssl=1","_links":{"self":[{"href":"https:\/\/guialimeira.com.br\/news\/wp-json\/wp\/v2\/posts\/2640","targetHints":{"allow":["GET"]}}],"collection":[{"href":"https:\/\/guialimeira.com.br\/news\/wp-json\/wp\/v2\/posts"}],"about":[{"href":"https:\/\/guialimeira.com.br\/news\/wp-json\/wp\/v2\/types\/post"}],"author":[{"embeddable":true,"href":"https:\/\/guialimeira.com.br\/news\/wp-json\/wp\/v2\/users\/1"}],"replies":[{"embeddable":true,"href":"https:\/\/guialimeira.com.br\/news\/wp-json\/wp\/v2\/comments?post=2640"}],"version-history":[{"count":0,"href":"https:\/\/guialimeira.com.br\/news\/wp-json\/wp\/v2\/posts\/2640\/revisions"}],"wp:featuredmedia":[{"embeddable":true,"href":"https:\/\/guialimeira.com.br\/news\/wp-json\/wp\/v2\/media\/2641"}],"wp:attachment":[{"href":"https:\/\/guialimeira.com.br\/news\/wp-json\/wp\/v2\/media?parent=2640"}],"wp:term":[{"taxonomy":"category","embeddable":true,"href":"https:\/\/guialimeira.com.br\/news\/wp-json\/wp\/v2\/categories?post=2640"},{"taxonomy":"post_tag","embeddable":true,"href":"https:\/\/guialimeira.com.br\/news\/wp-json\/wp\/v2\/tags?post=2640"}],"curies":[{"name":"wp","href":"https:\/\/api.w.org\/{rel}","templated":true}]}}