{"id":26395,"date":"2025-03-11T20:45:54","date_gmt":"2025-03-11T23:45:54","guid":{"rendered":"https:\/\/guialimeira.com.br\/2025\/03\/11\/caixa-divulga-calendario-de-pagamento-do-fundo-pis-pasep\/"},"modified":"2025-03-11T20:45:54","modified_gmt":"2025-03-11T23:45:54","slug":"caixa-divulga-calendario-de-pagamento-do-fundo-pis-pasep","status":"publish","type":"post","link":"https:\/\/guialimeira.com.br\/news\/caixa-divulga-calendario-de-pagamento-do-fundo-pis-pasep\/","title":{"rendered":"Caixa divulga calend\u00e1rio de pagamento do Fundo PIS\/Pasep"},"content":{"rendered":"<p> <br \/>\n<\/p>\n<div>\n<p><strong>Os cerca de 10,5 milh\u00f5es de trabalhadores com carteira assinada entre 1971 e 1988 e seus herdeiros receber\u00e3o as cotas do antigo fundo do Programa de Integra\u00e7\u00e3o Social (PIS) e do Programa de Forma\u00e7\u00e3o de Patrim\u00f4nio do Servidor P\u00fablico (Pasep) <\/strong>at\u00e9 janeiro de 2026, divulgou nesta ter\u00e7a-feira (11) a Caixa Econ\u00f4mica Federal. Os saques come\u00e7am em 28 de mar\u00e7o e v\u00e3o at\u00e9 26 de janeiro de 2026, dependendo da data do pedido.<img data-recalc-dims=\"1\" decoding=\"async\" src=\"https:\/\/i0.wp.com\/agenciabrasil.ebc.com.br\/ebc.png?w=696&#038;ssl=1\" style=\"width:1px; height:1px; display:inline;\"\/><img data-recalc-dims=\"1\" decoding=\"async\" src=\"https:\/\/i0.wp.com\/agenciabrasil.ebc.com.br\/ebc.gif?w=696&#038;ssl=1\" style=\"width:1px; height:1px; display:inline;\"\/><\/p>\n<p>O Minist\u00e9rio da Fazenda estima que <strong>cada trabalhador receber\u00e1, em m\u00e9dia, R$ 2,8 mil<\/strong>. O dinheiro pode ser pedido tanto no aplicativo FGTS como na <a href=\"https:\/\/repiscidadao.fazenda.gov.br\/\" target=\"_blank\" rel=\"noopener\">plataforma Repis Cidad\u00e3o<\/a>, lan\u00e7ada na segunda-feira (10) pela Fazenda com <a href=\"https:\/\/agenciabrasil.ebc.com.br\/economia\/noticia\/2025-03\/fazenda-lanca-plataforma-para-saque-de-antigo-fundo-pispasep\" target=\"_blank\" rel=\"noopener\">cerca de seis meses de atraso<\/a>.<\/p>\n<p>O calend\u00e1rio de saques divulgado pela Caixa \u00e9\u00a0o seguinte:<\/p>\n<p>\u00a0<\/p>\n<table border=\"2\" cellpadding=\"1\" cellspacing=\"1\" style=\"width:500px;\" summary=\"Fonte: Caixa Econ\u00f4mica Federal\">\n<caption>\u00a0<\/caption>\n<thead>\n\t<\/thead>\n<tbody>\n<tr>\n<td class=\"rtecenter\"><strong>Pedidos feitos at\u00e9\u2002<\/strong><\/td>\n<td class=\"rtecenter\"><strong>Data do pagamento<\/strong><\/td>\n<\/tr>\n<tr>\n<td>28\/02\/2025<\/td>\n<td>28\/03\/2025 (sexta-feira)<\/td>\n<\/tr>\n<tr>\n<td>31\/03\/2025<\/td>\n<td>25\/04\/2025 (sexta-feira)<\/td>\n<\/tr>\n<tr>\n<td>30\/04\/2025<\/td>\n<td>26\/05\/2025 (segunda-feira)<\/td>\n<\/tr>\n<tr>\n<td>31\/05\/2025<\/td>\n<td>25\/06\/2025 (quarta-feira)<\/td>\n<\/tr>\n<tr>\n<td>30\/06\/2025<\/td>\n<td>25\/07\/2025 (sexta-feira)<\/td>\n<\/tr>\n<tr>\n<td>31\/07\/2025<\/td>\n<td>25\/08\/2025 (segunda-feira)<\/td>\n<\/tr>\n<tr>\n<td>31\/08\/2025<\/td>\n<td>25\/09\/2025 (quinta-feira)<\/td>\n<\/tr>\n<tr>\n<td>30\/09\/2025<\/td>\n<td>27\/10\/2025 (segunda-feira)<\/td>\n<\/tr>\n<tr>\n<td>31\/10\/2025<\/td>\n<td>25\/11\/2025 (ter\u00e7a-feira)<\/td>\n<\/tr>\n<tr>\n<td>30\/11\/2025<\/td>\n<td>26\/12\/2025 (sexta-feira)<\/td>\n<\/tr>\n<tr>\n<td>31\/12\/2025<\/td>\n<td>26\/01\/2026 (segunda-feira)<\/td>\n<\/tr>\n<\/tbody>\n<\/table>\n<p class=\"rtecenter\">\u00a0<\/p>\n<p>Segundo a Caixa, desde setembro de 2023, quando o dinheiro do antigo Fundo PIS\/Pasep foi transferido para o Tesouro Nacional, cerca de 25 mil trabalhadores, herdeiros ou benefici\u00e1rios legais pediram o saque do dinheiro nas ag\u00eancias do banco. Esse contingente ser\u00e1 o primeiro a receber, no pr\u00f3ximo dia 28.<\/p>\n<p>Com a atualiza\u00e7\u00e3o do aplicativo FGTS e a nova plataforma do Minist\u00e9rio da Fazenda, os pedidos n\u00e3o precisam mais ser feitos nas ag\u00eancias da Caixa. Desde agosto de 2023, o dinheiro do antigo Fundo PIS\/Pasep, que soma\u00a0cerca de R$ 26 bilh\u00f5es, estava em poder do Tesouro Nacional. Por determina\u00e7\u00e3o da Emenda Constitucional da Transi\u00e7\u00e3o, de dezembro de 2022, os recursos tinham sido repassados ao Tesouro para refor\u00e7ar o caixa do governo em 2023.<\/p>\n<h2>Procedimento<\/h2>\n<p>A Caixa enviar\u00e1 ao Minist\u00e9rio da Fazenda os pedidos de saque aprovados. <strong>Os valores ser\u00e3o corrigidos pelo \u00cdndice Nacional de Pre\u00e7os ao Consumidor Amplo 15 (IPCA-15).<\/strong> <strong>O pagamento ser\u00e1 feito diretamente em conta banc\u00e1ria do interessado na Caixa ou por meio de conta poupan\u00e7a social digital, que pode ser movimentada pelo aplicativo Caixa Tem, <\/strong>que permite pagar contas, fazer transfer\u00eancias, pagar em maquininhas de cart\u00f5es e fazer compras pelo cart\u00e3o de d\u00e9bito virtual.<\/p>\n<p>O pagamento est\u00e1 condicionado \u00e0 disponibilidade no Or\u00e7amento da Uni\u00e3o. Caso n\u00e3o haja recursos suficientes no or\u00e7amento do ano vigente, o valor ser\u00e1 pago no ano seguinte, com a devida corre\u00e7\u00e3o.<\/p>\n<h2>Hist\u00f3rico<\/h2>\n<p>Criado para complementar a renda dos trabalhadores com carteira assinada entre 1971 e 1988, o antigo Fundo PIS\/Pasep n\u00e3o tem rela\u00e7\u00e3o com o abono salarial do PIS\/Pasep, institu\u00eddo pela Constitui\u00e7\u00e3o atual e pago todos os anos pela Caixa Econ\u00f4mica Federal e pelo Banco do Brasil.<\/p>\n<p><strong>Semelhante ao Fundo de Garantia do Tempo de Servi\u00e7o (FGTS), o dinheiro do antigo Fundo PIS\/Pasep s\u00f3 podia ser sacado em situa\u00e7\u00f5es especiais, como aposentadoria ou doen\u00e7a.<\/strong> No entanto, uma vez por ano, o trabalhador recebia os juros e a corre\u00e7\u00e3o das cotas do fundo.<\/p>\n<p>No entanto, muitos trabalhadores se esqueceram desse dinheiro ou n\u00e3o sabiam da exist\u00eancia dele, mesmo com maci\u00e7as campanhas na m\u00eddia. Em agosto de 2018, o governo <a href=\"http:\/\/https\/\/agenciabrasil.ebc.com.br\/economia\/noticia\/2018-08\/liberacao-de-saques-do-pispasep-comeca-amanha-para-todas-idades\" target=\"_blank\">liberou o saque das antigas cotas<\/a>. Por oito meses, o dinheiro p\u00f4de ser retirado nas ag\u00eancias da Caixa (no caso do PIS) e do Banco do Brasil (no caso do Pasep). Na ocasi\u00e3o, havia R$ 35 bilh\u00f5es que poderiam ser resgatados.<\/p>\n<p>Em 2019, o <a href=\"https:\/\/agenciabrasil.ebc.com.br\/economia\/noticia\/2019-08\/caixa-e-banco-do-brasil-iniciam-pagamento-de-cotas-do-pispasep\" target=\"_blank\" rel=\"noopener\">governo\u00a0flexibilizou as regras<\/a> e simplificou o saque por herdeiros e benefici\u00e1rios legais de pessoas falecidas\u00a0que tinham cotas no antigo fundo.<\/p>\n<p>Em abril de 2020, no in\u00edcio da pandemia de covid-19, o governo editou uma <a href=\"https:\/\/www.in.gov.br\/en\/web\/dou\/-\/medida-provisoria-n-946-de-7-de-abril-de-2020-251562794\" target=\"_blank\" rel=\"noopener\">medida provis\u00f3ria\u00a0que extinguiu o antigo Fundo PIS\/Pasep<\/a> e transferiu os recursos \u00e0 conta do FGTS em nome do trabalhador. Em vez de ir a uma ag\u00eancia banc\u00e1ria, bastava o titular ou herdeiro requerer o dinheiro por meio do aplicativo FGTS, que transferia o saldo para qualquer conta banc\u00e1ria indicada pelo benefici\u00e1rio.<\/p>\n<p>      <!-- Relacionada --><\/p>\n<p>            <!-- Relacionada -->\n    <\/div>\n<p><br \/>\n<br \/><a href=\"https:\/\/agenciabrasil.ebc.com.br\/economia\/noticia\/2025-03\/caixa-divulga-calendario-de-pagamento-do-fundo-pispasep\" rel=\"noopener\">Ag\u00eancia Brasil<\/a><\/p>\n","protected":false},"excerpt":{"rendered":"<p>Os cerca de 10,5 milh\u00f5es de trabalhadores com carteira assinada entre 1971 e 1988 e seus herdeiros receber\u00e3o as cotas do antigo fundo do Programa de Integra\u00e7\u00e3o Social (PIS) e do Programa de Forma\u00e7\u00e3o de Patrim\u00f4nio do Servidor P\u00fablico (Pasep) at\u00e9 janeiro de 2026, divulgou nesta ter\u00e7a-feira (11) a Caixa Econ\u00f4mica Federal. Os saques come\u00e7am [&hellip;]<\/p>\n","protected":false},"author":1,"featured_media":26396,"comment_status":"open","ping_status":"open","sticky":false,"template":"","format":"standard","meta":{"_jetpack_newsletter_access":"","_jetpack_dont_email_post_to_subs":false,"_jetpack_newsletter_tier_id":0,"_jetpack_memberships_contains_paywalled_content":false,"_mbp_banners":[],"_jetpack_feature_clip_id":0,"_jetpack_memberships_contains_paid_content":false,"footnotes":"","jetpack_publicize_message":"","jetpack_publicize_feature_enabled":true,"jetpack_social_post_already_shared":true,"jetpack_social_options":{"image_generator_settings":{"template":"highway","default_image_id":0,"font":"","enabled":false},"version":2},"jetpack_post_was_ever_published":false},"categories":[24],"tags":[],"class_list":["post-26395","post","type-post","status-publish","format-standard","has-post-thumbnail","category-economia"],"jetpack_publicize_connections":[],"jetpack-related-posts":[],"jetpack_shortlink":"https:\/\/wp.me\/p7Eq1F-6RJ","jetpack_sharing_enabled":true,"jetpack_featured_media_url":"https:\/\/i0.wp.com\/guialimeira.com.br\/news\/wp-content\/uploads\/2025\/03\/caixa_economica_federal0505202674.jpg?fit=1600%2C800&ssl=1","_links":{"self":[{"href":"https:\/\/guialimeira.com.br\/news\/wp-json\/wp\/v2\/posts\/26395","targetHints":{"allow":["GET"]}}],"collection":[{"href":"https:\/\/guialimeira.com.br\/news\/wp-json\/wp\/v2\/posts"}],"about":[{"href":"https:\/\/guialimeira.com.br\/news\/wp-json\/wp\/v2\/types\/post"}],"author":[{"embeddable":true,"href":"https:\/\/guialimeira.com.br\/news\/wp-json\/wp\/v2\/users\/1"}],"replies":[{"embeddable":true,"href":"https:\/\/guialimeira.com.br\/news\/wp-json\/wp\/v2\/comments?post=26395"}],"version-history":[{"count":0,"href":"https:\/\/guialimeira.com.br\/news\/wp-json\/wp\/v2\/posts\/26395\/revisions"}],"wp:featuredmedia":[{"embeddable":true,"href":"https:\/\/guialimeira.com.br\/news\/wp-json\/wp\/v2\/media\/26396"}],"wp:attachment":[{"href":"https:\/\/guialimeira.com.br\/news\/wp-json\/wp\/v2\/media?parent=26395"}],"wp:term":[{"taxonomy":"category","embeddable":true,"href":"https:\/\/guialimeira.com.br\/news\/wp-json\/wp\/v2\/categories?post=26395"},{"taxonomy":"post_tag","embeddable":true,"href":"https:\/\/guialimeira.com.br\/news\/wp-json\/wp\/v2\/tags?post=26395"}],"curies":[{"name":"wp","href":"https:\/\/api.w.org\/{rel}","templated":true}]}}