{"id":2639,"date":"2024-04-24T17:54:44","date_gmt":"2024-04-24T20:54:44","guid":{"rendered":"https:\/\/guialimeira.com.br\/2024\/04\/24\/corpos-encontrados-em-barco-no-para-serao-sepultados-amanha\/"},"modified":"2024-04-24T17:54:44","modified_gmt":"2024-04-24T20:54:44","slug":"corpos-encontrados-em-barco-no-para-serao-sepultados-amanha","status":"publish","type":"post","link":"https:\/\/guialimeira.com.br\/news\/corpos-encontrados-em-barco-no-para-serao-sepultados-amanha\/","title":{"rendered":"Corpos encontrados em barco no Par\u00e1 ser\u00e3o sepultados amanh\u00e3"},"content":{"rendered":"<p> <br \/>\n<\/p>\n<div>\n<p>Os corpos encontrados\u00a0em um barco \u00e0 deriva no litoral paraense, no \u00faltimo dia 13, ser\u00e3o temporariamente sepultados amanh\u00e3 (25) pela manh\u00e3, no cemit\u00e9rio S\u00e3o Jorge, bairro da Marambaia, em Bel\u00e9m. At\u00e9 o momento, <a href=\"http:\/\/agenciabrasil.ebc.com.br\/geral\/noticia\/2024-04\/pf-nao-estima-prazo-para-identificar-corpos-encontrados-em-barco\" rel=\"noopener\">nenhuma v\u00edtima foi identificada<\/a>.\u00a0\u00a0<img data-recalc-dims=\"1\" decoding=\"async\" src=\"https:\/\/i0.wp.com\/agenciabrasil.ebc.com.br\/ebc.png?w=696&#038;ssl=1\" style=\"width:1px; height:1px; display:inline;\"\/><img data-recalc-dims=\"1\" decoding=\"async\" src=\"https:\/\/i0.wp.com\/agenciabrasil.ebc.com.br\/ebc.gif?w=696&#038;ssl=1\" style=\"width:1px; height:1px; display:inline;\"\/><\/p>\n<p>A Pol\u00edcia Federal (PF) informou que os nove corpos ser\u00e3o enterrados em cerim\u00f4nia laica, promovida pelas institui\u00e7\u00f5es que participaram do resgate, entre eles a Marinha, o Corpo de Bombeiros, Pol\u00edcia Militar e Pol\u00edcia Cient\u00edfica do Par\u00e1, Guarda Municipal de Bragan\u00e7a, Defesa Civil do Estado, Defesa Civil de Bragan\u00e7a, a Organiza\u00e7\u00e3o Internacional das Na\u00e7\u00f5es Unidas para as Migra\u00e7\u00f5es (OIM) e o Alto-comissariado das Na\u00e7\u00f5es Unidas para os Refugiados (ACNUR).<\/p>\n<p>\u201cO procedimento \u00e9 de inuma\u00e7\u00e3o, pois permite que, caso seja do interesse das fam\u00edlias,\u00a0possa ser exumado e sepultado em outro local\u201d, disse a PF em nota.<\/p>\n<p>A embarca\u00e7\u00e3o <a href=\"http:\/\/agenciabrasil.ebc.com.br\/geral\/noticia\/2024-04\/embarcacao-e-encontrada-no-para-com-varios-corpos-em-decomposicao\" rel=\"noopener\">foi encontrada por pescadores<\/a> paraenses com alguns corpos j\u00e1 em decomposi\u00e7\u00e3o, em um rio localizado na regi\u00e3o de Salgado, no nordeste do Par\u00e1.<\/p>\n<p>Para a PF, o destino da embarca\u00e7\u00e3o era as Ilhas Can\u00e1rias, na Espanha. O arquip\u00e9lago espanhol \u00e9 usado como rota migrat\u00f3ria para entrada no continente europeu. Segundo a pol\u00edcia, os ind\u00edcios apontam que o barco provavelmente <a href=\"https:\/\/agenciabrasil.ebc.com.br\/geral\/noticia\/2024-04\/pf-diz-que-corpos-achados-em-embarcacao-no-para-sao-de-africanos\" rel=\"noopener\">saiu da Maurit\u00e2nia<\/a>, na \u00c1frica, e acabou pegando uma corrente mar\u00edtima com destino ao Brasil. A estimativa \u00e9 que pelo menos 25 pessoas estavam a bordo do barco, constru\u00eddo artesanalmente, sem leme, motor ou sistema de dire\u00e7\u00e3o.<\/p>\n<p>No barco, foram encontradas ainda 25 capas de chuva e diversos objetos, entre eles, 27 telefones celulares, encaminhados para exames periciais no instituto nacional de criminal\u00edstica.<\/p>\n<p>A pol\u00edcia afirmou ainda que mant\u00e9m contato permanente, via Interpol, com entidades internacionais, enquanto a per\u00edcia \u00e9 feita no Instituto Nacional de Criminal\u00edstica (INC), em Bras\u00edlia.<\/p>\n<\/p><\/div>\n<p><br \/>\n<br \/><a href=\"https:\/\/agenciabrasil.ebc.com.br\/geral\/noticia\/2024-04\/corpos-encontrados-em-barco-no-para-serao-sepultados-amanha\" rel=\"noopener\">Ag\u00eancia Brasil<\/a><\/p>\n","protected":false},"excerpt":{"rendered":"<p>Os corpos encontrados\u00a0em um barco \u00e0 deriva no litoral paraense, no \u00faltimo dia 13, ser\u00e3o temporariamente sepultados amanh\u00e3 (25) pela manh\u00e3, no cemit\u00e9rio S\u00e3o Jorge, bairro da Marambaia, em Bel\u00e9m. At\u00e9 o momento, nenhuma v\u00edtima foi identificada.\u00a0\u00a0 A Pol\u00edcia Federal (PF) informou que os nove corpos ser\u00e3o enterrados em cerim\u00f4nia laica, promovida pelas institui\u00e7\u00f5es que [&hellip;]<\/p>\n","protected":false},"author":1,"featured_media":1718,"comment_status":"open","ping_status":"open","sticky":false,"template":"","format":"standard","meta":{"_jetpack_newsletter_access":"","_jetpack_dont_email_post_to_subs":false,"_jetpack_newsletter_tier_id":0,"_jetpack_memberships_contains_paywalled_content":false,"_mbp_banners":[],"_jetpack_feature_clip_id":0,"_jetpack_memberships_contains_paid_content":false,"footnotes":"","jetpack_publicize_message":"","jetpack_publicize_feature_enabled":true,"jetpack_social_post_already_shared":true,"jetpack_social_options":{"image_generator_settings":{"template":"highway","default_image_id":0,"font":"","enabled":false},"version":2},"jetpack_post_was_ever_published":false},"categories":[1],"tags":[],"class_list":["post-2639","post","type-post","status-publish","format-standard","has-post-thumbnail","category-geral"],"jetpack_publicize_connections":[],"jetpack-related-posts":[],"jetpack_shortlink":"https:\/\/wp.me\/p7Eq1F-Gz","jetpack_sharing_enabled":true,"jetpack_featured_media_url":"https:\/\/i0.wp.com\/guialimeira.com.br\/news\/wp-content\/uploads\/2024\/04\/glr699dw4aadxjj.jpeg?fit=1600%2C800&ssl=1","_links":{"self":[{"href":"https:\/\/guialimeira.com.br\/news\/wp-json\/wp\/v2\/posts\/2639","targetHints":{"allow":["GET"]}}],"collection":[{"href":"https:\/\/guialimeira.com.br\/news\/wp-json\/wp\/v2\/posts"}],"about":[{"href":"https:\/\/guialimeira.com.br\/news\/wp-json\/wp\/v2\/types\/post"}],"author":[{"embeddable":true,"href":"https:\/\/guialimeira.com.br\/news\/wp-json\/wp\/v2\/users\/1"}],"replies":[{"embeddable":true,"href":"https:\/\/guialimeira.com.br\/news\/wp-json\/wp\/v2\/comments?post=2639"}],"version-history":[{"count":0,"href":"https:\/\/guialimeira.com.br\/news\/wp-json\/wp\/v2\/posts\/2639\/revisions"}],"wp:featuredmedia":[{"embeddable":true,"href":"https:\/\/guialimeira.com.br\/news\/wp-json\/wp\/v2\/media\/1718"}],"wp:attachment":[{"href":"https:\/\/guialimeira.com.br\/news\/wp-json\/wp\/v2\/media?parent=2639"}],"wp:term":[{"taxonomy":"category","embeddable":true,"href":"https:\/\/guialimeira.com.br\/news\/wp-json\/wp\/v2\/categories?post=2639"},{"taxonomy":"post_tag","embeddable":true,"href":"https:\/\/guialimeira.com.br\/news\/wp-json\/wp\/v2\/tags?post=2639"}],"curies":[{"name":"wp","href":"https:\/\/api.w.org\/{rel}","templated":true}]}}