{"id":26380,"date":"2025-03-11T18:46:56","date_gmt":"2025-03-11T21:46:56","guid":{"rendered":"https:\/\/guialimeira.com.br\/?p=26380"},"modified":"2025-03-11T18:46:56","modified_gmt":"2025-03-11T21:46:56","slug":"vereadora-mariana-calsa-realiza-2o-forum-mulheres-na-politica-e-a-violencia-politica-de-genero-painelistas-sao-divulgadas","status":"publish","type":"post","link":"https:\/\/guialimeira.com.br\/news\/vereadora-mariana-calsa-realiza-2o-forum-mulheres-na-politica-e-a-violencia-politica-de-genero-painelistas-sao-divulgadas\/","title":{"rendered":"Vereadora Mariana Calsa realiza 2\u00ba F\u00f3rum Mulheres na Pol\u00edtica e a Viol\u00eancia Pol\u00edtica de G\u00eanero; painelistas s\u00e3o divulgadas"},"content":{"rendered":"\n<figure class=\"wp-block-gallery has-nested-images columns-default is-cropped wp-block-gallery-1 is-layout-flex wp-block-gallery-is-layout-flex\"><\/figure>\n \r\n<br><img data-recalc-dims=\"1\" decoding=\"async\" src=\"https:\/\/i0.wp.com\/guialimeira.com.br\/wp-content\/uploads\/2025\/03\/2025-03-11_vereadora-mariana-calsa-realiza-2-forum-mulheres-na-politica-e-a-violencia-politica-de-ge.png?w=696&#038;ssl=1\" \/><br><div>\n\t\t\t\t\t<p>A vereadora Mariana Calsa (MDB) realiza, no dia 28 de mar\u00e7o, no Teatro Nair Bello, o 2\u00ba F\u00f3rum Mulheres na Pol\u00edtica e a Viol\u00eancia Pol\u00edtica de G\u00eanero. A iniciativa \u00e9 realizada no m\u00eas das mulheres, com o apoio da escola de forma\u00e7\u00e3o pol\u00edtica RenovaBR, e ter\u00e1 a participa\u00e7\u00e3o de painelistas de destaque.<\/p><p>Mariana explica que o evento \u00e9 voltado para mulheres que ocupam atualmente cargos p\u00fablicos, assessorias e pessoas interessadas no tema. \u201cSucesso em 2023, por meio da Procuradoria Especial da Mulher, a a\u00e7\u00e3o segue de forma independente e promete o debate sobre a import\u00e2ncia da participa\u00e7\u00e3o pol\u00edtica das mulheres, dar visibilidade ao combate \u00e0 viol\u00eancia pol\u00edtica de g\u00eanero e discutir as dificuldades de inser\u00e7\u00e3o e da perman\u00eancia das mulheres nos espa\u00e7os de tomada de decis\u00e3o\u201d, disse a parlamentar.\u00a0<\/p><p>Neste ano, o f\u00f3rum ter\u00e1 a participa\u00e7\u00e3o de Tabata Amaral (deputada federal), Renata dos Santos (secret\u00e1ria de Estado da Fazenda de Alagoas), Marina Bragante (vereadora de S\u00e3o Paulo), Mafoane Odara (executiva de Pessoas, Cultura e Transforma\u00e7\u00e3o), Joyce Trindade (secret\u00e1ria da Mulher no munic\u00edpio do Rio de Janeiro) e Bruna Barros (diretora executiva do RenovaBR).<\/p><p>As inscri\u00e7\u00f5es s\u00e3o gratuitas e o n\u00famero de participantes \u00e9 limitado a 250 vagas. Para participar, basta se inscrever no <a href=\"https:\/\/bit.ly\/2forummulheresnapolitica\" rel=\"noopener\">site<\/a>.<\/p><p><i>Do Gabinete Parlamentar \u2013 Vereadora Mariana Calsa (MDB)<\/i><\/p><p><i>*Fotos do Gabinete parlamentar<\/i><\/p><p><strong>As mat\u00e9rias de origem dos Gabinetes Parlamentares s\u00e3o de inteira\u00a0 responsabilidade dos parlamentares e de suas assessorias. S\u00e3o devidamente assinadas e n\u00e3o refletem, necessariamente, a opini\u00e3o institucional da C\u00e2mara Municipal de Limeira.<\/strong><\/p>\t\t\t\t<\/div>\r\n<br>\r\n<br><a href=\"https:\/\/www.limeira.sp.leg.br\/noticias\/view\/2025-03-11_vereadora-mariana-calsa-realiza-2-forum-mulheres-na-politica-e-a-violencia-politica-de-genero-painelistas-sao-divulgadas\" rel=\"noopener\">Informa\u00e7\u00f5es CML <\/a>","protected":false},"excerpt":{"rendered":"<p>A vereadora Mariana Calsa (MDB) realiza, no dia 28 de mar\u00e7o, no Teatro Nair Bello, o 2\u00ba F\u00f3rum Mulheres na Pol\u00edtica e a Viol\u00eancia Pol\u00edtica de G\u00eanero. A iniciativa \u00e9 realizada no m\u00eas das mulheres, com o apoio da escola de forma\u00e7\u00e3o pol\u00edtica RenovaBR, e ter\u00e1 a participa\u00e7\u00e3o de painelistas de destaque. Mariana explica que [&hellip;]<\/p>\n","protected":false},"author":1,"featured_media":26381,"comment_status":"open","ping_status":"open","sticky":false,"template":"","format":"standard","meta":{"_jetpack_newsletter_access":"","_jetpack_dont_email_post_to_subs":false,"_jetpack_newsletter_tier_id":0,"_jetpack_memberships_contains_paywalled_content":false,"_mbp_banners":[],"_jetpack_feature_clip_id":0,"_jetpack_memberships_contains_paid_content":false,"footnotes":"","jetpack_publicize_message":"","jetpack_publicize_feature_enabled":true,"jetpack_social_post_already_shared":true,"jetpack_social_options":{"image_generator_settings":{"template":"highway","default_image_id":0,"font":"","enabled":false},"version":2},"jetpack_post_was_ever_published":false},"categories":[19],"tags":[],"class_list":["post-26380","post","type-post","status-publish","format-standard","has-post-thumbnail","category-politica"],"jetpack_publicize_connections":[],"jetpack-related-posts":[],"jetpack_shortlink":"https:\/\/wp.me\/p7Eq1F-6Ru","jetpack_sharing_enabled":true,"jetpack_featured_media_url":"https:\/\/i0.wp.com\/guialimeira.com.br\/news\/wp-content\/uploads\/2025\/03\/Vereadora-Mariana-Calsa-realiza-2o-Forum-Mulheres-na-Politica-e.png?fit=1280%2C640&ssl=1","_links":{"self":[{"href":"https:\/\/guialimeira.com.br\/news\/wp-json\/wp\/v2\/posts\/26380","targetHints":{"allow":["GET"]}}],"collection":[{"href":"https:\/\/guialimeira.com.br\/news\/wp-json\/wp\/v2\/posts"}],"about":[{"href":"https:\/\/guialimeira.com.br\/news\/wp-json\/wp\/v2\/types\/post"}],"author":[{"embeddable":true,"href":"https:\/\/guialimeira.com.br\/news\/wp-json\/wp\/v2\/users\/1"}],"replies":[{"embeddable":true,"href":"https:\/\/guialimeira.com.br\/news\/wp-json\/wp\/v2\/comments?post=26380"}],"version-history":[{"count":1,"href":"https:\/\/guialimeira.com.br\/news\/wp-json\/wp\/v2\/posts\/26380\/revisions"}],"predecessor-version":[{"id":26382,"href":"https:\/\/guialimeira.com.br\/news\/wp-json\/wp\/v2\/posts\/26380\/revisions\/26382"}],"wp:featuredmedia":[{"embeddable":true,"href":"https:\/\/guialimeira.com.br\/news\/wp-json\/wp\/v2\/media\/26381"}],"wp:attachment":[{"href":"https:\/\/guialimeira.com.br\/news\/wp-json\/wp\/v2\/media?parent=26380"}],"wp:term":[{"taxonomy":"category","embeddable":true,"href":"https:\/\/guialimeira.com.br\/news\/wp-json\/wp\/v2\/categories?post=26380"},{"taxonomy":"post_tag","embeddable":true,"href":"https:\/\/guialimeira.com.br\/news\/wp-json\/wp\/v2\/tags?post=26380"}],"curies":[{"name":"wp","href":"https:\/\/api.w.org\/{rel}","templated":true}]}}