{"id":26377,"date":"2025-03-11T18:43:52","date_gmt":"2025-03-11T21:43:52","guid":{"rendered":"https:\/\/guialimeira.com.br\/2025\/03\/11\/dolar-cai-para-r-581-em-dia-de-tregua-com-moedas-emergentes\/"},"modified":"2025-03-11T18:43:52","modified_gmt":"2025-03-11T21:43:52","slug":"dolar-cai-para-r-581-em-dia-de-tregua-com-moedas-emergentes","status":"publish","type":"post","link":"https:\/\/guialimeira.com.br\/news\/dolar-cai-para-r-581-em-dia-de-tregua-com-moedas-emergentes\/","title":{"rendered":"D\u00f3lar cai para R$ 5,81 em dia de tr\u00e9gua com moedas emergentes"},"content":{"rendered":"<p> <br \/>\n<\/p>\n<div>\n<p>Em um dia de recupera\u00e7\u00e3o de moedas de pa\u00edses emergentes, <strong>o d\u00f3lar caiu e voltou a aproximar-se de R$ 5,80 nesta ter\u00e7a-feira (11).<\/strong> A bolsa de valores recuou pelo segundo dia seguido, acompanhando o mercado norte-americano.<img data-recalc-dims=\"1\" decoding=\"async\" src=\"https:\/\/i0.wp.com\/agenciabrasil.ebc.com.br\/ebc.png?w=696&#038;ssl=1\" style=\"width:1px; height:1px; display:inline;\"\/><img data-recalc-dims=\"1\" decoding=\"async\" src=\"https:\/\/i0.wp.com\/agenciabrasil.ebc.com.br\/ebc.gif?w=696&#038;ssl=1\" style=\"width:1px; height:1px; display:inline;\"\/><\/p>\n<p>O d\u00f3lar comercial encerrou o dia vendido a R$ 5,812, com queda de R$ 0,04 (-0,68%). <strong>A moeda operou em queda durante todo o dia, mas consolidou a tend\u00eancia de baixa perto do fim da tarde, ap\u00f3s o <a href=\"https:\/\/agenciabrasil.ebc.com.br\/internacional\/noticia\/2025-03\/ucrania-aceita-proposta-dos-eua-para-cessar-fogo-com-russia\" rel=\"noopener\">an\u00fancio de que a Ucr\u00e2nia aceitou uma proposta de cessar-fogo por parte dos Estados Unidos<\/a> <\/strong>e a prov\u00edncia canadense de Ont\u00e1rio suspender uma sobretaxa de 25% para a exporta\u00e7\u00e3o de eletricidade aos Estados Unidos.<\/p>\n<p>Na m\u00ednima do dia, por volta das 16h30, a divisa chegou a R$ 5,80. <strong>Com o desempenho desta ter\u00e7a, a moeda norte-americana acumula queda de 1,78% em mar\u00e7o e de 5,95% em 2025.<\/strong><\/p>\n<p>O mercado de a\u00e7\u00f5es teve o segundo dia consecutivo de pessimismo. <strong>O \u00edndice Ibovespa, da B3, fechou aos 123.507 pontos, com queda de 0,81%. <\/strong>O indicador seguiu as bolsas norte-americanas, que voltaram a cair nesta ter\u00e7a em meio aos temores de uma recess\u00e3o nos Estados Unidos.<\/p>\n<p>O \u00edndice Dow Jones, das empresas industriais, caiu 1,13%. O S&amp;P 500, das 500 maiores empresas, perdeu 0,76%. O Nasdaq, das empresas de tecnologia, recuou 0,18%, ap\u00f3s ter ca\u00eddo 4% ontem (10).<\/p>\n<p>Sem not\u00edcias no cen\u00e1rio dom\u00e9stico, o mercado financeiro foi influenciado principalmente pelo exterior. Al\u00e9m das not\u00edcias de acordo na Ucr\u00e2nia e a revers\u00e3o de medidas no Canad\u00e1, o mercado de c\u00e2mbio foi dominado por investidores que aproveitaram a <a href=\"http:\/\/agenciabrasil.ebc.com.br\/economia\/noticia\/2025-03\/dolar-sobe-r-585-com-temor-de-recessao-nos-eua\" rel=\"noopener\">alta da moeda norte-americana de ontem<\/a> para vender d\u00f3lares.<\/p>\n<p>\u00a0<\/p>\n<p><em>*Com informa\u00e7\u00f5es da Reuters<\/em><\/p>\n<p>\u00a0<\/p>\n<p>      <!-- Relacionada --><\/p>\n<p>            <!-- Relacionada -->\n    <\/div>\n<p><br \/>\n<br \/><a href=\"https:\/\/agenciabrasil.ebc.com.br\/economia\/noticia\/2025-03\/dolar-cai-para-r-581-em-dia-de-tregua-com-moedas-emergentes\" rel=\"noopener\">Ag\u00eancia Brasil<\/a><\/p>\n","protected":false},"excerpt":{"rendered":"<p>Em um dia de recupera\u00e7\u00e3o de moedas de pa\u00edses emergentes, o d\u00f3lar caiu e voltou a aproximar-se de R$ 5,80 nesta ter\u00e7a-feira (11). A bolsa de valores recuou pelo segundo dia seguido, acompanhando o mercado norte-americano. O d\u00f3lar comercial encerrou o dia vendido a R$ 5,812, com queda de R$ 0,04 (-0,68%). A moeda operou [&hellip;]<\/p>\n","protected":false},"author":1,"featured_media":26378,"comment_status":"open","ping_status":"open","sticky":false,"template":"","format":"standard","meta":{"_jetpack_newsletter_access":"","_jetpack_dont_email_post_to_subs":false,"_jetpack_newsletter_tier_id":0,"_jetpack_memberships_contains_paywalled_content":false,"_mbp_banners":[],"_jetpack_feature_clip_id":0,"_jetpack_memberships_contains_paid_content":false,"footnotes":"","jetpack_publicize_message":"","jetpack_publicize_feature_enabled":true,"jetpack_social_post_already_shared":true,"jetpack_social_options":{"image_generator_settings":{"template":"highway","default_image_id":0,"font":"","enabled":false},"version":2},"jetpack_post_was_ever_published":false},"categories":[24],"tags":[],"class_list":["post-26377","post","type-post","status-publish","format-standard","has-post-thumbnail","category-economia"],"jetpack_publicize_connections":[],"jetpack-related-posts":[],"jetpack_shortlink":"https:\/\/wp.me\/p7Eq1F-6Rr","jetpack_sharing_enabled":true,"jetpack_featured_media_url":"https:\/\/i0.wp.com\/guialimeira.com.br\/news\/wp-content\/uploads\/2025\/03\/05102020dolar1380.jpg?fit=1600%2C800&ssl=1","_links":{"self":[{"href":"https:\/\/guialimeira.com.br\/news\/wp-json\/wp\/v2\/posts\/26377","targetHints":{"allow":["GET"]}}],"collection":[{"href":"https:\/\/guialimeira.com.br\/news\/wp-json\/wp\/v2\/posts"}],"about":[{"href":"https:\/\/guialimeira.com.br\/news\/wp-json\/wp\/v2\/types\/post"}],"author":[{"embeddable":true,"href":"https:\/\/guialimeira.com.br\/news\/wp-json\/wp\/v2\/users\/1"}],"replies":[{"embeddable":true,"href":"https:\/\/guialimeira.com.br\/news\/wp-json\/wp\/v2\/comments?post=26377"}],"version-history":[{"count":0,"href":"https:\/\/guialimeira.com.br\/news\/wp-json\/wp\/v2\/posts\/26377\/revisions"}],"wp:featuredmedia":[{"embeddable":true,"href":"https:\/\/guialimeira.com.br\/news\/wp-json\/wp\/v2\/media\/26378"}],"wp:attachment":[{"href":"https:\/\/guialimeira.com.br\/news\/wp-json\/wp\/v2\/media?parent=26377"}],"wp:term":[{"taxonomy":"category","embeddable":true,"href":"https:\/\/guialimeira.com.br\/news\/wp-json\/wp\/v2\/categories?post=26377"},{"taxonomy":"post_tag","embeddable":true,"href":"https:\/\/guialimeira.com.br\/news\/wp-json\/wp\/v2\/tags?post=26377"}],"curies":[{"name":"wp","href":"https:\/\/api.w.org\/{rel}","templated":true}]}}