{"id":2637,"date":"2024-04-24T17:36:48","date_gmt":"2024-04-24T20:36:48","guid":{"rendered":"https:\/\/guialimeira.com.br\/2024\/04\/24\/prefeitura-inicia-obras-de-reforma-em-11-unidades-de-saude-portal-do-municipio-de-piracicaba\/"},"modified":"2024-04-24T17:36:48","modified_gmt":"2024-04-24T20:36:48","slug":"prefeitura-inicia-obras-de-reforma-em-11-unidades-de-saude-portal-do-municipio-de-piracicaba","status":"publish","type":"post","link":"https:\/\/guialimeira.com.br\/news\/prefeitura-inicia-obras-de-reforma-em-11-unidades-de-saude-portal-do-municipio-de-piracicaba\/","title":{"rendered":"Prefeitura inicia\u00a0obras de\u00a0reforma\u00a0em\u00a011 unidades de Sa\u00fade \u2013 Portal do Munic\u00edpio de Piracicaba"},"content":{"rendered":"<p> <br \/>\n<\/p>\n<div>\n<figure class=\"text-center\">\n<img data-recalc-dims=\"1\" width=\"696\" height=\"464\" src=\"https:\/\/i0.wp.com\/piracicaba.sp.gov.br\/wp-content\/uploads\/2024\/04\/USF-Santa-Fe-passa-por-reformas-e-atendimento-dos-usuarios-esta-acontecendo-temporariamente-na-UBS-Novo-Horizonte-1024x683.jpg?resize=696%2C464&#038;ssl=1\" class=\"img-fluid img-thumbnail border-1 wp-post-image\" alt=\"USF Santa F\u00e9 passa por reformas e atendimento dos usu\u00e1rios est\u00e1 acontecendo temporariamente na UBS Novo Horizonte\" itemprop=\"image\" decoding=\"async\" fetchpriority=\"high\" srcset=\"https:\/\/piracicaba.sp.gov.br\/wp-content\/uploads\/2024\/04\/USF-Santa-Fe-passa-por-reformas-e-atendimento-dos-usuarios-esta-acontecendo-temporariamente-na-UBS-Novo-Horizonte-1024x683.jpg 1024w, https:\/\/piracicaba.sp.gov.br\/wp-content\/uploads\/2024\/04\/USF-Santa-Fe-passa-por-reformas-e-atendimento-dos-usuarios-esta-acontecendo-temporariamente-na-UBS-Novo-Horizonte-300x200.jpg 300w, https:\/\/piracicaba.sp.gov.br\/wp-content\/uploads\/2024\/04\/USF-Santa-Fe-passa-por-reformas-e-atendimento-dos-usuarios-esta-acontecendo-temporariamente-na-UBS-Novo-Horizonte-768x512.jpg 768w, https:\/\/piracicaba.sp.gov.br\/wp-content\/uploads\/2024\/04\/USF-Santa-Fe-passa-por-reformas-e-atendimento-dos-usuarios-esta-acontecendo-temporariamente-na-UBS-Novo-Horizonte-1536x1024.jpg 1536w, https:\/\/piracicaba.sp.gov.br\/wp-content\/uploads\/2024\/04\/USF-Santa-Fe-passa-por-reformas-e-atendimento-dos-usuarios-esta-acontecendo-temporariamente-na-UBS-Novo-Horizonte-2048x1365.jpg 2048w\" sizes=\"(max-width: 1024px) 100vw, 1024px\"\/><figcaption class=\"text-center small fw-bold fst-italic mt-1\">USF Santa F\u00e9 passa por reformas e atendimento dos usu\u00e1rios est\u00e1 acontecendo temporariamente na UBS Novo Horizonte<\/figcaption><\/figure>\n<p>Com investimento de R$ 3,11 milh\u00f5es, a Prefeitura de Piracicaba, por meio das Secretarias de Sa\u00fade (SMS) e Obras (Semozel), deu in\u00edcio a um pacote de obras,\u00a0dividido em tr\u00eas etapas,\u00a0que vai reformar 11 unidades de sa\u00fade at\u00e9 o final deste ano.\u00a0As duas primeiras unidades a receberem interven\u00e7\u00f5es s\u00e3o as Unidades de Sa\u00fade da Fam\u00edlia (USFs) M\u00e1rio Dedini 2 e Santa F\u00e9, com previs\u00e3o de conclus\u00e3o em at\u00e9 90 dias.<\/p>\n<p>Durante o per\u00edodo de reforma, as unidades ficar\u00e3o fechadas para evitar qualquer tipo de transtorno no atendimento, desta forma, os usu\u00e1rios da USF M\u00e1rio Dedini 2 ser\u00e3o atendidos temporariamente na USF M\u00e1rio Dedini 1, localizada \u00e0 avenida Nadir Eraldo Stella, 137. J\u00e1 os usu\u00e1rios da USF Santa F\u00e9 ser\u00e3o atendidos na Unidade B\u00e1sica de Sa\u00fade (UBS) Novo Horizonte \u2013 Antigo Crab \u2013 que fica \u00e0\u00a0rua Moacir Martins, 255. \u201cPedimos compreens\u00e3o da popula\u00e7\u00e3o neste per\u00edodo de obras. \u00c9 necess\u00e1rio fazer essas reformas para um melhor atendimento \u00e0 popula\u00e7\u00e3o e, tamb\u00e9m, garantir um bom ambiente de trabalho aos servidores\u201d, apontou Augusto Muzilli J\u00fanior, secret\u00e1rio de Sa\u00fade.<\/p>\n<figure class=\"wp-block-image size-large\"><img data-recalc-dims=\"1\" loading=\"lazy\" decoding=\"async\" width=\"696\" height=\"464\" src=\"https:\/\/i0.wp.com\/piracicaba.sp.gov.br\/wp-content\/uploads\/2024\/04\/Em-reforma-USF-Mario-Dedini-2-esta-com-atendimento-temporario-acontecendo-na-USF-Mario-Dedini-1-1024x683.jpg?resize=696%2C464&#038;ssl=1\" alt=\"Em reforma, USF M\u00e1rio Dedini 2 est\u00e1 com atendimento tempor\u00e1rio acontecendo na USF M\u00e1rio Dedini 1\" class=\"wp-image-77755\" srcset=\"https:\/\/piracicaba.sp.gov.br\/wp-content\/uploads\/2024\/04\/Em-reforma-USF-Mario-Dedini-2-esta-com-atendimento-temporario-acontecendo-na-USF-Mario-Dedini-1-1024x683.jpg 1024w, https:\/\/piracicaba.sp.gov.br\/wp-content\/uploads\/2024\/04\/Em-reforma-USF-Mario-Dedini-2-esta-com-atendimento-temporario-acontecendo-na-USF-Mario-Dedini-1-300x200.jpg 300w, https:\/\/piracicaba.sp.gov.br\/wp-content\/uploads\/2024\/04\/Em-reforma-USF-Mario-Dedini-2-esta-com-atendimento-temporario-acontecendo-na-USF-Mario-Dedini-1-768x512.jpg 768w, https:\/\/piracicaba.sp.gov.br\/wp-content\/uploads\/2024\/04\/Em-reforma-USF-Mario-Dedini-2-esta-com-atendimento-temporario-acontecendo-na-USF-Mario-Dedini-1-1536x1024.jpg 1536w, https:\/\/piracicaba.sp.gov.br\/wp-content\/uploads\/2024\/04\/Em-reforma-USF-Mario-Dedini-2-esta-com-atendimento-temporario-acontecendo-na-USF-Mario-Dedini-1-2048x1365.jpg 2048w\" sizes=\"auto, (max-width: 1024px) 100vw, 1024px\"\/><figcaption class=\"wp-element-caption\"><strong><em>Em reforma, USF M\u00e1rio Dedini 2 est\u00e1 com atendimento tempor\u00e1rio acontecendo na USF M\u00e1rio Dedini 1<\/em><\/strong><\/figcaption><\/figure>\n<p>Na USF M\u00e1rio Dedini 2, a reforma contempla troca dos pisos, pintura geral, adapta\u00e7\u00e3o do layout interno, constru\u00e7\u00e3o de estacionamento e cercamento com muro e gradil no entorno do terreno. Na USF Santa F\u00e9 a a\u00e7\u00e3o contempla adapta\u00e7\u00e3o dos sanit\u00e1rios, cozinha e fachada; execu\u00e7\u00e3o de pintura interna e externa, reformas dos abrigos de g\u00e1s, compressores e lixo, al\u00e9m da constru\u00e7\u00e3o de muro de arrimo.<\/p>\n<figure class=\"wp-block-image size-large\"><img data-recalc-dims=\"1\" loading=\"lazy\" decoding=\"async\" width=\"696\" height=\"464\" src=\"https:\/\/i0.wp.com\/piracicaba.sp.gov.br\/wp-content\/uploads\/2024\/04\/Predio-da-USF-Santa-Fe-tambem-esta-recebendo-reformas-gerais-na-estrutura-da-unidade-1024x683.jpg?resize=696%2C464&#038;ssl=1\" alt=\"\" class=\"wp-image-77756\" srcset=\"https:\/\/piracicaba.sp.gov.br\/wp-content\/uploads\/2024\/04\/Predio-da-USF-Santa-Fe-tambem-esta-recebendo-reformas-gerais-na-estrutura-da-unidade-1024x683.jpg 1024w, https:\/\/piracicaba.sp.gov.br\/wp-content\/uploads\/2024\/04\/Predio-da-USF-Santa-Fe-tambem-esta-recebendo-reformas-gerais-na-estrutura-da-unidade-300x200.jpg 300w, https:\/\/piracicaba.sp.gov.br\/wp-content\/uploads\/2024\/04\/Predio-da-USF-Santa-Fe-tambem-esta-recebendo-reformas-gerais-na-estrutura-da-unidade-768x512.jpg 768w, https:\/\/piracicaba.sp.gov.br\/wp-content\/uploads\/2024\/04\/Predio-da-USF-Santa-Fe-tambem-esta-recebendo-reformas-gerais-na-estrutura-da-unidade-1536x1024.jpg 1536w, https:\/\/piracicaba.sp.gov.br\/wp-content\/uploads\/2024\/04\/Predio-da-USF-Santa-Fe-tambem-esta-recebendo-reformas-gerais-na-estrutura-da-unidade-2048x1365.jpg 2048w\" sizes=\"auto, (max-width: 1024px) 100vw, 1024px\"\/><figcaption class=\"wp-element-caption\"><strong><em>Pr\u00e9dio da USF Santa F\u00e9 tamb\u00e9m est\u00e1 recebendo reformas gerais na estrutura da unidade<\/em><\/strong><\/figcaption><\/figure>\n<p>Para a realiza\u00e7\u00e3o destas obras, o prefeito Luciano Almeida visitou diversas unidades de sa\u00fade do munic\u00edpio, desde o in\u00edcio do seu mandato, momento em que conversou com a popula\u00e7\u00e3o e servidores p\u00fablicos para saber das necessidades de cada um, principalmente, sobre a infraestrutura dos pr\u00e9dios em que trabalham. Desta forma, foram realizados estudos para dar in\u00edcio \u00e0s obras nas unidades em que os pedidos se fizeram mais urgentes.<\/p>\n<figure class=\"wp-block-image size-large\"><img data-recalc-dims=\"1\" loading=\"lazy\" decoding=\"async\" width=\"696\" height=\"464\" src=\"https:\/\/i0.wp.com\/piracicaba.sp.gov.br\/wp-content\/uploads\/2024\/04\/USF-Mario-Dedini-2-ja-esta-passando-por-reformas-2-1024x683.jpg?resize=696%2C464&#038;ssl=1\" alt=\"USF M\u00e1rio Dedini 2 j\u00e1 est\u00e1 passando por reformas\" class=\"wp-image-77757\" srcset=\"https:\/\/piracicaba.sp.gov.br\/wp-content\/uploads\/2024\/04\/USF-Mario-Dedini-2-ja-esta-passando-por-reformas-2-1024x683.jpg 1024w, https:\/\/piracicaba.sp.gov.br\/wp-content\/uploads\/2024\/04\/USF-Mario-Dedini-2-ja-esta-passando-por-reformas-2-300x200.jpg 300w, https:\/\/piracicaba.sp.gov.br\/wp-content\/uploads\/2024\/04\/USF-Mario-Dedini-2-ja-esta-passando-por-reformas-2-768x512.jpg 768w, https:\/\/piracicaba.sp.gov.br\/wp-content\/uploads\/2024\/04\/USF-Mario-Dedini-2-ja-esta-passando-por-reformas-2-1536x1024.jpg 1536w, https:\/\/piracicaba.sp.gov.br\/wp-content\/uploads\/2024\/04\/USF-Mario-Dedini-2-ja-esta-passando-por-reformas-2-2048x1365.jpg 2048w\" sizes=\"auto, (max-width: 1024px) 100vw, 1024px\"\/><figcaption class=\"wp-element-caption\"><strong><em>USF M\u00e1rio Dedini 2 j\u00e1 est\u00e1 passando por reformas<\/em><\/strong><\/figcaption><\/figure>\n<p>Com ordem de servi\u00e7o j\u00e1 assinadas, nas pr\u00f3ximas semanas, a Prefeitura vai come\u00e7ar as obras nas seguintes unidades: USF Algodoal, USF Eldorado 2, USF Kobayat Libano, USF Artemis 1 e 2, UBS Jardim Planalto, USF Tupi, USF Monte L\u00edbano II e UBS Cecap (antigo Crab). Recentemente, a Prefeitura abriu licita\u00e7\u00e3o \u2013 ainda em curso \u2013 para a etapa IV de reformas de unidades de sa\u00fade por meio do edital de concorr\u00eancia n\u00ba 07\/24 para execu\u00e7\u00e3o de obras na USF e Farm\u00e1cia do Cecap e da USF Jaragu\u00e1 I.<\/p>\n<\/div>\n<p><br \/>\n<br \/><a href=\"https:\/\/piracicaba.sp.gov.br\/noticias\/prefeitura-inicia-obras-de-reforma-em-11-unidades-de-saude\/\" rel=\"noopener\">Informa\u00e7\u00f5es PMP <\/a><\/p>\n","protected":false},"excerpt":{"rendered":"<p>USF Santa F\u00e9 passa por reformas e atendimento dos usu\u00e1rios est\u00e1 acontecendo temporariamente na UBS Novo Horizonte Com investimento de R$ 3,11 milh\u00f5es, a Prefeitura de Piracicaba, por meio das Secretarias de Sa\u00fade (SMS) e Obras (Semozel), deu in\u00edcio a um pacote de obras,\u00a0dividido em tr\u00eas etapas,\u00a0que vai reformar 11 unidades de sa\u00fade at\u00e9 o [&hellip;]<\/p>\n","protected":false},"author":1,"featured_media":2638,"comment_status":"open","ping_status":"open","sticky":false,"template":"","format":"standard","meta":{"_jetpack_newsletter_access":"","_jetpack_dont_email_post_to_subs":false,"_jetpack_newsletter_tier_id":0,"_jetpack_memberships_contains_paywalled_content":false,"_mbp_banners":[],"_jetpack_feature_clip_id":0,"_jetpack_memberships_contains_paid_content":false,"footnotes":"","jetpack_publicize_message":"","jetpack_publicize_feature_enabled":true,"jetpack_social_post_already_shared":true,"jetpack_social_options":{"image_generator_settings":{"template":"highway","default_image_id":0,"font":"","enabled":false},"version":2},"jetpack_post_was_ever_published":false},"categories":[20],"tags":[],"class_list":["post-2637","post","type-post","status-publish","format-standard","has-post-thumbnail","category-regiao"],"jetpack_publicize_connections":[],"jetpack-related-posts":[],"jetpack_shortlink":"https:\/\/wp.me\/p7Eq1F-Gx","jetpack_sharing_enabled":true,"jetpack_featured_media_url":"https:\/\/i0.wp.com\/guialimeira.com.br\/news\/wp-content\/uploads\/2024\/04\/USF-Santa-Fe-passa-por-reformas-e-atendimento-dos-usuarios-esta-acontecendo-temporariamente-na-UBS-Novo-Horizonte-scaled.jpg?fit=2560%2C1706&ssl=1","_links":{"self":[{"href":"https:\/\/guialimeira.com.br\/news\/wp-json\/wp\/v2\/posts\/2637","targetHints":{"allow":["GET"]}}],"collection":[{"href":"https:\/\/guialimeira.com.br\/news\/wp-json\/wp\/v2\/posts"}],"about":[{"href":"https:\/\/guialimeira.com.br\/news\/wp-json\/wp\/v2\/types\/post"}],"author":[{"embeddable":true,"href":"https:\/\/guialimeira.com.br\/news\/wp-json\/wp\/v2\/users\/1"}],"replies":[{"embeddable":true,"href":"https:\/\/guialimeira.com.br\/news\/wp-json\/wp\/v2\/comments?post=2637"}],"version-history":[{"count":0,"href":"https:\/\/guialimeira.com.br\/news\/wp-json\/wp\/v2\/posts\/2637\/revisions"}],"wp:featuredmedia":[{"embeddable":true,"href":"https:\/\/guialimeira.com.br\/news\/wp-json\/wp\/v2\/media\/2638"}],"wp:attachment":[{"href":"https:\/\/guialimeira.com.br\/news\/wp-json\/wp\/v2\/media?parent=2637"}],"wp:term":[{"taxonomy":"category","embeddable":true,"href":"https:\/\/guialimeira.com.br\/news\/wp-json\/wp\/v2\/categories?post=2637"},{"taxonomy":"post_tag","embeddable":true,"href":"https:\/\/guialimeira.com.br\/news\/wp-json\/wp\/v2\/tags?post=2637"}],"curies":[{"name":"wp","href":"https:\/\/api.w.org\/{rel}","templated":true}]}}