{"id":26365,"date":"2025-03-11T17:45:54","date_gmt":"2025-03-11T20:45:54","guid":{"rendered":"https:\/\/guialimeira.com.br\/?p=26365"},"modified":"2025-03-11T17:45:54","modified_gmt":"2025-03-11T20:45:54","slug":"em-reuniao-ccjr-da-camara-de-limeira-analisa-27-projetos","status":"publish","type":"post","link":"https:\/\/guialimeira.com.br\/news\/em-reuniao-ccjr-da-camara-de-limeira-analisa-27-projetos\/","title":{"rendered":"Em reuni\u00e3o, CCJR da C\u00e2mara de Limeira analisa 27 projetos"},"content":{"rendered":"\n<figure class=\"wp-block-gallery has-nested-images columns-default is-cropped wp-block-gallery-1 is-layout-flex wp-block-gallery-is-layout-flex\"><\/figure>\n \r\n<br><img data-recalc-dims=\"1\" decoding=\"async\" src=\"https:\/\/i0.wp.com\/guialimeira.com.br\/wp-content\/uploads\/2025\/03\/2025-03-11_em-reuniao-ccjr-da-camara-de-limeira-analisa-27-projetos_1.jpg?w=696&#038;ssl=1\" \/><br><div>\n\t\t\t\t\t<p>A Comiss\u00e3o de Constitui\u00e7\u00e3o, Justi\u00e7a e Reda\u00e7\u00e3o da C\u00e2mara de Limeira se reuniu nesta ter\u00e7a-feira, 11 de mar\u00e7o, para analisar 27 projetos que estavam em <a href=\"https:\/\/consulta.limeira.sp.leg.br\/Sessoes\/Documento\/369064\" rel=\"noopener\">pauta<\/a>.\u00a0 Das propostas, 12 receberam pareceres favor\u00e1veis e seguem a tramita\u00e7\u00e3o para as demais comiss\u00f5es permanentes da Casa, as outras permanecem em estudo ou foram encaminhadas para a Procuradoria Legislativa, para elabora\u00e7\u00e3o de parecer, conforme o registro em <a href=\"https:\/\/consulta.limeira.sp.leg.br\/arquivo?Id=482576\" rel=\"noopener\">ata<\/a>.\u00a0<\/p><p>A CCJR se manifesta sobre o aspecto constitucional, legal, regimental, gramatical e l\u00f3gico de todas as proposi\u00e7\u00f5es que tramitam na C\u00e2mara.\u00a0 S\u00e3o membros do colegiado os vereadores Mara Isa Mattos Silveira (PL), presidente; Anderson Pereira (PSD), vice-presidente; e Mariana Calsa (MDB), secret\u00e1ria. As reuni\u00f5es acontecem semanalmente \u00e0s ter\u00e7as-feiras \u00e0s 16h.<\/p><p>Confira os projetos com pareceres favor\u00e1veis:<\/p><p><a href=\"https:\/\/consulta.limeira.sp.leg.br\/Documentos\/Documento\/366693\" rel=\"noopener\">Proposta de Emenda \u00e0 Lei Org\u00e2nica N\u00ba 1\/2025 <\/a>&#8211; do vereador Elias Barbosa (PRTB), modifica a reda\u00e7\u00e3o do inciso XXVII do artigo 81, da <a href=\"https:\/\/legislacao.limeira.sp.leg.br\/Limeira-SP\/LeisOrganicas\/1-1990\" rel=\"noopener\">Lei Org\u00e2nica Municipal N\u00ba 1\/1990<\/a>, para reduzir o prazo de 15 para 10 dias para que a Prefeitura preste informa\u00e7\u00f5es \u00e0 C\u00e2mara Municipal e entidades previstas na legisla\u00e7\u00e3o.<\/p><p><a href=\"https:\/\/consulta.limeira.sp.leg.br\/Documentos\/Documento\/366241\" rel=\"noopener\">Projeto de Decreto Legislativo N\u00ba 1\/2025<\/a> \u2013 do vereador Everton Ferreira (PSD), concede o Diploma de Gratid\u00e3o da Cidade de Limeira e a Medalha de M\u00e9rito C\u00edvico XV de Setembro \u201cOrdem de Tatuiby\u201d \u00e0 Santa Casa de Limeira pelos seus 130 anos de hist\u00f3ria e servi\u00e7os prestados \u00e0 cidade.<\/p><p><a href=\"https:\/\/consulta.limeira.sp.leg.br\/Documentos\/Documento\/361718\" rel=\"noopener\">Projeto de Lei N\u00ba 161\/2024<\/a> \u2013 do vereador Waguinho da Santa Luzia (PP), declara de utilidade p\u00fablica o Centro Social Alessandra Neves.<\/p><p><a href=\"https:\/\/consulta.limeira.sp.leg.br\/Documentos\/Documento\/365756\" rel=\"noopener\">Projeto de Lei N\u00ba 15\/2025<\/a> \u2013 do vereador Guilherme Guido (PL), determina a institui\u00e7\u00e3o e a cria\u00e7\u00e3o de um programa destinado a promover melhorias nas instala\u00e7\u00f5es f\u00edsicas dos centros comunit\u00e1rios pertencentes ao munic\u00edpio com a participa\u00e7\u00e3o volunt\u00e1ria da sociedade civil e do setor p\u00fablico.<\/p><p><a href=\"https:\/\/consulta.limeira.sp.leg.br\/Documentos\/Documento\/366616\" rel=\"noopener\">Projeto de Lei N\u00ba 19\/2025<\/a> \u2013 do vereador Costa J\u00fanior (Podemos), disp\u00f5e sobre a cria\u00e7\u00e3o de medidas de seguran\u00e7a pessoal para mulheres que possuem medida protetiva no munic\u00edpio.<\/p><p><a href=\"https:\/\/consulta.limeira.sp.leg.br\/Documentos\/Documento\/366669\" rel=\"noopener\">Projeto de Lei N\u00ba 22\/2025<\/a> \u2013 do vereador Everton Ferreira (PSD), institui a pol\u00edtica de sa\u00fade p\u00fablica \u201cM\u00e9dicos Tatuibi\u201d no \u00e2mbito do munic\u00edpio.<\/p><p><a href=\"https:\/\/consulta.limeira.sp.leg.br\/Documentos\/Documento\/366677\" rel=\"noopener\">Projeto de Lei N\u00ba 23\/2025<\/a> \u2013 do vereador Nilton Santos (Republicanos), disp\u00f5e sobre a proibi\u00e7\u00e3o do uso de cigarros eletr\u00f4nicos e\/ou similares em locais p\u00fablicos no \u00e2mbito do munic\u00edpio, bem como da proibi\u00e7\u00e3o da sua venda e comercializa\u00e7\u00e3o aos menores de 18 anos de idade.<\/p><p><a href=\"https:\/\/consulta.limeira.sp.leg.br\/Documentos\/Documento\/367290\" rel=\"noopener\">Projeto de Lei N\u00ba 25\/2025<\/a> &#8211; do vereador Nilton Santos (Republicanos), disp\u00f5e sobre a obrigatoriedade de afixa\u00e7\u00e3o de cartazes informando o contato dos conselhos tutelares e da \u00e1rea de abrang\u00eancia nos estabelecimentos de ensino no munic\u00edpio.<\/p><p><a href=\"https:\/\/consulta.limeira.sp.leg.br\/Documentos\/Documento\/367503\" rel=\"noopener\">Projeto de Lei N\u00ba 28\/2025<\/a> &#8211; do vereador Costa J\u00fanior (Podemos), disp\u00f5e sobre a obrigatoriedade de divulga\u00e7\u00e3o de informa\u00e7\u00f5es sobre as a\u00e7\u00f5es de combate ao Aedes aegypti, particularmente nas regi\u00f5es com maior \u00edndice de casos de dengue e Zika v\u00edrus, no site oficial do munic\u00edpio.<\/p><p><a href=\"https:\/\/consulta.limeira.sp.leg.br\/Documentos\/Documento\/366679\" rel=\"noopener\">Projeto de Resolu\u00e7\u00e3o N\u00ba 7\/2025<\/a> \u2013 do vereador Everton Ferreira (PSD), institui, no \u00e2mbito da C\u00e2mara Municipal de Limeira, a medalha \u201cM\u00e9dicos Tatuibi\u201d.<\/p><p><a href=\"http:\/\/v\">Projeto de Resolu\u00e7\u00e3o N\u00ba 8\/2025<\/a> &#8211; da Mesa Diretora, composta pelos vereadores Everton Ferreira (PSD), Costa J\u00fanior (Podemos), Tatiane Lopes (Avante) e Mara Isa Mattos Silveira (PL), altera dispositivos e os anexos da <a href=\"https:\/\/legislacao.limeira.sp.leg.br\/limeira-sp?Pagina=1&amp;Pesquisa=Avancada&amp;TipoId=0&amp;Numero=846&amp;Ano=2023&amp;Data=&amp;NumeroFinal=&amp;AnoFinal=&amp;DataFinal=&amp;SituacaoId=0&amp;ClassificacaoId=0&amp;IniciativaTipoId=0&amp;IniciativaEntidadeId=0&amp;EmentaAssunto=&amp;NoTexto=false\" rel=\"noopener\">Resolu\u00e7\u00e3o N\u00ba 846\/2023<\/a>, que disp\u00f5e sobre a estrutura\u00e7\u00e3o administrativa e organizacional e sobre o quadro permanente de cargos, refer\u00eancias, vencimentos, fun\u00e7\u00f5es gratificadas e atribui\u00e7\u00f5es da C\u00e2mara Municipal de Limeira.<\/p><p><a href=\"https:\/\/consulta.limeira.sp.leg.br\/Documentos\/Documento\/366639\" rel=\"noopener\">Projeto de Lei Complementar N\u00ba 2\/2025<\/a> \u2013 da vereadora Mara Isa Mattos Silveira (PL), altera a reda\u00e7\u00e3o do artigo 202 da <a href=\"https:\/\/legislacao.limeira.sp.leg.br\/Limeira-SP\/LeisOrdinarias\/1890-1983\" rel=\"noopener\">Lei N\u00ba 1890\/1983<\/a>, que estabelece sobre o C\u00f3digo Tribut\u00e1rio Municipal, para dispor sobre as formas de notifica\u00e7\u00e3o.<\/p>\t\t\t\t<\/div>\r\n<br>\r\n<br><a href=\"https:\/\/www.limeira.sp.leg.br\/noticias\/view\/2025-03-11_em-reuniao-ccjr-da-camara-de-limeira-analisa-27-projetos\" rel=\"noopener\">Informa\u00e7\u00f5es CML <\/a>","protected":false},"excerpt":{"rendered":"<p>A Comiss\u00e3o de Constitui\u00e7\u00e3o, Justi\u00e7a e Reda\u00e7\u00e3o da C\u00e2mara de Limeira se reuniu nesta ter\u00e7a-feira, 11 de mar\u00e7o, para analisar 27 projetos que estavam em pauta.\u00a0 Das propostas, 12 receberam pareceres favor\u00e1veis e seguem a tramita\u00e7\u00e3o para as demais comiss\u00f5es permanentes da Casa, as outras permanecem em estudo ou foram encaminhadas para a Procuradoria Legislativa, [&hellip;]<\/p>\n","protected":false},"author":1,"featured_media":26366,"comment_status":"open","ping_status":"open","sticky":false,"template":"","format":"standard","meta":{"_jetpack_newsletter_access":"","_jetpack_dont_email_post_to_subs":false,"_jetpack_newsletter_tier_id":0,"_jetpack_memberships_contains_paywalled_content":false,"_mbp_banners":[],"_jetpack_feature_clip_id":0,"_jetpack_memberships_contains_paid_content":false,"footnotes":"","jetpack_publicize_message":"","jetpack_publicize_feature_enabled":true,"jetpack_social_post_already_shared":true,"jetpack_social_options":{"image_generator_settings":{"template":"highway","default_image_id":0,"font":"","enabled":false},"version":2},"jetpack_post_was_ever_published":false},"categories":[19],"tags":[],"class_list":["post-26365","post","type-post","status-publish","format-standard","has-post-thumbnail","category-politica"],"jetpack_publicize_connections":[],"jetpack-related-posts":[],"jetpack_shortlink":"https:\/\/wp.me\/p7Eq1F-6Rf","jetpack_sharing_enabled":true,"jetpack_featured_media_url":"https:\/\/i0.wp.com\/guialimeira.com.br\/news\/wp-content\/uploads\/2025\/03\/Em-reuniao-CCJR-da-Camara-de-Limeira-analisa-27-projetos.jpg?fit=1280%2C640&ssl=1","_links":{"self":[{"href":"https:\/\/guialimeira.com.br\/news\/wp-json\/wp\/v2\/posts\/26365","targetHints":{"allow":["GET"]}}],"collection":[{"href":"https:\/\/guialimeira.com.br\/news\/wp-json\/wp\/v2\/posts"}],"about":[{"href":"https:\/\/guialimeira.com.br\/news\/wp-json\/wp\/v2\/types\/post"}],"author":[{"embeddable":true,"href":"https:\/\/guialimeira.com.br\/news\/wp-json\/wp\/v2\/users\/1"}],"replies":[{"embeddable":true,"href":"https:\/\/guialimeira.com.br\/news\/wp-json\/wp\/v2\/comments?post=26365"}],"version-history":[{"count":1,"href":"https:\/\/guialimeira.com.br\/news\/wp-json\/wp\/v2\/posts\/26365\/revisions"}],"predecessor-version":[{"id":26367,"href":"https:\/\/guialimeira.com.br\/news\/wp-json\/wp\/v2\/posts\/26365\/revisions\/26367"}],"wp:featuredmedia":[{"embeddable":true,"href":"https:\/\/guialimeira.com.br\/news\/wp-json\/wp\/v2\/media\/26366"}],"wp:attachment":[{"href":"https:\/\/guialimeira.com.br\/news\/wp-json\/wp\/v2\/media?parent=26365"}],"wp:term":[{"taxonomy":"category","embeddable":true,"href":"https:\/\/guialimeira.com.br\/news\/wp-json\/wp\/v2\/categories?post=26365"},{"taxonomy":"post_tag","embeddable":true,"href":"https:\/\/guialimeira.com.br\/news\/wp-json\/wp\/v2\/tags?post=26365"}],"curies":[{"name":"wp","href":"https:\/\/api.w.org\/{rel}","templated":true}]}}