{"id":26359,"date":"2025-03-11T17:36:24","date_gmt":"2025-03-11T20:36:24","guid":{"rendered":"https:\/\/guialimeira.com.br\/?p=26359"},"modified":"2025-03-11T17:36:26","modified_gmt":"2025-03-11T20:36:26","slug":"programa-de-prevencao-a-doencas-cronicas-em-creches-e-escolas-publicas-de-limeira","status":"publish","type":"post","link":"https:\/\/guialimeira.com.br\/news\/programa-de-prevencao-a-doencas-cronicas-em-creches-e-escolas-publicas-de-limeira\/","title":{"rendered":"Programa de preven\u00e7\u00e3o a doen\u00e7as cr\u00f4nicas em creches e escolas p\u00fablicas de Limeira"},"content":{"rendered":"\n<p class=\"wp-block-paragraph\">A sa\u00fade das crian\u00e7as deve ser uma prioridade, especialmente no ambiente escolar. Pensando nisso, o vereador <strong>Carlinhos do Grotta (PL)<\/strong> prop\u00f4s a cria\u00e7\u00e3o do <strong>Programa de Preven\u00e7\u00e3o a Doen\u00e7as Cr\u00f4nicas em Creches e Escolas P\u00fablicas de Limeira<\/strong>. O objetivo principal \u00e9 <strong>identificar precocemente doen\u00e7as cr\u00f4nicas<\/strong> entre os alunos, permitindo um encaminhamento \u00e1gil para tratamento adequado.<\/p>\n\n\n\n<h2 class=\"wp-block-heading\"><strong>Como funcionar\u00e1 o programa?<\/strong><\/h2>\n\n\n\n<p class=\"wp-block-paragraph\">O projeto prev\u00ea a aplica\u00e7\u00e3o de um <strong>question\u00e1rio de sa\u00fade<\/strong> no in\u00edcio do ano letivo (ou no momento da matr\u00edcula), que ser\u00e1 preenchido pelos pais ou respons\u00e1veis. Esse formul\u00e1rio ajudar\u00e1 na <strong>detec\u00e7\u00e3o de sinais de doen\u00e7as cr\u00f4nicas<\/strong> como:<\/p>\n\n\n\n<p class=\"wp-block-paragraph\">\u2714 <strong>Asma<\/strong><br>\u2714 <strong>Fibrose c\u00edstica<\/strong><br>\u2714 <strong>Cardiopatia cong\u00eanita<\/strong><br>\u2714 <strong>Diabetes mellitus<\/strong><br>\u2714 <strong>Transtorno do D\u00e9ficit de Aten\u00e7\u00e3o e Hiperatividade (TDAH)<\/strong><br>\u2714 <strong>Depress\u00e3o infantil<\/strong>, entre outras.<\/p>\n\n\n\n<p class=\"wp-block-paragraph\">Caso seja identificada alguma necessidade, a crian\u00e7a ser\u00e1 <strong>encaminhada com prioridade para a rede p\u00fablica de sa\u00fade<\/strong>, garantindo o acesso a exames e tratamentos especializados.<\/p>\n\n\n\n<h2 class=\"wp-block-heading\"><strong>Benef\u00edcios do programa<\/strong><\/h2>\n\n\n\n<p class=\"wp-block-paragraph\">\u2705 <strong>Diagn\u00f3stico precoce<\/strong>, possibilitando um tratamento mais eficaz;<br>\u2705 <strong>Seguran\u00e7a para pais e respons\u00e1veis<\/strong>, que poder\u00e3o monitorar a sa\u00fade das crian\u00e7as de forma mais atenta;<br>\u2705 <strong>Acompanhamento cont\u00ednuo<\/strong>, permitindo a\u00e7\u00f5es preventivas dentro das escolas;<br>\u2705 <strong>Redu\u00e7\u00e3o de complica\u00e7\u00f5es futuras<\/strong>, evitando agravamento de doen\u00e7as n\u00e3o identificadas a tempo.<\/p>\n\n\n\n<p class=\"wp-block-paragraph\">Al\u00e9m das escolas e creches, o programa tamb\u00e9m poder\u00e1 ser <strong>expandido para usu\u00e1rios da Secretaria Municipal de Assist\u00eancia Social<\/strong>, garantindo um atendimento mais amplo para crian\u00e7as em situa\u00e7\u00e3o de vulnerabilidade.<\/p>\n\n\n\n<h2 class=\"wp-block-heading\"><strong>Compromisso com a sa\u00fade das crian\u00e7as<\/strong><\/h2>\n\n\n\n<p class=\"wp-block-paragraph\">O vereador <strong>Carlinhos do Grotta<\/strong> refor\u00e7a que essa iniciativa busca tornar a sa\u00fade p\u00fablica <strong>mais acess\u00edvel e humanizada<\/strong>, permitindo que crian\u00e7as recebam <strong>o suporte necess\u00e1rio antes que as doen\u00e7as avancem<\/strong>.<\/p>\n\n\n\n<p class=\"wp-block-paragraph\">Agora, o projeto aguarda an\u00e1lise e aprova\u00e7\u00e3o, e a participa\u00e7\u00e3o da sociedade \u00e9 fundamental para apoiar essa iniciativa. \ud83d\udc99<\/p>\n\n\n\n<p class=\"wp-block-paragraph\">Compartilhe essa informa\u00e7\u00e3o e ajude a garantir um futuro mais saud\u00e1vel para nossas crian\u00e7as! \ud83d\udc4f\u2728<\/p>\n","protected":false},"excerpt":{"rendered":"<p>A sa\u00fade das crian\u00e7as deve ser uma prioridade, especialmente no ambiente escolar. Pensando nisso, o vereador Carlinhos do Grotta (PL) prop\u00f4s a cria\u00e7\u00e3o do Programa de Preven\u00e7\u00e3o a Doen\u00e7as Cr\u00f4nicas em Creches e Escolas P\u00fablicas de Limeira. O objetivo principal \u00e9 identificar precocemente doen\u00e7as cr\u00f4nicas entre os alunos, permitindo um encaminhamento \u00e1gil para tratamento adequado. [&hellip;]<\/p>\n","protected":false},"author":1,"featured_media":26360,"comment_status":"open","ping_status":"open","sticky":false,"template":"","format":"standard","meta":{"_jetpack_newsletter_access":"","_jetpack_dont_email_post_to_subs":false,"_jetpack_newsletter_tier_id":0,"_jetpack_memberships_contains_paywalled_content":false,"_mbp_banners":[],"_jetpack_feature_clip_id":0,"_jetpack_memberships_contains_paid_content":false,"footnotes":"","jetpack_publicize_message":"","jetpack_publicize_feature_enabled":true,"jetpack_social_post_already_shared":true,"jetpack_social_options":{"image_generator_settings":{"template":"highway","default_image_id":0,"font":"","enabled":false},"version":2},"jetpack_post_was_ever_published":false},"categories":[19],"tags":[],"class_list":["post-26359","post","type-post","status-publish","format-standard","has-post-thumbnail","category-politica"],"jetpack_publicize_connections":[],"jetpack-related-posts":[],"jetpack_shortlink":"https:\/\/wp.me\/p7Eq1F-6R9","jetpack_sharing_enabled":true,"jetpack_featured_media_url":"https:\/\/i0.wp.com\/guialimeira.com.br\/news\/wp-content\/uploads\/2025\/03\/saude-criancas-sindrome-creche.jpg?fit=1280%2C720&ssl=1","_links":{"self":[{"href":"https:\/\/guialimeira.com.br\/news\/wp-json\/wp\/v2\/posts\/26359","targetHints":{"allow":["GET"]}}],"collection":[{"href":"https:\/\/guialimeira.com.br\/news\/wp-json\/wp\/v2\/posts"}],"about":[{"href":"https:\/\/guialimeira.com.br\/news\/wp-json\/wp\/v2\/types\/post"}],"author":[{"embeddable":true,"href":"https:\/\/guialimeira.com.br\/news\/wp-json\/wp\/v2\/users\/1"}],"replies":[{"embeddable":true,"href":"https:\/\/guialimeira.com.br\/news\/wp-json\/wp\/v2\/comments?post=26359"}],"version-history":[{"count":1,"href":"https:\/\/guialimeira.com.br\/news\/wp-json\/wp\/v2\/posts\/26359\/revisions"}],"predecessor-version":[{"id":26361,"href":"https:\/\/guialimeira.com.br\/news\/wp-json\/wp\/v2\/posts\/26359\/revisions\/26361"}],"wp:featuredmedia":[{"embeddable":true,"href":"https:\/\/guialimeira.com.br\/news\/wp-json\/wp\/v2\/media\/26360"}],"wp:attachment":[{"href":"https:\/\/guialimeira.com.br\/news\/wp-json\/wp\/v2\/media?parent=26359"}],"wp:term":[{"taxonomy":"category","embeddable":true,"href":"https:\/\/guialimeira.com.br\/news\/wp-json\/wp\/v2\/categories?post=26359"},{"taxonomy":"post_tag","embeddable":true,"href":"https:\/\/guialimeira.com.br\/news\/wp-json\/wp\/v2\/tags?post=26359"}],"curies":[{"name":"wp","href":"https:\/\/api.w.org\/{rel}","templated":true}]}}