{"id":26334,"date":"2025-03-11T15:43:58","date_gmt":"2025-03-11T18:43:58","guid":{"rendered":"https:\/\/guialimeira.com.br\/?p=26334"},"modified":"2025-03-11T15:43:58","modified_gmt":"2025-03-11T18:43:58","slug":"semana-da-mulher-camara-municipal-de-limeira-vai-homenagear-21-personalidades","status":"publish","type":"post","link":"https:\/\/guialimeira.com.br\/news\/semana-da-mulher-camara-municipal-de-limeira-vai-homenagear-21-personalidades\/","title":{"rendered":"Semana da Mulher: C\u00e2mara Municipal de Limeira vai homenagear 21 personalidades"},"content":{"rendered":"\n<figure class=\"wp-block-gallery has-nested-images columns-default is-cropped wp-block-gallery-1 is-layout-flex wp-block-gallery-is-layout-flex\"><\/figure>\n \r\n<br><img data-recalc-dims=\"1\" decoding=\"async\" src=\"https:\/\/i0.wp.com\/guialimeira.com.br\/wp-content\/uploads\/2025\/03\/2025-03-11_semana-da-mulher-camara-municipal-de-limeira-vai-homenagear-21-personalidades_1.jpg?w=696&#038;ssl=1\" \/><br><div>\n\t\t\t\t\t<p>Nesta segunda-feira, 10 de mar\u00e7o, a C\u00e2mara Municipal de Limeira aprovou o <a href=\"https:\/\/consulta.limeira.sp.leg.br\/Documentos\/Documento\/368927\" rel=\"noopener\">Projeto de Decreto Legislativo N\u00ba 3\/2025<\/a>, de autoria das vereadoras Lu Bogo (PL), Isabelly Carvalho (PL), Mara Isa Mattos Silveira (PL), Mariana Calsa (MDB), Tatiane Lopes (Avante), que concede homenagem da \u201cSemana da Mulher\u201d.<\/p><p>Ser\u00e3o 21 mulheres homenageadas, confira os nomes e os vereadores que as indicaram:\u00a0<\/p><p>\u00c9rica Lucimayre Ganzarolli Sinico &#8211; Anderson Pereira (PSD);<\/p><p>Edna Alexandre Sanches &#8211; Elias Barbosa (PRTB);<\/p><p>Pastora Maria Rosa do Prado Pires &#8211; Estev\u00e3o Nogueira (Avante);<\/p><p>Manoela Aparecida Soares da Silva &#8211; Everton Ferreira (PSD);<\/p><p>Maria Alice Martins Zulske &#8211; Felipe Penedo (PL);<\/p><p>Priscila Metzker &#8211; Guilherme Guido (PL);<\/p><p>C\u00e9lia Pires de Santana &#8211; Helder do T\u00e1xi (PSD);<\/p><p>Fabiana Fioretti Shiraga &#8211; Isabelly Carvalho (PT);<\/p><p>Ros\u00e2ngela Viegas de Ara\u00fajo Pereira &#8211; Jo\u00e3o Antunes Bano (SD);<\/p><p>Idalina Fernandes Maciel \u2013 Z\u00e9 da Farm\u00e1cia (SD);<\/p><p>Marlene Mengato Paleta \u2013 Carlinhos do Grotta (PL);<\/p><p>J\u00fania Mariano Rodrigues Pereira &#8211; Lu Bogo (PL);<\/p><p>Angela Maria Messias Moraes &#8211; Mara Isa Mattos Silveira (PL);<\/p><p>Maria Jos\u00e9 Ferreira Hebling &#8211; Dr. Marcelo Rossi (MDB);<\/p><p>Maria Teresinha Brisolla Nilsson Spagnolo &#8211; M\u00e1rcio do Estacionamento (DC);<\/p><p>Solange De Jesus Correa &#8211; Mariana Calsa (MDB);<\/p><p>Terezinha Amaral &#8211; Nilton Santos (Republicanos);<\/p><p>Pastora Ana Carolina Degan &#8211; Sidney Pascotto (PRTB);<\/p><p>Luciana Avigo F\u00e9lix &#8211; Tatiane Lopes (Avante);<\/p><p>Nair Gentil Facco \u2013 Costa J\u00fanior (Podemos);<\/p><p>Leilamar Aparecida De Jesus Mota Oliveira \u2013 Waguinho da Santa Luzia (PP).<\/p>\t\t\t\t<\/div>\r\n<br>\r\n<br><a href=\"https:\/\/www.limeira.sp.leg.br\/noticias\/view\/2025-03-11_semana-da-mulher-camara-municipal-de-limeira-vai-homenagear-21-personalidades\" rel=\"noopener\">Informa\u00e7\u00f5es CML <\/a>","protected":false},"excerpt":{"rendered":"<p>Nesta segunda-feira, 10 de mar\u00e7o, a C\u00e2mara Municipal de Limeira aprovou o Projeto de Decreto Legislativo N\u00ba 3\/2025, de autoria das vereadoras Lu Bogo (PL), Isabelly Carvalho (PL), Mara Isa Mattos Silveira (PL), Mariana Calsa (MDB), Tatiane Lopes (Avante), que concede homenagem da \u201cSemana da Mulher\u201d. Ser\u00e3o 21 mulheres homenageadas, confira os nomes e os [&hellip;]<\/p>\n","protected":false},"author":1,"featured_media":26335,"comment_status":"open","ping_status":"open","sticky":false,"template":"","format":"standard","meta":{"_jetpack_newsletter_access":"","_jetpack_dont_email_post_to_subs":false,"_jetpack_newsletter_tier_id":0,"_jetpack_memberships_contains_paywalled_content":false,"_mbp_banners":[],"_jetpack_feature_clip_id":0,"_jetpack_memberships_contains_paid_content":false,"footnotes":"","jetpack_publicize_message":"","jetpack_publicize_feature_enabled":true,"jetpack_social_post_already_shared":true,"jetpack_social_options":{"image_generator_settings":{"template":"highway","default_image_id":0,"font":"","enabled":false},"version":2},"jetpack_post_was_ever_published":false},"categories":[19],"tags":[],"class_list":["post-26334","post","type-post","status-publish","format-standard","has-post-thumbnail","category-politica"],"jetpack_publicize_connections":[],"jetpack-related-posts":[],"jetpack_shortlink":"https:\/\/wp.me\/p7Eq1F-6QK","jetpack_sharing_enabled":true,"jetpack_featured_media_url":"https:\/\/i0.wp.com\/guialimeira.com.br\/news\/wp-content\/uploads\/2025\/03\/Semana-da-Mulher-Camara-Municipal-de-Limeira-vai-homenagear-21.jpg?fit=1280%2C640&ssl=1","_links":{"self":[{"href":"https:\/\/guialimeira.com.br\/news\/wp-json\/wp\/v2\/posts\/26334","targetHints":{"allow":["GET"]}}],"collection":[{"href":"https:\/\/guialimeira.com.br\/news\/wp-json\/wp\/v2\/posts"}],"about":[{"href":"https:\/\/guialimeira.com.br\/news\/wp-json\/wp\/v2\/types\/post"}],"author":[{"embeddable":true,"href":"https:\/\/guialimeira.com.br\/news\/wp-json\/wp\/v2\/users\/1"}],"replies":[{"embeddable":true,"href":"https:\/\/guialimeira.com.br\/news\/wp-json\/wp\/v2\/comments?post=26334"}],"version-history":[{"count":1,"href":"https:\/\/guialimeira.com.br\/news\/wp-json\/wp\/v2\/posts\/26334\/revisions"}],"predecessor-version":[{"id":26336,"href":"https:\/\/guialimeira.com.br\/news\/wp-json\/wp\/v2\/posts\/26334\/revisions\/26336"}],"wp:featuredmedia":[{"embeddable":true,"href":"https:\/\/guialimeira.com.br\/news\/wp-json\/wp\/v2\/media\/26335"}],"wp:attachment":[{"href":"https:\/\/guialimeira.com.br\/news\/wp-json\/wp\/v2\/media?parent=26334"}],"wp:term":[{"taxonomy":"category","embeddable":true,"href":"https:\/\/guialimeira.com.br\/news\/wp-json\/wp\/v2\/categories?post=26334"},{"taxonomy":"post_tag","embeddable":true,"href":"https:\/\/guialimeira.com.br\/news\/wp-json\/wp\/v2\/tags?post=26334"}],"curies":[{"name":"wp","href":"https:\/\/api.w.org\/{rel}","templated":true}]}}