{"id":26325,"date":"2025-03-11T14:42:59","date_gmt":"2025-03-11T17:42:59","guid":{"rendered":"https:\/\/guialimeira.com.br\/?p=26325"},"modified":"2025-03-11T14:42:59","modified_gmt":"2025-03-11T17:42:59","slug":"vereador-felipe-penedo-propoe-projeto-para-garantir-qualidade-e-padronizacao-na-identificacao-de-predios-publicos","status":"publish","type":"post","link":"https:\/\/guialimeira.com.br\/news\/vereador-felipe-penedo-propoe-projeto-para-garantir-qualidade-e-padronizacao-na-identificacao-de-predios-publicos\/","title":{"rendered":"Vereador Felipe Penedo prop\u00f5e projeto para garantir qualidade e padroniza\u00e7\u00e3o na identifica\u00e7\u00e3o de pr\u00e9dios p\u00fablicos"},"content":{"rendered":"\n<figure class=\"wp-block-gallery has-nested-images columns-default is-cropped wp-block-gallery-1 is-layout-flex wp-block-gallery-is-layout-flex\"><\/figure>\n \r\n<br><img data-recalc-dims=\"1\" decoding=\"async\" src=\"https:\/\/i0.wp.com\/guialimeira.com.br\/wp-content\/uploads\/2025\/03\/2025-03-11_vereador-felipe-penedo-propoe-projeto-para-garantir-qualidade-e-padronizacao-na-identific.jpeg?w=696&#038;ssl=1\" \/><br><div>\n\t\t\t\t\t<p>O vereador Felipe Penedo (PL) apresentou nesta segunda-feira, 10 de mar\u00e7o, o <a href=\"https:\/\/consulta.limeira.sp.leg.br\/Documentos\/Documento\/368928\" rel=\"noopener\">Projeto de Lei N\u00b0 35\/2025<\/a> que estabelece diretrizes para a identifica\u00e7\u00e3o visual de pr\u00e9dios p\u00fablicos municipais, com foco na durabilidade, seriedade e padroniza\u00e7\u00e3o. A proposta determina que o Poder P\u00fablico utilize materiais resistentes e de alta qualidade para a identifica\u00e7\u00e3o de obras novas, reformas e amplia\u00e7\u00f5es, evitando solu\u00e7\u00f5es provis\u00f3rias e de baixa durabilidade.<\/p><p>De acordo com o projeto, a identifica\u00e7\u00e3o poder\u00e1 ser feita por totens, placas, letras-caixa ou tipografia diretamente aplicadas nas fachadas, desde que os materiais escolhidos sejam robustos e resistentes \u00e0s intemp\u00e9ries e ao desgaste do tempo.\u00a0<\/p><p>A utiliza\u00e7\u00e3o de materiais tempor\u00e1rios, fr\u00e1geis ou suscet\u00edveis \u00e0 degrada\u00e7\u00e3o r\u00e1pida ser\u00e1 expressamente proibida. \u201cNosso objetivo \u00e9 garantir que a identifica\u00e7\u00e3o dos pr\u00e9dios p\u00fablicos seja feita com qualidade e durabilidade, evitando improvisos e gastos recorrentes com substitui\u00e7\u00f5es e manuten\u00e7\u00e3o\u201d,\u00a0 justificou o vereador.<\/p><p>O uso de materiais de baixa resist\u00eancia compromete a seriedade da administra\u00e7\u00e3o p\u00fablica e passa a impress\u00e3o de descuido com o patrim\u00f4nio coletivo, completou.\u00a0<\/p><p>Al\u00e9m disso, a proposta estabelece que a administra\u00e7\u00e3o municipal dever\u00e1 criar diretrizes para a padroniza\u00e7\u00e3o da identidade visual dos pr\u00e9dios p\u00fablicos, assegurando que seja atemporal e impessoal, desvinculada de gest\u00f5es espec\u00edficas.\u00a0<\/p><p>&#8220;A padroniza\u00e7\u00e3o fortalece o princ\u00edpio da impessoalidade na administra\u00e7\u00e3o p\u00fablica, evitando que pr\u00e9dios e equipamentos p\u00fablicos sejam identificados com uma gest\u00e3o espec\u00edfica e garantindo que a comunica\u00e7\u00e3o visual do munic\u00edpio seja coerente e duradoura&#8221;, explicou Felipe Penedo.<\/p><p>A identifica\u00e7\u00e3o dever\u00e1 conter obrigatoriamente:<\/p><ul><li>Nome do pr\u00e9dio ou unidade p\u00fablica;<\/li><li>Data de inaugura\u00e7\u00e3o ou entrega da obra;<\/li><li>Nome da autoridade respons\u00e1vel pela execu\u00e7\u00e3o da obra.<\/li><\/ul><p>Todos os projetos de identifica\u00e7\u00e3o visual dever\u00e3o passar pela avalia\u00e7\u00e3o do departamento de projetos da secretaria competente, garantindo sua conformidade com as diretrizes estabelecidas. A proposta tamb\u00e9m pro\u00edbe o uso de logotipos, slogans ou qualquer outra marca associada a gest\u00f5es espec\u00edficas, em conformidade com a <a href=\"https:\/\/legislacao.limeira.sp.leg.br\/limeira-sp?Pagina=1&amp;Pesquisa=Avancada&amp;TipoId=0&amp;Numero=5671&amp;Ano=2016&amp;Data=&amp;NumeroFinal=&amp;AnoFinal=&amp;DataFinal=&amp;SituacaoId=0&amp;ClassificacaoId=0&amp;IniciativaTipoId=0&amp;IniciativaEntidadeId=0&amp;EmentaAssunto=&amp;NoTexto=false\" rel=\"noopener\">Lei N\u00ba 5.671\/2016<\/a>.<\/p><p>Por fim, o parlamentar destacou que a proposta visa trazer mais transpar\u00eancia, facilitar o reconhecimento dos pr\u00e9dios p\u00fablicos pelos cidad\u00e3os e promover uma identidade visual coesa e funcional para Limeira.<\/p><p>\u00a0<\/p><p><i>Do Gabinete Parlamentar \u2013 Vereador Felipe Penedo\u00a0 (PL)<\/i><\/p><p><strong>As mat\u00e9rias de origem dos Gabinetes Parlamentares s\u00e3o de inteira\u00a0 responsabilidade dos parlamentares e de suas assessorias. S\u00e3o devidamente assinadas e n\u00e3o refletem, necessariamente, a opini\u00e3o institucional da C\u00e2mara Municipal de Limeira.<\/strong><\/p>\t\t\t\t<\/div>\r\n<br>\r\n<br><a href=\"https:\/\/www.limeira.sp.leg.br\/noticias\/view\/2025-03-11_vereador-felipe-penedo-propoe-projeto-para-garantir-qualidade-e-padronizacao-na-identificacao-de-predios-publicos\" rel=\"noopener\">Informa\u00e7\u00f5es CML <\/a>","protected":false},"excerpt":{"rendered":"<p>O vereador Felipe Penedo (PL) apresentou nesta segunda-feira, 10 de mar\u00e7o, o Projeto de Lei N\u00b0 35\/2025 que estabelece diretrizes para a identifica\u00e7\u00e3o visual de pr\u00e9dios p\u00fablicos municipais, com foco na durabilidade, seriedade e padroniza\u00e7\u00e3o. A proposta determina que o Poder P\u00fablico utilize materiais resistentes e de alta qualidade para a identifica\u00e7\u00e3o de obras novas, [&hellip;]<\/p>\n","protected":false},"author":1,"featured_media":26326,"comment_status":"open","ping_status":"open","sticky":false,"template":"","format":"standard","meta":{"_jetpack_newsletter_access":"","_jetpack_dont_email_post_to_subs":false,"_jetpack_newsletter_tier_id":0,"_jetpack_memberships_contains_paywalled_content":false,"_mbp_banners":[],"_jetpack_feature_clip_id":0,"_jetpack_memberships_contains_paid_content":false,"footnotes":"","jetpack_publicize_message":"","jetpack_publicize_feature_enabled":true,"jetpack_social_post_already_shared":true,"jetpack_social_options":{"image_generator_settings":{"template":"highway","default_image_id":0,"font":"","enabled":false},"version":2},"jetpack_post_was_ever_published":false},"categories":[19],"tags":[],"class_list":["post-26325","post","type-post","status-publish","format-standard","has-post-thumbnail","category-politica"],"jetpack_publicize_connections":[],"jetpack-related-posts":[],"jetpack_shortlink":"https:\/\/wp.me\/p7Eq1F-6QB","jetpack_sharing_enabled":true,"jetpack_featured_media_url":"https:\/\/i0.wp.com\/guialimeira.com.br\/news\/wp-content\/uploads\/2025\/03\/Vereador-Felipe-Penedo-propoe-projeto-para-garantir-qualidade-e-padronizacao.jpeg?fit=1280%2C640&ssl=1","_links":{"self":[{"href":"https:\/\/guialimeira.com.br\/news\/wp-json\/wp\/v2\/posts\/26325","targetHints":{"allow":["GET"]}}],"collection":[{"href":"https:\/\/guialimeira.com.br\/news\/wp-json\/wp\/v2\/posts"}],"about":[{"href":"https:\/\/guialimeira.com.br\/news\/wp-json\/wp\/v2\/types\/post"}],"author":[{"embeddable":true,"href":"https:\/\/guialimeira.com.br\/news\/wp-json\/wp\/v2\/users\/1"}],"replies":[{"embeddable":true,"href":"https:\/\/guialimeira.com.br\/news\/wp-json\/wp\/v2\/comments?post=26325"}],"version-history":[{"count":1,"href":"https:\/\/guialimeira.com.br\/news\/wp-json\/wp\/v2\/posts\/26325\/revisions"}],"predecessor-version":[{"id":26327,"href":"https:\/\/guialimeira.com.br\/news\/wp-json\/wp\/v2\/posts\/26325\/revisions\/26327"}],"wp:featuredmedia":[{"embeddable":true,"href":"https:\/\/guialimeira.com.br\/news\/wp-json\/wp\/v2\/media\/26326"}],"wp:attachment":[{"href":"https:\/\/guialimeira.com.br\/news\/wp-json\/wp\/v2\/media?parent=26325"}],"wp:term":[{"taxonomy":"category","embeddable":true,"href":"https:\/\/guialimeira.com.br\/news\/wp-json\/wp\/v2\/categories?post=26325"},{"taxonomy":"post_tag","embeddable":true,"href":"https:\/\/guialimeira.com.br\/news\/wp-json\/wp\/v2\/tags?post=26325"}],"curies":[{"name":"wp","href":"https:\/\/api.w.org\/{rel}","templated":true}]}}