{"id":26300,"date":"2025-03-11T11:36:50","date_gmt":"2025-03-11T14:36:50","guid":{"rendered":"https:\/\/guialimeira.com.br\/2025\/03\/11\/producao-industrial-fica-estavel-em-janeiro-apos-tres-meses-de-baixa\/"},"modified":"2025-03-11T11:36:50","modified_gmt":"2025-03-11T14:36:50","slug":"producao-industrial-fica-estavel-em-janeiro-apos-tres-meses-de-baixa","status":"publish","type":"post","link":"https:\/\/guialimeira.com.br\/news\/producao-industrial-fica-estavel-em-janeiro-apos-tres-meses-de-baixa\/","title":{"rendered":"Produ\u00e7\u00e3o industrial fica est\u00e1vel em janeiro, ap\u00f3s tr\u00eas meses de baixa"},"content":{"rendered":"<p> <br \/>\n<\/p>\n<div>\n<p><strong>Ap\u00f3s tr\u00eas meses de baixa, a produ\u00e7\u00e3o da ind\u00fastria brasileira apresentou varia\u00e7\u00e3o nula na passagem de dezembro para janeiro, ou seja, n\u00e3o teve crescimento nem queda<\/strong>. O dado faz parte da Pesquisa Industrial Mensal, divulgada nesta ter\u00e7a-feira (11) pelo <a href=\"https:\/\/www.ibge.gov.br\/\" target=\"_blank\" rel=\"noopener\">Instituto Brasileiro de Geografia e Estat\u00edstica<\/a> (IBGE).\u00a0<img data-recalc-dims=\"1\" decoding=\"async\" src=\"https:\/\/i0.wp.com\/agenciabrasil.ebc.com.br\/ebc.png?w=696&#038;ssl=1\" style=\"width:1px; height:1px; display:inline;\"\/><img data-recalc-dims=\"1\" decoding=\"async\" src=\"https:\/\/i0.wp.com\/agenciabrasil.ebc.com.br\/ebc.gif?w=696&#038;ssl=1\" style=\"width:1px; height:1px; display:inline;\"\/><\/p>\n<p>Em rela\u00e7\u00e3o ao mesmo m\u00eas do ano anterior, o setor teve alta de 1,4%, a\u00a0oitava expans\u00e3o seguida nesse tipo de compara\u00e7\u00e3o. <strong>No acumulado de 12 meses, houve expans\u00e3o de 2,9%.<\/strong><\/p>\n<p><strong>O resultado de janeiro deixa a ind\u00fastria brasileira 1,3% acima do patamar pr\u00e9-pandemia de covid-19, de fevereiro de 2020.<\/strong> No entanto, a produ\u00e7\u00e3o do parque industrial brasileiro est\u00e1 15,6% abaixo do ponto mais alto da s\u00e9rie, alcan\u00e7ado em maio de 2011.<\/p>\n<p>O \u00edndice de difus\u00e3o mostra que 68,9% dos 789 produtos pesquisados apresentaram alta na produ\u00e7\u00e3o na passagem de dezembro para janeiro.<\/p>\n<p><strong>A varia\u00e7\u00e3o nula de janeiro interrompeu tr\u00eas meses de queda, quando a produ\u00e7\u00e3o encolheu 1,2%, conforme os dados abaixo<\/strong>:<\/p>\n<ul>\n<li>Outubro: -0,2%<\/li>\n<li>Novembro: &#8211; 0,7%<\/li>\n<li>Dezembro: -0,3%<\/li>\n<li>Janeiro: 0%<\/li>\n<\/ul>\n<p>A \u00faltima vez em que a produ\u00e7\u00e3o da ind\u00fastria nacional ficou quatro meses sem crescimento foi em 2015, de setembro a dezembro, acumulando 5,6% de recuo.<\/p>\n<h2>Espalhamento<\/h2>\n<blockquote>\n<p>Apesar da varia\u00e7\u00e3o nula, o gerente da pesquisa, Andr\u00e9 Macedo, ressalta como positiva a interrup\u00e7\u00e3o do movimento de queda e o maior espalhamento dos resultados positivos.<\/p>\n<\/blockquote>\n<p><strong>Macedo se refere\u00a0ao fato de que tr\u00eas das quatro grandes categorias econ\u00f4micas mostraram avan\u00e7o na produ\u00e7\u00e3o:<\/strong><\/p>\n<ul>\n<li>Bens de capital (m\u00e1quinas e equipamentos): 1,5%<\/li>\n<li>Bens intermedi\u00e1rios (utilizados para fabricar outros bens ou servi\u00e7os): -1,4%<\/li>\n<li>Bens de consumo dur\u00e1veis: 4,4%<\/li>\n<li>Bens de consumo semidur\u00e1veis e n\u00e3o dur\u00e1veis: 3,1%<\/li>\n<\/ul>\n<p><strong>Al\u00e9m disso, 18 dos 25 ramos pesquisados ficaram no terreno de expans\u00e3o. Entre os destaques, as principais contribui\u00e7\u00f5es positivas foram:<\/strong><\/p>\n<ul>\n<li>M\u00e1quinas e equipamentos (6,9%)<\/li>\n<li>Ve\u00edculos automotores, reboques e carrocerias (3%)<\/li>\n<li>Produtos de borracha e de material pl\u00e1stico (3,7%)<\/li>\n<li>Artefatos de couro, artigos para viagem e cal\u00e7ados (9,3%)<\/li>\n<li>Farmoqu\u00edmicos e farmac\u00eauticos (4,8%)<\/li>\n<li>Produtos diversos (10%)<\/li>\n<li>M\u00e1quinas, aparelhos e materiais el\u00e9tricos (4,3%)<\/li>\n<li>M\u00f3veis (6,8%)<\/li>\n<li>Manuten\u00e7\u00e3o, repara\u00e7\u00e3o e instala\u00e7\u00e3o de m\u00e1quinas e equipamentos (5%)<\/li>\n<li>Aliment\u00edcios (0,4%)<\/li>\n<\/ul>\n<p>De acordo com Andr\u00e9 Macedo, essas atividades v\u00eam de comportamento negativo no final de 2024, influenciadas, em grande medida, por f\u00e9rias coletivas neste per\u00edodo.<\/p>\n<blockquote>\n<p>\u201cH\u00e1 um movimento de maior dinamismo para a produ\u00e7\u00e3o de janeiro de 2025 por causa da volta \u00e0 produ\u00e7\u00e3o e que elimina a perda registrada em dezembro de 2024\u201d, explica.<\/p>\n<\/blockquote>\n<h2>Ind\u00fastrias extrativas<\/h2>\n<p>Seis segmentos industriais apresentaram queda na produ\u00e7\u00e3o. Nesse universo, se destaca a atividade de ind\u00fastrias extrativas (-2,4%), que exerceu o principal impacto em janeiro e interrompeu dois meses seguidos de crescimento na produ\u00e7\u00e3o.<\/p>\n<p><strong>O gerente do IBGE aponta\u00a0que a atividade de ind\u00fastrias extrativas foi influenciada pelo comportamento de seus dois principais itens: petr\u00f3leo e min\u00e9rios de ferro.<\/strong><\/p>\n<blockquote>\n<p>\u201cOutro ponto importante, que deve ser considerado para explicarmos a queda deste m\u00eas,\u00a0\u00e9 o fato desse\u00a0ramo industrial ter mostrado crescimento nos dois \u00faltimos meses de 2024. Na atividade de petr\u00f3leo e g\u00e1s, observa-se algumas paralisa\u00e7\u00f5es em plataformas por conta de paradas programadas ou n\u00e3o\u201d, afirma.<\/p>\n<\/blockquote>\n<p>      <!-- Relacionada --><\/p>\n<p>            <!-- Relacionada -->\n    <\/div>\n<p><br \/>\n<br \/><a href=\"https:\/\/agenciabrasil.ebc.com.br\/economia\/noticia\/2025-03\/producao-industrial-fica-estavel-em-janeiro-apos-tres-meses-de-baixa\" rel=\"noopener\">Ag\u00eancia Brasil<\/a><\/p>\n","protected":false},"excerpt":{"rendered":"<p>Ap\u00f3s tr\u00eas meses de baixa, a produ\u00e7\u00e3o da ind\u00fastria brasileira apresentou varia\u00e7\u00e3o nula na passagem de dezembro para janeiro, ou seja, n\u00e3o teve crescimento nem queda. O dado faz parte da Pesquisa Industrial Mensal, divulgada nesta ter\u00e7a-feira (11) pelo Instituto Brasileiro de Geografia e Estat\u00edstica (IBGE).\u00a0 Em rela\u00e7\u00e3o ao mesmo m\u00eas do ano anterior, o [&hellip;]<\/p>\n","protected":false},"author":1,"featured_media":26301,"comment_status":"open","ping_status":"open","sticky":false,"template":"","format":"standard","meta":{"_jetpack_newsletter_access":"","_jetpack_dont_email_post_to_subs":false,"_jetpack_newsletter_tier_id":0,"_jetpack_memberships_contains_paywalled_content":false,"_mbp_banners":[],"_jetpack_feature_clip_id":0,"_jetpack_memberships_contains_paid_content":false,"footnotes":"","jetpack_publicize_message":"","jetpack_publicize_feature_enabled":true,"jetpack_social_post_already_shared":true,"jetpack_social_options":{"image_generator_settings":{"template":"highway","default_image_id":0,"font":"","enabled":false},"version":2},"jetpack_post_was_ever_published":false},"categories":[24],"tags":[],"class_list":["post-26300","post","type-post","status-publish","format-standard","has-post-thumbnail","category-economia"],"jetpack_publicize_connections":[],"jetpack-related-posts":[],"jetpack_shortlink":"https:\/\/wp.me\/p7Eq1F-6Qc","jetpack_sharing_enabled":true,"jetpack_featured_media_url":"https:\/\/i0.wp.com\/guialimeira.com.br\/news\/wp-content\/uploads\/2025\/03\/industrias_fabricas_de_motocicletas_industrias_fabricas_santos_fc2610100918.jpg?fit=1600%2C800&ssl=1","_links":{"self":[{"href":"https:\/\/guialimeira.com.br\/news\/wp-json\/wp\/v2\/posts\/26300","targetHints":{"allow":["GET"]}}],"collection":[{"href":"https:\/\/guialimeira.com.br\/news\/wp-json\/wp\/v2\/posts"}],"about":[{"href":"https:\/\/guialimeira.com.br\/news\/wp-json\/wp\/v2\/types\/post"}],"author":[{"embeddable":true,"href":"https:\/\/guialimeira.com.br\/news\/wp-json\/wp\/v2\/users\/1"}],"replies":[{"embeddable":true,"href":"https:\/\/guialimeira.com.br\/news\/wp-json\/wp\/v2\/comments?post=26300"}],"version-history":[{"count":0,"href":"https:\/\/guialimeira.com.br\/news\/wp-json\/wp\/v2\/posts\/26300\/revisions"}],"wp:featuredmedia":[{"embeddable":true,"href":"https:\/\/guialimeira.com.br\/news\/wp-json\/wp\/v2\/media\/26301"}],"wp:attachment":[{"href":"https:\/\/guialimeira.com.br\/news\/wp-json\/wp\/v2\/media?parent=26300"}],"wp:term":[{"taxonomy":"category","embeddable":true,"href":"https:\/\/guialimeira.com.br\/news\/wp-json\/wp\/v2\/categories?post=26300"},{"taxonomy":"post_tag","embeddable":true,"href":"https:\/\/guialimeira.com.br\/news\/wp-json\/wp\/v2\/tags?post=26300"}],"curies":[{"name":"wp","href":"https:\/\/api.w.org\/{rel}","templated":true}]}}