{"id":26294,"date":"2025-03-11T10:38:55","date_gmt":"2025-03-11T13:38:55","guid":{"rendered":"https:\/\/guialimeira.com.br\/?p=26294"},"modified":"2025-03-11T10:38:55","modified_gmt":"2025-03-11T13:38:55","slug":"dentre-mocoes-e-projetos-camara-municipal-aprova-cinco-proposituras-na-sessao-ordinaria","status":"publish","type":"post","link":"https:\/\/guialimeira.com.br\/news\/dentre-mocoes-e-projetos-camara-municipal-aprova-cinco-proposituras-na-sessao-ordinaria\/","title":{"rendered":"Dentre mo\u00e7\u00f5es e projetos, C\u00e2mara Municipal aprova cinco proposituras na sess\u00e3o ordin\u00e1ria"},"content":{"rendered":"\n<figure class=\"wp-block-gallery has-nested-images columns-default is-cropped wp-block-gallery-1 is-layout-flex wp-block-gallery-is-layout-flex\"><\/figure>\n \r\n<br><img data-recalc-dims=\"1\" decoding=\"async\" src=\"https:\/\/i0.wp.com\/guialimeira.com.br\/wp-content\/uploads\/2025\/03\/2025-03-11_dentre-mocoes-e-projetos-camara-municipal-aprova-cinco-proposituras-na-sessao-ordinaria_1.jpeg?w=696&#038;ssl=1\" \/><br><div>\n\t\t\t\t\t<p>Tr\u00eas projetos que estavam na pauta da <a href=\"https:\/\/consulta.limeira.sp.leg.br\/Sessoes\/Documento\/368738\" rel=\"noopener\">Ordem do Dia<\/a> foram aprovados na sess\u00e3o ordin\u00e1ria desta segunda-feira, 10 de mar\u00e7o, tr\u00eas propostas foram adiadas e uma foi pautada em regime de urg\u00eancia especial de vota\u00e7\u00e3o. Tamb\u00e9m foram aprovadas duas mo\u00e7\u00f5es.<\/p><p>Durante o <a href=\"https:\/\/consulta.limeira.sp.leg.br\/Sessoes\/Documento\/368827\" rel=\"noopener\">Expediente<\/a>, parte da sess\u00e3o na qual s\u00e3o lidos todos os documentos protocolados no Legislativo, foram discutidos requerimentos. Os trabalhos foram transmitidos ao vivo e os discursos podem ser conferidos na \u00edntegra neste <a href=\"https:\/\/youtu.be\/FefwNR9OGv0?t=1069\" rel=\"noopener\">link<\/a>.<\/p><p><strong>Confira como foi a vota\u00e7\u00e3o:<\/strong><\/p><p><strong>Adiado &#8211; <\/strong><a href=\"http:\/\/consulta.limeira.sp.leg.br\/Documentos\/Documento\/296017\" rel=\"noopener\">Projeto de Lei N\u00ba 166\/2022<\/a>, dos vereadores Everton Ferreira (PSD), Elias Barbosa (PRTB), Isabelly Carvalho (PT) e Lu Bogo (PL), e do ex-vereador Cear\u00e1, disp\u00f5e sobre a disponibiliza\u00e7\u00e3o, aos contribuintes, de informa\u00e7\u00f5es acerca de d\u00edvidas existentes do Imposto sobre a Propriedade Predial e Territorial Urbana (IPTU) e outros tributos e taxas (CPI do IPTU).\u00a0<\/p><p><strong>Adiado &#8211; <\/strong><a href=\"http:\/\/consulta.limeira.sp.leg.br\/Documentos\/Documento\/324330\" rel=\"noopener\">Projeto de Lei N\u00b0 135\/2023<\/a>, do vereador Nilton Santos (Republicanos), disp\u00f5e sobre as autoriza\u00e7\u00f5es do Poder Executivo em realizar permutas.<\/p><p><strong>Aprovado &#8211;<\/strong> <a href=\"http:\/\/consulta.limeira.sp.leg.br\/Documentos\/Documento\/325831\" rel=\"noopener\">Projeto de Lei N\u00ba 149\/2023<\/a>, da vereadora Lu Bogo (PL), fica assegurado ao cidad\u00e3o trabalhador no munic\u00edpio de Limeira, o direito de acesso e atendimento nas Unidades B\u00e1sicas de Sa\u00fade e Centros de Sa\u00fade da Fam\u00edlia um s\u00e1bado por m\u00eas para a coleta de exames preventivos PSA, Papanicolau e encaminhamento para mamografia.\u00a0<\/p><p><strong>Aprovado &#8211; <\/strong><a href=\"https:\/\/consulta.limeira.sp.leg.br\/Documentos\/Documento\/329695\" rel=\"noopener\">Projeto de Lei N\u00ba 177\/2023<\/a>, do vereador Waguinho da Santa Luzia (PP), disp\u00f5e sobre o direito de as empresas especializadas em servi\u00e7os de portaria, que n\u00e3o realizam atividades t\u00edpicas de seguran\u00e7a privada, exercerem suas atividades no munic\u00edpio de Limeira sem a autoriza\u00e7\u00e3o pr\u00e9via da Pol\u00edcia Federal.<\/p><p><strong>Adiado &#8211; <\/strong><a href=\"https:\/\/consulta.limeira.sp.leg.br\/Documentos\/Documento\/365748\" rel=\"noopener\">Projeto de Lei N\u00ba 14\/2025<\/a>, do vereador Estev\u00e3o Nogueira (Avante), institui o M\u00eas Global do Empreendedorismo no Calend\u00e1rio Oficial do Munic\u00edpio de Limeira, a ser realizado todo m\u00eas de novembro.<\/p><p><strong>Urg\u00eancia Especial<\/strong><\/p><p><strong>Aprovado &#8211; <\/strong><a href=\"https:\/\/consulta.limeira.sp.leg.br\/Documentos\/Documento\/368927\" rel=\"noopener\">Projeto de Decreto Legislativo N\u00ba 3\/2025<\/a>, das vereadoras Lu Bogo (PL), Isabelly Carvalho (PL), Mara Isa Mattos Silveira (PL), Mariana Calsa (MDB), Tatiane Lopes (Avante), concede homenagem da \u201cSemana da Mulher\u201d.<\/p>\t\t\t\t<\/div>\r\n<br>\r\n<br><a href=\"https:\/\/www.limeira.sp.leg.br\/noticias\/view\/2025-03-11_dentre-mocoes-e-projetos-camara-municipal-aprova-cinco-proposituras-na-sessao-ordinaria\" rel=\"noopener\">Informa\u00e7\u00f5es CML <\/a>","protected":false},"excerpt":{"rendered":"<p>Tr\u00eas projetos que estavam na pauta da Ordem do Dia foram aprovados na sess\u00e3o ordin\u00e1ria desta segunda-feira, 10 de mar\u00e7o, tr\u00eas propostas foram adiadas e uma foi pautada em regime de urg\u00eancia especial de vota\u00e7\u00e3o. Tamb\u00e9m foram aprovadas duas mo\u00e7\u00f5es. Durante o Expediente, parte da sess\u00e3o na qual s\u00e3o lidos todos os documentos protocolados no [&hellip;]<\/p>\n","protected":false},"author":1,"featured_media":26295,"comment_status":"open","ping_status":"open","sticky":false,"template":"","format":"standard","meta":{"_jetpack_newsletter_access":"","_jetpack_dont_email_post_to_subs":false,"_jetpack_newsletter_tier_id":0,"_jetpack_memberships_contains_paywalled_content":false,"_mbp_banners":[],"_jetpack_feature_clip_id":0,"_jetpack_memberships_contains_paid_content":false,"footnotes":"","jetpack_publicize_message":"","jetpack_publicize_feature_enabled":true,"jetpack_social_post_already_shared":true,"jetpack_social_options":{"image_generator_settings":{"template":"highway","default_image_id":0,"font":"","enabled":false},"version":2},"jetpack_post_was_ever_published":false},"categories":[19],"tags":[],"class_list":["post-26294","post","type-post","status-publish","format-standard","has-post-thumbnail","category-politica"],"jetpack_publicize_connections":[],"jetpack-related-posts":[],"jetpack_shortlink":"https:\/\/wp.me\/p7Eq1F-6Q6","jetpack_sharing_enabled":true,"jetpack_featured_media_url":"https:\/\/i0.wp.com\/guialimeira.com.br\/news\/wp-content\/uploads\/2025\/03\/Dentre-mocoes-e-projetos-Camara-Municipal-aprova-cinco-proposituras-na.jpeg?fit=1280%2C640&ssl=1","_links":{"self":[{"href":"https:\/\/guialimeira.com.br\/news\/wp-json\/wp\/v2\/posts\/26294","targetHints":{"allow":["GET"]}}],"collection":[{"href":"https:\/\/guialimeira.com.br\/news\/wp-json\/wp\/v2\/posts"}],"about":[{"href":"https:\/\/guialimeira.com.br\/news\/wp-json\/wp\/v2\/types\/post"}],"author":[{"embeddable":true,"href":"https:\/\/guialimeira.com.br\/news\/wp-json\/wp\/v2\/users\/1"}],"replies":[{"embeddable":true,"href":"https:\/\/guialimeira.com.br\/news\/wp-json\/wp\/v2\/comments?post=26294"}],"version-history":[{"count":1,"href":"https:\/\/guialimeira.com.br\/news\/wp-json\/wp\/v2\/posts\/26294\/revisions"}],"predecessor-version":[{"id":26296,"href":"https:\/\/guialimeira.com.br\/news\/wp-json\/wp\/v2\/posts\/26294\/revisions\/26296"}],"wp:featuredmedia":[{"embeddable":true,"href":"https:\/\/guialimeira.com.br\/news\/wp-json\/wp\/v2\/media\/26295"}],"wp:attachment":[{"href":"https:\/\/guialimeira.com.br\/news\/wp-json\/wp\/v2\/media?parent=26294"}],"wp:term":[{"taxonomy":"category","embeddable":true,"href":"https:\/\/guialimeira.com.br\/news\/wp-json\/wp\/v2\/categories?post=26294"},{"taxonomy":"post_tag","embeddable":true,"href":"https:\/\/guialimeira.com.br\/news\/wp-json\/wp\/v2\/tags?post=26294"}],"curies":[{"name":"wp","href":"https:\/\/api.w.org\/{rel}","templated":true}]}}