{"id":26288,"date":"2025-03-11T09:37:59","date_gmt":"2025-03-11T12:37:59","guid":{"rendered":"https:\/\/guialimeira.com.br\/?p=26288"},"modified":"2025-03-11T09:37:59","modified_gmt":"2025-03-11T12:37:59","slug":"projeto-aprovado-assegura-direito-a-atendimento-preventivo-mensal-aos-trabalhadores-de-limeira","status":"publish","type":"post","link":"https:\/\/guialimeira.com.br\/news\/projeto-aprovado-assegura-direito-a-atendimento-preventivo-mensal-aos-trabalhadores-de-limeira\/","title":{"rendered":"Projeto aprovado assegura direito a atendimento preventivo mensal aos trabalhadores de Limeira"},"content":{"rendered":"\n<figure class=\"wp-block-gallery has-nested-images columns-default is-cropped wp-block-gallery-1 is-layout-flex wp-block-gallery-is-layout-flex\"><\/figure>\n \r\n<br><img data-recalc-dims=\"1\" decoding=\"async\" src=\"https:\/\/i0.wp.com\/guialimeira.com.br\/wp-content\/uploads\/2025\/03\/2025-03-11_projeto-aprovado-assegura-direito-a-atendimento-preventivo-mensal-aos-trabalhadores-de-li.jpeg?w=696&#038;ssl=1\" \/><br><div>\n\t\t\t\t\t<p>O <a href=\"http:\/\/consulta.limeira.sp.leg.br\/Documentos\/Documento\/325831\" rel=\"noopener\">Projeto de Lei N\u00ba 149\/2023<\/a> de autoria da vereadora Lu Bogo (PL), aprovado durante a sess\u00e3o ordin\u00e1ria desta segunda-feira, 10 de mar\u00e7o, na C\u00e2mara Municipal, garante a trabalhadoras e trabalhadores de Limeira o acesso a atendimento mensal aos s\u00e1bados para coleta de exames preventivos que detectam c\u00e2ncer de mama, colo de \u00fatero e pr\u00f3stata.<\/p><p>Os atendimentos realizados aos s\u00e1bados nas unidades b\u00e1sicas de sa\u00fade (UBS) e centros de sa\u00fade da fam\u00edlia (CSF) devem oferecer exames como: papanicolau (exame preventivo ao c\u00e2ncer de colo de \u00fatero), Ant\u00edgeno Prost\u00e1tico Espec\u00edfico (PSA)\u00a0 e encaminhamento para mamografia.<\/p><p>Dados do Instituto Nacional de C\u00e2ncer (INCA), revelam que o c\u00e2ncer de mama \u00e9 o tipo da doen\u00e7a que mais atinge mulheres no Brasil. Durante a campanha nacional de combate ao c\u00e2ncer em outubro de 2024, pesquisas divulgadas pelo instituto alertam que <a href=\"https:\/\/www.gov.br\/inca\/pt-br\/assuntos\/noticias\/2024\/inca-investiga-por-que-ha-mais-casos-de-cancer-de-mama-agressivo-nas-brasileiras-negras\" rel=\"noopener\">mulheres negras t\u00eam 57% de chances a mais<\/a> de morrerem em decorr\u00eancia da doen\u00e7a do que mulheres brancas.<\/p><p>Lu Bogo afirmou que o atendimento espec\u00edfico das UBSs e CSFs uma vez por m\u00eas, aos s\u00e1bados, poder\u00e3o proporcionar aos homens e mulheres trabalhadores de Limeira a chance de passarem pelo atendimento sem precisar se ausentar dos compromissos profissionais.<\/p><p>\u201cNos meses de outubro e novembro \u00e9 comum trazer \u00e0 tona temas de exames preventivos para o c\u00e2ncer de mama e c\u00e2ncer de pr\u00f3stata, por\u00e9m, a conscientiza\u00e7\u00e3o deve ser feita ao longo do ano, oferecendo aos homens e mulheres a possibilidade de iniciarem o quanto antes o tratamento\u201d, completou a vereadora.<\/p><p>O projeto aprovado segue para aprecia\u00e7\u00e3o do prefeito para san\u00e7\u00e3o ou veto. Se sancionado, ser\u00e1 promulgado e publicado no Jornal Oficial do Munic\u00edpio e passa a ser lei.<\/p>\t\t\t\t<\/div>\r\n<br>\r\n<br><a href=\"https:\/\/www.limeira.sp.leg.br\/noticias\/view\/2025-03-11_projeto-aprovado-assegura-direito-a-atendimento-preventivo-mensal-aos-trabalhadores-de-limeira\" rel=\"noopener\">Informa\u00e7\u00f5es CML <\/a>","protected":false},"excerpt":{"rendered":"<p>O Projeto de Lei N\u00ba 149\/2023 de autoria da vereadora Lu Bogo (PL), aprovado durante a sess\u00e3o ordin\u00e1ria desta segunda-feira, 10 de mar\u00e7o, na C\u00e2mara Municipal, garante a trabalhadoras e trabalhadores de Limeira o acesso a atendimento mensal aos s\u00e1bados para coleta de exames preventivos que detectam c\u00e2ncer de mama, colo de \u00fatero e pr\u00f3stata. [&hellip;]<\/p>\n","protected":false},"author":1,"featured_media":26289,"comment_status":"open","ping_status":"open","sticky":false,"template":"","format":"standard","meta":{"_jetpack_newsletter_access":"","_jetpack_dont_email_post_to_subs":false,"_jetpack_newsletter_tier_id":0,"_jetpack_memberships_contains_paywalled_content":false,"_mbp_banners":[],"_jetpack_feature_clip_id":0,"_jetpack_memberships_contains_paid_content":false,"footnotes":"","jetpack_publicize_message":"","jetpack_publicize_feature_enabled":true,"jetpack_social_post_already_shared":true,"jetpack_social_options":{"image_generator_settings":{"template":"highway","default_image_id":0,"font":"","enabled":false},"version":2},"jetpack_post_was_ever_published":false},"categories":[19],"tags":[],"class_list":["post-26288","post","type-post","status-publish","format-standard","has-post-thumbnail","category-politica"],"jetpack_publicize_connections":[],"jetpack-related-posts":[],"jetpack_shortlink":"https:\/\/wp.me\/p7Eq1F-6Q0","jetpack_sharing_enabled":true,"jetpack_featured_media_url":"https:\/\/i0.wp.com\/guialimeira.com.br\/news\/wp-content\/uploads\/2025\/03\/Projeto-aprovado-assegura-direito-a-atendimento-preventivo-mensal-aos-trabalhadores.jpeg?fit=1280%2C640&ssl=1","_links":{"self":[{"href":"https:\/\/guialimeira.com.br\/news\/wp-json\/wp\/v2\/posts\/26288","targetHints":{"allow":["GET"]}}],"collection":[{"href":"https:\/\/guialimeira.com.br\/news\/wp-json\/wp\/v2\/posts"}],"about":[{"href":"https:\/\/guialimeira.com.br\/news\/wp-json\/wp\/v2\/types\/post"}],"author":[{"embeddable":true,"href":"https:\/\/guialimeira.com.br\/news\/wp-json\/wp\/v2\/users\/1"}],"replies":[{"embeddable":true,"href":"https:\/\/guialimeira.com.br\/news\/wp-json\/wp\/v2\/comments?post=26288"}],"version-history":[{"count":1,"href":"https:\/\/guialimeira.com.br\/news\/wp-json\/wp\/v2\/posts\/26288\/revisions"}],"predecessor-version":[{"id":26290,"href":"https:\/\/guialimeira.com.br\/news\/wp-json\/wp\/v2\/posts\/26288\/revisions\/26290"}],"wp:featuredmedia":[{"embeddable":true,"href":"https:\/\/guialimeira.com.br\/news\/wp-json\/wp\/v2\/media\/26289"}],"wp:attachment":[{"href":"https:\/\/guialimeira.com.br\/news\/wp-json\/wp\/v2\/media?parent=26288"}],"wp:term":[{"taxonomy":"category","embeddable":true,"href":"https:\/\/guialimeira.com.br\/news\/wp-json\/wp\/v2\/categories?post=26288"},{"taxonomy":"post_tag","embeddable":true,"href":"https:\/\/guialimeira.com.br\/news\/wp-json\/wp\/v2\/tags?post=26288"}],"curies":[{"name":"wp","href":"https:\/\/api.w.org\/{rel}","templated":true}]}}