{"id":2628,"date":"2024-04-24T16:35:46","date_gmt":"2024-04-24T19:35:46","guid":{"rendered":"https:\/\/guialimeira.com.br\/2024\/04\/24\/dia-de-ogum-sera-celebrado-no-engenho-central-portal-do-municipio-de-piracicaba\/"},"modified":"2024-04-24T16:35:46","modified_gmt":"2024-04-24T19:35:46","slug":"dia-de-ogum-sera-celebrado-no-engenho-central-portal-do-municipio-de-piracicaba","status":"publish","type":"post","link":"https:\/\/guialimeira.com.br\/news\/dia-de-ogum-sera-celebrado-no-engenho-central-portal-do-municipio-de-piracicaba\/","title":{"rendered":"Dia de Ogum ser\u00e1 celebrado no Engenho Central \u2013 Portal do Munic\u00edpio de Piracicaba"},"content":{"rendered":"<p> <br \/>\n<\/p>\n<div itemprop=\"articleBody\">\n<div class=\"m-auto col-lg-8\">\n<figure class=\"text-center\">\n<img data-recalc-dims=\"1\" width=\"696\" height=\"522\" src=\"https:\/\/i0.wp.com\/piracicaba.sp.gov.br\/wp-content\/uploads\/2024\/04\/Evento-tera-despacho-a-Exu-roda-de-canticos-e-louvores-a-Ogum-e-oferendas-ao-orixa-1024x768.jpeg?resize=696%2C522&#038;ssl=1\" class=\"img-fluid img-thumbnail border-1 wp-post-image\" alt=\"Evento ter\u00e1 despacho a Ex\u00fa, roda de c\u00e2nticos e louvores a Ogum e oferendas ao orix\u00e1\" itemprop=\"image\" decoding=\"async\" fetchpriority=\"high\" srcset=\"https:\/\/piracicaba.sp.gov.br\/wp-content\/uploads\/2024\/04\/Evento-tera-despacho-a-Exu-roda-de-canticos-e-louvores-a-Ogum-e-oferendas-ao-orixa-1024x768.jpeg 1024w, https:\/\/piracicaba.sp.gov.br\/wp-content\/uploads\/2024\/04\/Evento-tera-despacho-a-Exu-roda-de-canticos-e-louvores-a-Ogum-e-oferendas-ao-orixa-300x225.jpeg 300w, https:\/\/piracicaba.sp.gov.br\/wp-content\/uploads\/2024\/04\/Evento-tera-despacho-a-Exu-roda-de-canticos-e-louvores-a-Ogum-e-oferendas-ao-orixa-768x576.jpeg 768w, https:\/\/piracicaba.sp.gov.br\/wp-content\/uploads\/2024\/04\/Evento-tera-despacho-a-Exu-roda-de-canticos-e-louvores-a-Ogum-e-oferendas-ao-orixa-1536x1152.jpeg 1536w, https:\/\/piracicaba.sp.gov.br\/wp-content\/uploads\/2024\/04\/Evento-tera-despacho-a-Exu-roda-de-canticos-e-louvores-a-Ogum-e-oferendas-ao-orixa.jpeg 1600w\" sizes=\"(max-width: 1024px) 100vw, 1024px\"\/><figcaption class=\"text-center small fw-bold fst-italic mt-1\">Evento ter\u00e1 despacho a Ex\u00fa, roda de c\u00e2nticos e louvores a Ogum e oferendas ao orix\u00e1<\/figcaption><\/figure>\n<p>A Prefeitura, por meio da Semac (Secretaria Municipal da A\u00e7\u00e3o Cultural) e da Coordenadoria Setorial de Promo\u00e7\u00e3o da Igualdade Racial e \u00c9tnica, realiza no pr\u00f3ximo domingo, 28\/04, das 9h \u00e0s 12h, a comemora\u00e7\u00e3o ao Dia de Ogum. O evento, aberto \u00e0 popula\u00e7\u00e3o, acontece pr\u00f3ximo \u00e0 passarela P\u00eansil.<\/p>\n<p>A comemora\u00e7\u00e3o a Ogum, institu\u00eddo pela Lei Municipal 17.039\/17, ter\u00e1 despacho a Ex\u00fa, roda de c\u00e2nticos e louvores a Ogum e oferendas ao orix\u00e1.<\/p>\n<p>Ogum \u00e9 um orix\u00e1 que representa a coragem, a guerra, a tecnologia, o trabalho \u00e1rduo, o ferro, a ca\u00e7a e a agricultura. De acordo com as religi\u00f5es de matrizes africanas, Ogum desvendou o segredo do ferro e da agricultura, compartilhando esses conhecimentos com os humanos. Sua hist\u00f3ria, segundo os ritos, ainda envolve a cria\u00e7\u00e3o de \u00e1reas de plantio, sendo reconhecido como o Orix\u00e1 que abre caminhos.<\/p>\n<p>Participam do evento as casas da m\u00e3e Mam\u2019etu Yademaza, do pai de Itatiba e do pai Lucas de Piracicaba. \u201cSentimo-nos privilegiados de mostrar nossa religi\u00e3o \u00e0 popula\u00e7\u00e3o e desmistificar a religi\u00e3o de matriz africana, somos todos iguais perante um Deus\u201d, destaca Yademaza, que conduzir\u00e1 a celebra\u00e7\u00e3o.<\/p>\n<p><strong>SERVI\u00c7O<\/strong>\u00a0\u2013 Celebra\u00e7\u00e3o ao Dia de Ogum. Domingo, 28\/04, \u00e0s 9h, no Engenho Central, pr\u00f3ximo \u00e0 passarela P\u00eansil. Entrada gratuita. Informa\u00e7\u00f5es: 3403-2600.<\/p>\n<\/div>\n<\/div>\n<p><br \/>\n<br \/><a href=\"https:\/\/piracicaba.sp.gov.br\/noticias\/dia-de-ogum-sera-celebrado-no-engenho-central\/\" rel=\"noopener\">Informa\u00e7\u00f5es PMP <\/a><\/p>\n","protected":false},"excerpt":{"rendered":"<p>Evento ter\u00e1 despacho a Ex\u00fa, roda de c\u00e2nticos e louvores a Ogum e oferendas ao orix\u00e1 A Prefeitura, por meio da Semac (Secretaria Municipal da A\u00e7\u00e3o Cultural) e da Coordenadoria Setorial de Promo\u00e7\u00e3o da Igualdade Racial e \u00c9tnica, realiza no pr\u00f3ximo domingo, 28\/04, das 9h \u00e0s 12h, a comemora\u00e7\u00e3o ao Dia de Ogum. O evento, [&hellip;]<\/p>\n","protected":false},"author":1,"featured_media":2629,"comment_status":"open","ping_status":"open","sticky":false,"template":"","format":"standard","meta":{"_jetpack_newsletter_access":"","_jetpack_dont_email_post_to_subs":false,"_jetpack_newsletter_tier_id":0,"_jetpack_memberships_contains_paywalled_content":false,"_mbp_banners":[],"_jetpack_feature_clip_id":0,"_jetpack_memberships_contains_paid_content":false,"footnotes":"","jetpack_publicize_message":"","jetpack_publicize_feature_enabled":true,"jetpack_social_post_already_shared":true,"jetpack_social_options":{"image_generator_settings":{"template":"highway","default_image_id":0,"font":"","enabled":false},"version":2},"jetpack_post_was_ever_published":false},"categories":[20],"tags":[],"class_list":["post-2628","post","type-post","status-publish","format-standard","has-post-thumbnail","category-regiao"],"jetpack_publicize_connections":[],"jetpack-related-posts":[],"jetpack_shortlink":"https:\/\/wp.me\/p7Eq1F-Go","jetpack_sharing_enabled":true,"jetpack_featured_media_url":"https:\/\/i0.wp.com\/guialimeira.com.br\/news\/wp-content\/uploads\/2024\/04\/Evento-tera-despacho-a-Exu-roda-de-canticos-e-louvores-a-Ogum-e-oferendas-ao-orixa.jpeg?fit=1600%2C1200&ssl=1","_links":{"self":[{"href":"https:\/\/guialimeira.com.br\/news\/wp-json\/wp\/v2\/posts\/2628","targetHints":{"allow":["GET"]}}],"collection":[{"href":"https:\/\/guialimeira.com.br\/news\/wp-json\/wp\/v2\/posts"}],"about":[{"href":"https:\/\/guialimeira.com.br\/news\/wp-json\/wp\/v2\/types\/post"}],"author":[{"embeddable":true,"href":"https:\/\/guialimeira.com.br\/news\/wp-json\/wp\/v2\/users\/1"}],"replies":[{"embeddable":true,"href":"https:\/\/guialimeira.com.br\/news\/wp-json\/wp\/v2\/comments?post=2628"}],"version-history":[{"count":0,"href":"https:\/\/guialimeira.com.br\/news\/wp-json\/wp\/v2\/posts\/2628\/revisions"}],"wp:featuredmedia":[{"embeddable":true,"href":"https:\/\/guialimeira.com.br\/news\/wp-json\/wp\/v2\/media\/2629"}],"wp:attachment":[{"href":"https:\/\/guialimeira.com.br\/news\/wp-json\/wp\/v2\/media?parent=2628"}],"wp:term":[{"taxonomy":"category","embeddable":true,"href":"https:\/\/guialimeira.com.br\/news\/wp-json\/wp\/v2\/categories?post=2628"},{"taxonomy":"post_tag","embeddable":true,"href":"https:\/\/guialimeira.com.br\/news\/wp-json\/wp\/v2\/tags?post=2628"}],"curies":[{"name":"wp","href":"https:\/\/api.w.org\/{rel}","templated":true}]}}