{"id":26250,"date":"2025-03-10T20:23:51","date_gmt":"2025-03-10T23:23:51","guid":{"rendered":"https:\/\/guialimeira.com.br\/?p=26250"},"modified":"2025-03-10T20:23:51","modified_gmt":"2025-03-10T23:23:51","slug":"nota-da-presidencia-camara-municipal-de-limeira","status":"publish","type":"post","link":"https:\/\/guialimeira.com.br\/news\/nota-da-presidencia-camara-municipal-de-limeira\/","title":{"rendered":"Nota da Presid\u00eancia | C\u00e2mara Municipal de Limeira"},"content":{"rendered":"\n<figure class=\"wp-block-gallery has-nested-images columns-default is-cropped wp-block-gallery-1 is-layout-flex wp-block-gallery-is-layout-flex\"><\/figure>\n \r\n<br><img data-recalc-dims=\"1\" decoding=\"async\" src=\"https:\/\/i0.wp.com\/guialimeira.com.br\/wp-content\/uploads\/2025\/03\/2025-03-10_nota-da-presidencia_1.jpg?w=696&#038;ssl=1\" \/><br><div>\n\t\t\t\t\t<p>A Presid\u00eancia da C\u00e2mara Municipal de Limeira informa que, por conta da realiza\u00e7\u00e3o da obra de amplia\u00e7\u00e3o da sede, tem ocorrido, como j\u00e1 era esperado, inconsist\u00eancias tempor\u00e1rias no acesso ao site oficial da C\u00e2mara, bem como intermit\u00eancia no acesso ao Di\u00e1rio Oficial.<\/p><p>Informa ainda que todas as provid\u00eancias poss\u00edveis e cab\u00edveis para minimizar ao m\u00e1ximo o impacto dessas inconsist\u00eancias t\u00eam sido tomadas. O setor de Tecnologia da Informa\u00e7\u00e3o est\u00e1 trabalhando em regime de plant\u00e3o para dirimir as interrup\u00e7\u00f5es de sinal.\u00a0<\/p><p>A fim de garantir o pleno acesso de todos \u00e0s publica\u00e7\u00f5es do Legislativo, as mesmas passar\u00e3o a ser feitas temporariamente no Jornal Oficial do Munic\u00edpio, juntamente com as publica\u00e7\u00f5es do Poder Executivo.<\/p><p>Everton Ferreira<\/p><p>Presidente<\/p>\t\t\t\t<\/div>\r\n<br>\r\n<br><a href=\"https:\/\/www.limeira.sp.leg.br\/noticias\/view\/2025-03-10_nota-da-presidencia\" rel=\"noopener\">Informa\u00e7\u00f5es CML <\/a>","protected":false},"excerpt":{"rendered":"<p>A Presid\u00eancia da C\u00e2mara Municipal de Limeira informa que, por conta da realiza\u00e7\u00e3o da obra de amplia\u00e7\u00e3o da sede, tem ocorrido, como j\u00e1 era esperado, inconsist\u00eancias tempor\u00e1rias no acesso ao site oficial da C\u00e2mara, bem como intermit\u00eancia no acesso ao Di\u00e1rio Oficial. Informa ainda que todas as provid\u00eancias poss\u00edveis e cab\u00edveis para minimizar ao m\u00e1ximo [&hellip;]<\/p>\n","protected":false},"author":1,"featured_media":26251,"comment_status":"open","ping_status":"open","sticky":false,"template":"","format":"standard","meta":{"_jetpack_newsletter_access":"","_jetpack_dont_email_post_to_subs":false,"_jetpack_newsletter_tier_id":0,"_jetpack_memberships_contains_paywalled_content":false,"_mbp_banners":[],"_jetpack_feature_clip_id":0,"_jetpack_memberships_contains_paid_content":false,"footnotes":"","jetpack_publicize_message":"","jetpack_publicize_feature_enabled":true,"jetpack_social_post_already_shared":true,"jetpack_social_options":{"image_generator_settings":{"template":"highway","default_image_id":0,"font":"","enabled":false},"version":2},"jetpack_post_was_ever_published":false},"categories":[19],"tags":[],"class_list":["post-26250","post","type-post","status-publish","format-standard","has-post-thumbnail","category-politica"],"jetpack_publicize_connections":[],"jetpack-related-posts":[],"jetpack_shortlink":"https:\/\/wp.me\/p7Eq1F-6Po","jetpack_sharing_enabled":true,"jetpack_featured_media_url":"https:\/\/i0.wp.com\/guialimeira.com.br\/news\/wp-content\/uploads\/2025\/03\/Nota-da-Presidencia-Camara-Municipal-de-Limeira.jpg?fit=1280%2C640&ssl=1","_links":{"self":[{"href":"https:\/\/guialimeira.com.br\/news\/wp-json\/wp\/v2\/posts\/26250","targetHints":{"allow":["GET"]}}],"collection":[{"href":"https:\/\/guialimeira.com.br\/news\/wp-json\/wp\/v2\/posts"}],"about":[{"href":"https:\/\/guialimeira.com.br\/news\/wp-json\/wp\/v2\/types\/post"}],"author":[{"embeddable":true,"href":"https:\/\/guialimeira.com.br\/news\/wp-json\/wp\/v2\/users\/1"}],"replies":[{"embeddable":true,"href":"https:\/\/guialimeira.com.br\/news\/wp-json\/wp\/v2\/comments?post=26250"}],"version-history":[{"count":1,"href":"https:\/\/guialimeira.com.br\/news\/wp-json\/wp\/v2\/posts\/26250\/revisions"}],"predecessor-version":[{"id":26252,"href":"https:\/\/guialimeira.com.br\/news\/wp-json\/wp\/v2\/posts\/26250\/revisions\/26252"}],"wp:featuredmedia":[{"embeddable":true,"href":"https:\/\/guialimeira.com.br\/news\/wp-json\/wp\/v2\/media\/26251"}],"wp:attachment":[{"href":"https:\/\/guialimeira.com.br\/news\/wp-json\/wp\/v2\/media?parent=26250"}],"wp:term":[{"taxonomy":"category","embeddable":true,"href":"https:\/\/guialimeira.com.br\/news\/wp-json\/wp\/v2\/categories?post=26250"},{"taxonomy":"post_tag","embeddable":true,"href":"https:\/\/guialimeira.com.br\/news\/wp-json\/wp\/v2\/tags?post=26250"}],"curies":[{"name":"wp","href":"https:\/\/api.w.org\/{rel}","templated":true}]}}