{"id":26248,"date":"2025-03-10T20:17:07","date_gmt":"2025-03-10T23:17:07","guid":{"rendered":"https:\/\/guialimeira.com.br\/2025\/03\/10\/dolar-sobe-a-r-585-com-temor-de-recessao-nos-eua\/"},"modified":"2025-03-10T20:17:07","modified_gmt":"2025-03-10T23:17:07","slug":"dolar-sobe-a-r-585-com-temor-de-recessao-nos-eua","status":"publish","type":"post","link":"https:\/\/guialimeira.com.br\/news\/dolar-sobe-a-r-585-com-temor-de-recessao-nos-eua\/","title":{"rendered":"D\u00f3lar sobe a R$ 5,85 com temor de recess\u00e3o nos EUA"},"content":{"rendered":"<p> <br \/>\n<\/p>\n<div>\n<p>Num dia de turbul\u00eancia no mercado global, <strong>o d\u00f3lar teve forte alta e voltou a fechar acima de R$ 5,80 com temor de recess\u00e3o nos Estados Unidos<\/strong>. A bolsa de valores acompanhou a movimenta\u00e7\u00e3o global e caiu ap\u00f3s tr\u00eas altas seguidas.<img data-recalc-dims=\"1\" decoding=\"async\" src=\"https:\/\/i0.wp.com\/agenciabrasil.ebc.com.br\/ebc.png?w=696&#038;ssl=1\" style=\"width:1px; height:1px; display:inline;\"\/><img data-recalc-dims=\"1\" decoding=\"async\" src=\"https:\/\/i0.wp.com\/agenciabrasil.ebc.com.br\/ebc.gif?w=696&#038;ssl=1\" style=\"width:1px; height:1px; display:inline;\"\/><\/p>\n<p><strong>O d\u00f3lar comercial encerrou esta segunda-feira (10) vendido a R$ 5,852, com alta de R$ 0,061 (+1,06%)<\/strong>. A cota\u00e7\u00e3o chegou a cair durante a manh\u00e3, chegando a R$ 5,77 na m\u00ednima do dia, por volta das 12h, mas inverteu a trajet\u00f3ria e passou a subir em rea\u00e7\u00e3o a declara\u00e7\u00f5es do presidente Donald Trump.<\/p>\n<p>Na m\u00e1xima do dia, por volta das 16h10, chegou a R$ 5,87.<\/p>\n<p><strong>Apesar da alta desta segunda-feira, a moeda norte-americana cai 5,3% em 2025<\/strong>. Em mar\u00e7o, a divisa registra queda de 1,08%.<\/p>\n<h2>Bolsa de Valores<\/h2>\n<p>No mercado de a\u00e7\u00f5es, o dia tamb\u00e9m foi marcado pela instabilidade. <strong>O \u00edndice Ibovespa, da B3, fechou aos 124.519 pontos, com recuo de 0,41%<\/strong>.<\/p>\n<p><strong>Mesmo com a queda, a bolsa brasileira saiu-se melhor que as bolsas norte-americanas.<\/strong> Em Nova York, o \u00edndice Dow Jones, das empresas industriais, caiu 2,08%. O Nasdaq, das empresas de tecnologia, perdeu 4%. O S&amp;P 500, das 500 maiores empresas, recuou 2,7%.<\/p>\n<p>Apesar de alguns fatores dom\u00e9sticos, o cen\u00e1rio global pesou mais.<\/p>\n<p><strong>O receio de que os Estados Unidos, a maior economia do planeta, entre em recess\u00e3o intensificou-se ap\u00f3s Donald Trump afirmar no domingo (9), em entrevista \u00e0 televis\u00e3o, que os Estados Unidos podem passar por um \u201cper\u00edodo de transi\u00e7\u00e3o\u201d<\/strong> por causa de medidas como a imposi\u00e7\u00e3o de tarifas comerciais e a falta de m\u00e3o de obra decorrente da menor imigra\u00e7\u00e3o.<\/p>\n<p>Outro fator que prejudicou os pa\u00edses emergentes foi a divulga\u00e7\u00e3o de dados de defla\u00e7\u00e3o na China, provocada pelo menor consumo interno e pela estagna\u00e7\u00e3o do mercado de trabalho. Como o pa\u00eds asi\u00e1tico \u00e9 o maior consumidor de bens prim\u00e1rios do planeta, a not\u00edcia fez cair o pre\u00e7o das commodities (bens agr\u00edcolas e minerais com cota\u00e7\u00e3o internacional).<\/p>\n<p>No Brasil, o <a href=\"https:\/\/agenciabrasil.ebc.com.br\/economia\/noticia\/2025-03\/mercado-financeiro-projeta-inflacao-de-568-em-2025\" target=\"_blank\" rel=\"noopener\">mercado aumentou a previs\u00e3o de infla\u00e7\u00e3o para este ano<\/a>. O boletim Focus, pesquisa semanal com institui\u00e7\u00f5es financeiras divulgada pelo Banco Central, elevou para 5,68% a estimativa de infla\u00e7\u00e3o para 2025 .<\/p>\n<p><em>*Com informa\u00e7\u00f5es da Reuters<\/em><\/p>\n<p>      <!-- Relacionada --><\/p>\n<p>            <!-- Relacionada -->\n    <\/div>\n<p><br \/>\n<br \/><a href=\"https:\/\/agenciabrasil.ebc.com.br\/economia\/noticia\/2025-03\/dolar-sobe-r-585-com-temor-de-recessao-nos-eua\" rel=\"noopener\">Ag\u00eancia Brasil<\/a><\/p>\n","protected":false},"excerpt":{"rendered":"<p>Num dia de turbul\u00eancia no mercado global, o d\u00f3lar teve forte alta e voltou a fechar acima de R$ 5,80 com temor de recess\u00e3o nos Estados Unidos. A bolsa de valores acompanhou a movimenta\u00e7\u00e3o global e caiu ap\u00f3s tr\u00eas altas seguidas. O d\u00f3lar comercial encerrou esta segunda-feira (10) vendido a R$ 5,852, com alta de [&hellip;]<\/p>\n","protected":false},"author":1,"featured_media":1072,"comment_status":"open","ping_status":"open","sticky":false,"template":"","format":"standard","meta":{"_jetpack_newsletter_access":"","_jetpack_dont_email_post_to_subs":false,"_jetpack_newsletter_tier_id":0,"_jetpack_memberships_contains_paywalled_content":false,"_mbp_banners":[],"_jetpack_feature_clip_id":0,"_jetpack_memberships_contains_paid_content":false,"footnotes":"","jetpack_publicize_message":"","jetpack_publicize_feature_enabled":true,"jetpack_social_post_already_shared":true,"jetpack_social_options":{"image_generator_settings":{"template":"highway","default_image_id":0,"font":"","enabled":false},"version":2},"jetpack_post_was_ever_published":false},"categories":[24],"tags":[],"class_list":["post-26248","post","type-post","status-publish","format-standard","has-post-thumbnail","category-economia"],"jetpack_publicize_connections":[],"jetpack-related-posts":[],"jetpack_shortlink":"https:\/\/wp.me\/p7Eq1F-6Pm","jetpack_sharing_enabled":true,"jetpack_featured_media_url":"https:\/\/i0.wp.com\/guialimeira.com.br\/news\/wp-content\/uploads\/2024\/04\/1712359003_dolar_moeda_0803221206.jpg?fit=1600%2C800&ssl=1","_links":{"self":[{"href":"https:\/\/guialimeira.com.br\/news\/wp-json\/wp\/v2\/posts\/26248","targetHints":{"allow":["GET"]}}],"collection":[{"href":"https:\/\/guialimeira.com.br\/news\/wp-json\/wp\/v2\/posts"}],"about":[{"href":"https:\/\/guialimeira.com.br\/news\/wp-json\/wp\/v2\/types\/post"}],"author":[{"embeddable":true,"href":"https:\/\/guialimeira.com.br\/news\/wp-json\/wp\/v2\/users\/1"}],"replies":[{"embeddable":true,"href":"https:\/\/guialimeira.com.br\/news\/wp-json\/wp\/v2\/comments?post=26248"}],"version-history":[{"count":0,"href":"https:\/\/guialimeira.com.br\/news\/wp-json\/wp\/v2\/posts\/26248\/revisions"}],"wp:featuredmedia":[{"embeddable":true,"href":"https:\/\/guialimeira.com.br\/news\/wp-json\/wp\/v2\/media\/1072"}],"wp:attachment":[{"href":"https:\/\/guialimeira.com.br\/news\/wp-json\/wp\/v2\/media?parent=26248"}],"wp:term":[{"taxonomy":"category","embeddable":true,"href":"https:\/\/guialimeira.com.br\/news\/wp-json\/wp\/v2\/categories?post=26248"},{"taxonomy":"post_tag","embeddable":true,"href":"https:\/\/guialimeira.com.br\/news\/wp-json\/wp\/v2\/tags?post=26248"}],"curies":[{"name":"wp","href":"https:\/\/api.w.org\/{rel}","templated":true}]}}