{"id":26238,"date":"2025-03-10T19:22:55","date_gmt":"2025-03-10T22:22:55","guid":{"rendered":"https:\/\/guialimeira.com.br\/?p=26238"},"modified":"2025-03-10T19:22:55","modified_gmt":"2025-03-10T22:22:55","slug":"vereadores-da-camara-de-limeira-participam-de-curso-sobre-gestao-publica-com-ministro-do-stf","status":"publish","type":"post","link":"https:\/\/guialimeira.com.br\/news\/vereadores-da-camara-de-limeira-participam-de-curso-sobre-gestao-publica-com-ministro-do-stf\/","title":{"rendered":"Vereadores da C\u00e2mara de Limeira participam de curso sobre gest\u00e3o p\u00fablica, com ministro do STF"},"content":{"rendered":"\n<figure class=\"wp-block-gallery has-nested-images columns-default is-cropped wp-block-gallery-1 is-layout-flex wp-block-gallery-is-layout-flex\"><\/figure>\n \r\n<br><img data-recalc-dims=\"1\" decoding=\"async\" src=\"https:\/\/i0.wp.com\/guialimeira.com.br\/wp-content\/uploads\/2025\/03\/2025-03-10_vereadores-da-camara-de-limeira-participam-de-curso-sobre-gestao-publica_1.jpg?w=696&#038;ssl=1\" \/><br><div>\n\t\t\t\t\t<p>Nesta segunda-feira, 10 de mar\u00e7o, seis vereadores da C\u00e2mara Municipal de Limeira, incluindo o presidente do Legislativo, participaram de um curso em S\u00e3o Paulo, com foco nas melhores pr\u00e1ticas administrativas. Cada parlamentar participante foi indicado por um dos blocos partid\u00e1rios da Casa.\u00a0<\/p><p>O curso foi ministrado pelo Instituto Iter e abordou as seguintes tem\u00e1ticas: O caminho para a boa governan\u00e7a p\u00fablica, Tribunais de Contas e o artigo 37 da Constitui\u00e7\u00e3o Federal; Principais pontos de aten\u00e7\u00e3o para a gest\u00e3o da infraestrutura municipal; Os desafios dos gestores municipais diante da nova lei de licita\u00e7\u00f5es; Como diagnosticar os desafios iniciais, uma an\u00e1lise guiada pelos problemas recorrentes; Aspectos gerais sobre a administra\u00e7\u00e3o p\u00fablica, problemas comuns e solu\u00e7\u00f5es estrat\u00e9gicas; Descomplicando a fiscaliza\u00e7\u00e3o; O papel do Tribunal de Contas da Uni\u00e3o na fiscaliza\u00e7\u00e3o dos munic\u00edpios.<\/p><p>Entre os docentes do curso est\u00e3o o ministro do Supremo Tribunal Federal e do Tribunal Superior Eleitoral, Andr\u00e9 Mendon\u00e7a, idealizador do curso; o conselheiro do Tribunal de Contas do Estado de S\u00e3o Paulo (TCESP), Dimas Ramalho; a secret\u00e1ria de Meio Ambiente, Infraestrutura e Log\u00edstica do Estado de S\u00e3o Paulo, Nat\u00e1lia Resende; o chefe de gabinete da Presid\u00eancia do TCESP, S\u00e9rgio Siqueira Rossi; o procurador do Minist\u00e9rio P\u00fablico de Contas do Estado de S\u00e3o Paulo, Thiago Pinheiro Lima; e o ministro do Tribunal de Contas da Uni\u00e3o, Benjamim Zymler.<\/p><p>Participaram do curso o presidente da C\u00e2mara, Everton Ferreira (PSD), e os vereadores M\u00e1rcio do Estacionamento (DC), Nilton Santos (Republicanos), Elias Barbosa (PRTB), Mariana Calsa (MDB) e Felipe Penedo (PL).\u00a0<\/p><p>Segundo Everton Ferreira, a participa\u00e7\u00e3o dos vereadores de Limeira no curso foi de extrema import\u00e2ncia, devido \u00e0s tem\u00e1ticas abrangidas, uma vez que o objetivo da forma\u00e7\u00e3o foi oferecer conhecimento aprofundado e dom\u00ednio sobre as principais dificuldades enfrentadas pelos munic\u00edpios e capacita\u00e7\u00e3o para uma governan\u00e7a eficiente e resolutiva, bem como a familiariza\u00e7\u00e3o com um modelo transformador de enfrentamento dos problemas da gest\u00e3o municipal e de rela\u00e7\u00e3o com os \u00f3rg\u00e3os de fiscaliza\u00e7\u00e3o e controle, com o foco de promover impacto positivo na vida dos cidad\u00e3os.\u00a0<\/p><p>\u201cQuanto mais o Poder Legislativo Municipal estiver pr\u00f3ximo das melhores pr\u00e1ticas de gest\u00e3o, melhor ser\u00e1 a fiscaliza\u00e7\u00e3o\u201d, declarou Everton.<\/p>\t\t\t\t<\/div>\r\n<br>\r\n<br><a href=\"https:\/\/www.limeira.sp.leg.br\/noticias\/view\/2025-03-10_vereadores-da-camara-de-limeira-participam-de-curso-sobre-gestao-publica-com-ministro-do-stf\" rel=\"noopener\">Informa\u00e7\u00f5es CML <\/a>","protected":false},"excerpt":{"rendered":"<p>Nesta segunda-feira, 10 de mar\u00e7o, seis vereadores da C\u00e2mara Municipal de Limeira, incluindo o presidente do Legislativo, participaram de um curso em S\u00e3o Paulo, com foco nas melhores pr\u00e1ticas administrativas. Cada parlamentar participante foi indicado por um dos blocos partid\u00e1rios da Casa.\u00a0 O curso foi ministrado pelo Instituto Iter e abordou as seguintes tem\u00e1ticas: O [&hellip;]<\/p>\n","protected":false},"author":1,"featured_media":26227,"comment_status":"open","ping_status":"open","sticky":false,"template":"","format":"standard","meta":{"_jetpack_newsletter_access":"","_jetpack_dont_email_post_to_subs":false,"_jetpack_newsletter_tier_id":0,"_jetpack_memberships_contains_paywalled_content":false,"_mbp_banners":[],"_jetpack_feature_clip_id":0,"_jetpack_memberships_contains_paid_content":false,"footnotes":"","jetpack_publicize_message":"","jetpack_publicize_feature_enabled":true,"jetpack_social_post_already_shared":true,"jetpack_social_options":{"image_generator_settings":{"template":"highway","default_image_id":0,"font":"","enabled":false},"version":2},"jetpack_post_was_ever_published":false},"categories":[19],"tags":[],"class_list":["post-26238","post","type-post","status-publish","format-standard","has-post-thumbnail","category-politica"],"jetpack_publicize_connections":[],"jetpack-related-posts":[],"jetpack_shortlink":"https:\/\/wp.me\/p7Eq1F-6Pc","jetpack_sharing_enabled":true,"jetpack_featured_media_url":"https:\/\/i0.wp.com\/guialimeira.com.br\/news\/wp-content\/uploads\/2025\/03\/Vereadores-da-Camara-de-Limeira-participam-de-curso-sobre-gestao.jpg?fit=1280%2C640&ssl=1","_links":{"self":[{"href":"https:\/\/guialimeira.com.br\/news\/wp-json\/wp\/v2\/posts\/26238","targetHints":{"allow":["GET"]}}],"collection":[{"href":"https:\/\/guialimeira.com.br\/news\/wp-json\/wp\/v2\/posts"}],"about":[{"href":"https:\/\/guialimeira.com.br\/news\/wp-json\/wp\/v2\/types\/post"}],"author":[{"embeddable":true,"href":"https:\/\/guialimeira.com.br\/news\/wp-json\/wp\/v2\/users\/1"}],"replies":[{"embeddable":true,"href":"https:\/\/guialimeira.com.br\/news\/wp-json\/wp\/v2\/comments?post=26238"}],"version-history":[{"count":1,"href":"https:\/\/guialimeira.com.br\/news\/wp-json\/wp\/v2\/posts\/26238\/revisions"}],"predecessor-version":[{"id":26239,"href":"https:\/\/guialimeira.com.br\/news\/wp-json\/wp\/v2\/posts\/26238\/revisions\/26239"}],"wp:featuredmedia":[{"embeddable":true,"href":"https:\/\/guialimeira.com.br\/news\/wp-json\/wp\/v2\/media\/26227"}],"wp:attachment":[{"href":"https:\/\/guialimeira.com.br\/news\/wp-json\/wp\/v2\/media?parent=26238"}],"wp:term":[{"taxonomy":"category","embeddable":true,"href":"https:\/\/guialimeira.com.br\/news\/wp-json\/wp\/v2\/categories?post=26238"},{"taxonomy":"post_tag","embeddable":true,"href":"https:\/\/guialimeira.com.br\/news\/wp-json\/wp\/v2\/tags?post=26238"}],"curies":[{"name":"wp","href":"https:\/\/api.w.org\/{rel}","templated":true}]}}