{"id":26237,"date":"2025-03-10T19:24:15","date_gmt":"2025-03-10T22:24:15","guid":{"rendered":"https:\/\/guialimeira.com.br\/?p=26237"},"modified":"2025-03-10T19:24:18","modified_gmt":"2025-03-10T22:24:18","slug":"revitalizacao-da-praca-rosa-granzotto-rosada-vereadora-mara-isa-mattos-silveira-cobra-respostas-da-prefeitura","status":"publish","type":"post","link":"https:\/\/guialimeira.com.br\/news\/revitalizacao-da-praca-rosa-granzotto-rosada-vereadora-mara-isa-mattos-silveira-cobra-respostas-da-prefeitura\/","title":{"rendered":"Revitaliza\u00e7\u00e3o da Pra\u00e7a Rosa Granzotto Rosada: Vereadora Mara Isa Mattos Silveira cobra respostas da Prefeitura"},"content":{"rendered":"\n<p class=\"wp-block-paragraph\">A <strong>Pra\u00e7a Rosa Granzotto Rosada<\/strong>, antiga Pra\u00e7a Na\u00e7\u00f5es Unidas, no <strong>Bairro Boa Vista<\/strong>, \u00e9 um espa\u00e7o de grande import\u00e2ncia para a comunidade limeirense. No entanto, a \u00e1rea apresenta a necessidade urgente de <strong>revitaliza\u00e7\u00e3o<\/strong>, especialmente quanto \u00e0 seguran\u00e7a e acessibilidade de seus frequentadores.<\/p>\n\n\n\n<p class=\"wp-block-paragraph\">Pensando nisso, a vereadora <strong>Mara Isa Mattos Silveira (PL)<\/strong> protocolou um requerimento ao <strong>Poder Executivo<\/strong>, solicitando informa\u00e7\u00f5es sobre poss\u00edveis melhorias e a troca do pavimento atual por um material <strong>antiderrapante<\/strong>, garantindo mais seguran\u00e7a para a popula\u00e7\u00e3o, principalmente para os idosos que utilizam o espa\u00e7o.<\/p>\n\n\n\n<h4 class=\"wp-block-heading\"><strong>Principais questionamentos do requerimento<\/strong><\/h4>\n\n\n\n<p class=\"wp-block-paragraph\">A vereadora busca esclarecimentos sobre tr\u00eas pontos essenciais:<\/p>\n\n\n\n<p class=\"wp-block-paragraph\">\u2705 <strong>A Prefeitura tem planos para reformar a Pra\u00e7a Rosa Granzotto Rosada?<\/strong><br>\u2705 <strong>Caso haja reforma, h\u00e1 previs\u00e3o para substituir o atual pavimento por um material antiderrapante?<\/strong><br>\u2705 <strong>Se a troca do piso for confirmada, qual a previs\u00e3o para a execu\u00e7\u00e3o do projeto?<\/strong><\/p>\n\n\n\n<h4 class=\"wp-block-heading\"><strong>Por que essa reforma \u00e9 importante?<\/strong><\/h4>\n\n\n\n<p class=\"wp-block-paragraph\">A pra\u00e7a \u00e9 um espa\u00e7o de conviv\u00eancia essencial para a comunidade, sendo utilizada para lazer, encontros, jogos e momentos de descontra\u00e7\u00e3o. No entanto, muitos moradores relataram \u00e0 vereadora <strong>a necessidade de melhorias<\/strong>, destacando a import\u00e2ncia de um novo piso que ofere\u00e7a mais <strong>seguran\u00e7a e conforto<\/strong>, especialmente para os idosos.<\/p>\n\n\n\n<p class=\"wp-block-paragraph\">Com a troca do pavimento por um material antiderrapante, a Prefeitura poder\u00e1 proporcionar um ambiente <strong>mais acess\u00edvel e seguro<\/strong>, evitando quedas e acidentes.<\/p>\n\n\n\n<h3 class=\"wp-block-heading\"><strong>A import\u00e2ncia da transpar\u00eancia na gest\u00e3o p\u00fablica<\/strong><\/h3>\n\n\n\n<p class=\"wp-block-paragraph\">A solicita\u00e7\u00e3o da vereadora refor\u00e7a o compromisso com a transpar\u00eancia e a participa\u00e7\u00e3o popular nas decis\u00f5es sobre os espa\u00e7os p\u00fablicos da cidade. A expectativa agora \u00e9 que o <strong>Poder Executivo<\/strong> responda com informa\u00e7\u00f5es claras e, se poss\u00edvel, com <strong>medidas concretas para a revitaliza\u00e7\u00e3o da pra\u00e7a<\/strong>.<\/p>\n\n\n\n<p class=\"wp-block-paragraph\"><strong>\ud83d\udce2 Continue acompanhando as atualiza\u00e7\u00f5es e fique por dentro das pr\u00f3ximas a\u00e7\u00f5es sobre essa importante demanda para o Bairro Boa Vista!<\/strong> \ud83c\udf33\ud83c\udfe1<\/p>\n","protected":false},"excerpt":{"rendered":"<p>A Pra\u00e7a Rosa Granzotto Rosada, antiga Pra\u00e7a Na\u00e7\u00f5es Unidas, no Bairro Boa Vista, \u00e9 um espa\u00e7o de grande import\u00e2ncia para a comunidade limeirense. No entanto, a \u00e1rea apresenta a necessidade urgente de revitaliza\u00e7\u00e3o, especialmente quanto \u00e0 seguran\u00e7a e acessibilidade de seus frequentadores. Pensando nisso, a vereadora Mara Isa Mattos Silveira (PL) protocolou um requerimento ao [&hellip;]<\/p>\n","protected":false},"author":1,"featured_media":25992,"comment_status":"open","ping_status":"open","sticky":false,"template":"","format":"standard","meta":{"_jetpack_newsletter_access":"","_jetpack_dont_email_post_to_subs":false,"_jetpack_newsletter_tier_id":0,"_jetpack_memberships_contains_paywalled_content":false,"_mbp_banners":[],"_jetpack_feature_clip_id":0,"_jetpack_memberships_contains_paid_content":false,"footnotes":"","jetpack_publicize_message":"","jetpack_publicize_feature_enabled":true,"jetpack_social_post_already_shared":true,"jetpack_social_options":{"image_generator_settings":{"template":"highway","default_image_id":0,"font":"","enabled":false},"version":2},"jetpack_post_was_ever_published":false},"categories":[19],"tags":[],"class_list":["post-26237","post","type-post","status-publish","format-standard","has-post-thumbnail","category-politica"],"jetpack_publicize_connections":[],"jetpack-related-posts":[],"jetpack_shortlink":"https:\/\/wp.me\/p7Eq1F-6Pb","jetpack_sharing_enabled":true,"jetpack_featured_media_url":"https:\/\/i0.wp.com\/guialimeira.com.br\/news\/wp-content\/uploads\/2025\/03\/Praca-Nacoes-Unidas.png?fit=2312%2C1736&ssl=1","_links":{"self":[{"href":"https:\/\/guialimeira.com.br\/news\/wp-json\/wp\/v2\/posts\/26237","targetHints":{"allow":["GET"]}}],"collection":[{"href":"https:\/\/guialimeira.com.br\/news\/wp-json\/wp\/v2\/posts"}],"about":[{"href":"https:\/\/guialimeira.com.br\/news\/wp-json\/wp\/v2\/types\/post"}],"author":[{"embeddable":true,"href":"https:\/\/guialimeira.com.br\/news\/wp-json\/wp\/v2\/users\/1"}],"replies":[{"embeddable":true,"href":"https:\/\/guialimeira.com.br\/news\/wp-json\/wp\/v2\/comments?post=26237"}],"version-history":[{"count":1,"href":"https:\/\/guialimeira.com.br\/news\/wp-json\/wp\/v2\/posts\/26237\/revisions"}],"predecessor-version":[{"id":26240,"href":"https:\/\/guialimeira.com.br\/news\/wp-json\/wp\/v2\/posts\/26237\/revisions\/26240"}],"wp:featuredmedia":[{"embeddable":true,"href":"https:\/\/guialimeira.com.br\/news\/wp-json\/wp\/v2\/media\/25992"}],"wp:attachment":[{"href":"https:\/\/guialimeira.com.br\/news\/wp-json\/wp\/v2\/media?parent=26237"}],"wp:term":[{"taxonomy":"category","embeddable":true,"href":"https:\/\/guialimeira.com.br\/news\/wp-json\/wp\/v2\/categories?post=26237"},{"taxonomy":"post_tag","embeddable":true,"href":"https:\/\/guialimeira.com.br\/news\/wp-json\/wp\/v2\/tags?post=26237"}],"curies":[{"name":"wp","href":"https:\/\/api.w.org\/{rel}","templated":true}]}}