{"id":26216,"date":"2025-03-10T17:13:59","date_gmt":"2025-03-10T20:13:59","guid":{"rendered":"https:\/\/guialimeira.com.br\/2025\/03\/10\/mercado-de-brinquedos-cresceu-36-em-vendas-em-4-anos-diz-abrinq\/"},"modified":"2025-03-10T17:13:59","modified_gmt":"2025-03-10T20:13:59","slug":"mercado-de-brinquedos-cresceu-36-em-vendas-em-4-anos-diz-abrinq","status":"publish","type":"post","link":"https:\/\/guialimeira.com.br\/news\/mercado-de-brinquedos-cresceu-36-em-vendas-em-4-anos-diz-abrinq\/","title":{"rendered":"Mercado de brinquedos cresceu 36% em vendas em 4 anos, diz Abrinq"},"content":{"rendered":"<p> <br \/>\n<\/p>\n<div>\n<p><strong>O mercado de brinquedos no Brasil cresceu cerca de 36% em vendas desde 2020, saltando de R$ 7,5 milh\u00f5es para R$ 10,2 milh\u00f5es em 2024.<\/strong> Com o consumo per capita de brinquedos em ascens\u00e3o, o setor registra uma m\u00e9dia de 11 unidades por crian\u00e7a ao ano, segundo a Funda\u00e7\u00e3o Abrinq, que destaca como raz\u00f5es para esse crescimento a constante demanda por inova\u00e7\u00e3o e renova\u00e7\u00e3o dentro da ind\u00fastria, impulsionada pelo lan\u00e7amento de produtos, como a inclus\u00e3o de 43 tipos de brinquedos para crian\u00e7as com necessidades especiais, e pelo fortalecimento do varejo.<img data-recalc-dims=\"1\" decoding=\"async\" src=\"https:\/\/i0.wp.com\/agenciabrasil.ebc.com.br\/ebc.png?w=696&#038;ssl=1\" style=\"width:1px; height:1px; display:inline;\"\/><img data-recalc-dims=\"1\" decoding=\"async\" src=\"https:\/\/i0.wp.com\/agenciabrasil.ebc.com.br\/ebc.gif?w=696&#038;ssl=1\" style=\"width:1px; height:1px; display:inline;\"\/><\/p>\n<p>\u201cO setor tem demonstrado uma resili\u00eancia impressionante, impulsionada tanto pelo aumento no consumo per capita quanto pela diversifica\u00e7\u00e3o de produtos. O Brasil tem entre 9 mil e 14 mil nascimentos de crian\u00e7as por dia, e isso cria um p\u00fablico consumidor constante, que movimenta toda essa cadeia produtiva\u201d, disse o presidente da Funda\u00e7\u00e3o Abrinq, Syn\u00e9sio Batista da Costa.\u00a0<\/p>\n<p>Ele lembra que, <strong>h\u00e1 30 anos, o setor foi afetado pela invas\u00e3o de produtos chineses<\/strong>, o que provocou o fechamento de 636 f\u00e1bricas com 45 mil pessoas demitidas. Atualmente, depois de uma retomada, o setor tem 400 f\u00e1bricas e 70 mil empregados no pa\u00eds.<\/p>\n<p>Syn\u00e9sio refor\u00e7ou que <strong>o setor de brinquedos precisa renovar de 25% a 30% da frota por ano<\/strong>. Hoje, existem, um total de 4.700 tipos diferentes de brinquedos.\u00a0<\/p>\n<p>Sobre o pre\u00e7o dos produtos, ele explicou que o setor tem sua pr\u00f3pria infla\u00e7\u00e3o, que \u00e9 melhor que a infla\u00e7\u00e3o do pa\u00eds.\u00a0<\/p>\n<blockquote>\n<p>\u201cA eleva\u00e7\u00e3o do pre\u00e7o do brinquedo \u00e9 um pouco mais do que a metade da eleva\u00e7\u00e3o da infla\u00e7\u00e3o do pa\u00eds. Os brinquedos est\u00e3o nos 27 estados da Federa\u00e7\u00e3o, inclusive o Distrito Federal. Em qualquer lugar h\u00e1 uma loja, um representante, um revendedor. Mesmo nas cidades em que as fam\u00edlias s\u00e3o mais humildes, o brinquedo chega, e \u00e9 poss\u00edvel comprar um brinquedo a partir de R$ 10. Toda fam\u00edlia vai ter R$ 10\u201d, disse.<\/p>\n<\/blockquote>\n<p><strong>O presidente da Abrinq avalia que a expectativa de crescimento do setor este ano n\u00e3o \u00e9 menor do que 4,5%.<\/strong>\u00a0<\/p>\n<p>Em rela\u00e7\u00e3o \u00e0 produ\u00e7\u00e3o, Syn\u00e9sio se queixa da falta de m\u00e3o de obra. <strong>Segundo ele, h\u00e1 f\u00e1bricas com oferta vasta de vagas, chegando a 100.<\/strong>\u00a0<\/p>\n<blockquote>\n<p>\u201cPor\u00e9m, n\u00e3o aparece ningu\u00e9m para trabalhar. N\u00e3o precisa nem ser qualificado, porque n\u00f3s qualificamos na f\u00e1brica. Tem gente que aparece querendo trabalhar sem carteira assinada e n\u00f3s n\u00e3o fazemos isso. Mas pretendemos resolver isso. Hoje estou com 7 mil vagas abertas no setor\u201d.<\/p>\n<\/blockquote>\n<p><strong>Syn\u00e9sio destacou ainda que o sal\u00e1rio de um oper\u00e1rio de f\u00e1brica varia de R$ 3.500 a R$ 7 mil, com todos os benef\u00edcios sociais.<\/strong><\/p>\n<h2>Feira<\/h2>\n<p><strong>Teve in\u00edcio nesta segunda-feira (10) a Feira Abrin, na capital paulista<\/strong>, um encontro estrat\u00e9gico que re\u00fane fabricantes, distribuidores e lojistas, al\u00e9m de proporcionar um ambiente prop\u00edcio para a gera\u00e7\u00e3o de neg\u00f3cios e a troca de conhecimentos sobre tend\u00eancias e inova\u00e7\u00f5es.\u00a0<\/p>\n<p>Segundo a organiza\u00e7\u00e3o, <strong>desde 2020, o evento cresceu 31,6% em n\u00famero de visitantes e 17,1% em expositores<\/strong>, demonstrando sua relev\u00e2ncia para a ind\u00fastria. Em sua 41\u00aa edi\u00e7\u00e3o, s visitantes poder\u00e3o conferir mais de 170 expositores e 1.500 lan\u00e7amentos distribu\u00eddos em uma \u00e1rea de 30 mil metros quadrados.<\/p>\n<blockquote>\n<p>\u201cEste ano, estamos preparando um evento ainda maior e mais inovador. Vamos trazer experi\u00eancias diferenciadas e oportunidades concretas de neg\u00f3cios. A Abrin tem um papel fundamental no fortalecimento do setor, conectando os diferentes elos da cadeia e antecipando as principais tend\u00eancias que v\u00e3o impulsionar o mercado durante os pr\u00f3ximos meses\u201d, destacou o presidente da Francal, Fernando Ruas, respons\u00e1vel pela organiza\u00e7\u00e3o.<\/p>\n<\/blockquote>\n<p>      <!-- Relacionada --><\/p>\n<p>            <!-- Relacionada -->\n    <\/div>\n<p><br \/>\n<br \/><a href=\"https:\/\/agenciabrasil.ebc.com.br\/economia\/noticia\/2025-03\/mercado-de-brinquedos-cresceu-36-em-vendas-em-4-anos-diz-abrinq\" rel=\"noopener\">Ag\u00eancia Brasil<\/a><\/p>\n","protected":false},"excerpt":{"rendered":"<p>O mercado de brinquedos no Brasil cresceu cerca de 36% em vendas desde 2020, saltando de R$ 7,5 milh\u00f5es para R$ 10,2 milh\u00f5es em 2024. Com o consumo per capita de brinquedos em ascens\u00e3o, o setor registra uma m\u00e9dia de 11 unidades por crian\u00e7a ao ano, segundo a Funda\u00e7\u00e3o Abrinq, que destaca como raz\u00f5es para [&hellip;]<\/p>\n","protected":false},"author":1,"featured_media":26217,"comment_status":"open","ping_status":"open","sticky":false,"template":"","format":"standard","meta":{"_jetpack_newsletter_access":"","_jetpack_dont_email_post_to_subs":false,"_jetpack_newsletter_tier_id":0,"_jetpack_memberships_contains_paywalled_content":false,"_mbp_banners":[],"_jetpack_feature_clip_id":0,"_jetpack_memberships_contains_paid_content":false,"footnotes":"","jetpack_publicize_message":"","jetpack_publicize_feature_enabled":true,"jetpack_social_post_already_shared":true,"jetpack_social_options":{"image_generator_settings":{"template":"highway","default_image_id":0,"font":"","enabled":false},"version":2},"jetpack_post_was_ever_published":false},"categories":[24],"tags":[],"class_list":["post-26216","post","type-post","status-publish","format-standard","has-post-thumbnail","category-economia"],"jetpack_publicize_connections":[],"jetpack-related-posts":[],"jetpack_shortlink":"https:\/\/wp.me\/p7Eq1F-6OQ","jetpack_sharing_enabled":true,"jetpack_featured_media_url":"https:\/\/i0.wp.com\/guialimeira.com.br\/news\/wp-content\/uploads\/2025\/03\/972125-18.08.2015__wdo9725_1.jpg?fit=1600%2C800&ssl=1","_links":{"self":[{"href":"https:\/\/guialimeira.com.br\/news\/wp-json\/wp\/v2\/posts\/26216","targetHints":{"allow":["GET"]}}],"collection":[{"href":"https:\/\/guialimeira.com.br\/news\/wp-json\/wp\/v2\/posts"}],"about":[{"href":"https:\/\/guialimeira.com.br\/news\/wp-json\/wp\/v2\/types\/post"}],"author":[{"embeddable":true,"href":"https:\/\/guialimeira.com.br\/news\/wp-json\/wp\/v2\/users\/1"}],"replies":[{"embeddable":true,"href":"https:\/\/guialimeira.com.br\/news\/wp-json\/wp\/v2\/comments?post=26216"}],"version-history":[{"count":0,"href":"https:\/\/guialimeira.com.br\/news\/wp-json\/wp\/v2\/posts\/26216\/revisions"}],"wp:featuredmedia":[{"embeddable":true,"href":"https:\/\/guialimeira.com.br\/news\/wp-json\/wp\/v2\/media\/26217"}],"wp:attachment":[{"href":"https:\/\/guialimeira.com.br\/news\/wp-json\/wp\/v2\/media?parent=26216"}],"wp:term":[{"taxonomy":"category","embeddable":true,"href":"https:\/\/guialimeira.com.br\/news\/wp-json\/wp\/v2\/categories?post=26216"},{"taxonomy":"post_tag","embeddable":true,"href":"https:\/\/guialimeira.com.br\/news\/wp-json\/wp\/v2\/tags?post=26216"}],"curies":[{"name":"wp","href":"https:\/\/api.w.org\/{rel}","templated":true}]}}