{"id":26207,"date":"2025-03-10T16:34:51","date_gmt":"2025-03-10T19:34:51","guid":{"rendered":"https:\/\/guialimeira.com.br\/?p=26207"},"modified":"2025-03-10T16:34:51","modified_gmt":"2025-03-10T19:34:51","slug":"pec-da-seguranca-publica-vai-prever-competencias-de-guardas-municipais","status":"publish","type":"post","link":"https:\/\/guialimeira.com.br\/news\/pec-da-seguranca-publica-vai-prever-competencias-de-guardas-municipais\/","title":{"rendered":"PEC da Seguran\u00e7a P\u00fablica vai prever compet\u00eancias de guardas municipais"},"content":{"rendered":"\n<figure class=\"wp-block-gallery has-nested-images columns-default is-cropped wp-block-gallery-1 is-layout-flex wp-block-gallery-is-layout-flex\">\n<figure class=\"wp-block-image size-large\"><\/figure>\n\t\t\t\t\t\n<figure class=\"wp-block-image size-large\"><img loading=\"lazy\" decoding=\"async\" width=\"1\" height=\"1\" data-attachment-id=\"26206\" data-permalink=\"https:\/\/guialimeira.com.br\/news\/pec-da-seguranca-publica-vai-prever-competencias-de-guardas-municipais-2\/\" data-orig-file=\"https:\/\/i0.wp.com\/guialimeira.com.br\/news\/wp-content\/uploads\/2025\/03\/1741635289_414_ebc.gif?fit=1%2C1&amp;ssl=1\" data-orig-size=\"1,1\" data-comments-opened=\"1\" data-image-meta=\"{&quot;aperture&quot;:&quot;0&quot;,&quot;credit&quot;:&quot;&quot;,&quot;camera&quot;:&quot;&quot;,&quot;caption&quot;:&quot;&quot;,&quot;created_timestamp&quot;:&quot;0&quot;,&quot;copyright&quot;:&quot;&quot;,&quot;focal_length&quot;:&quot;0&quot;,&quot;iso&quot;:&quot;0&quot;,&quot;shutter_speed&quot;:&quot;0&quot;,&quot;title&quot;:&quot;&quot;,&quot;orientation&quot;:&quot;0&quot;}\" data-image-title=\"PEC da Seguran\u00e7a P\u00fablica vai prever compet\u00eancias de guardas municipais\" data-image-description=\"\" data-image-caption=\"\" data-large-file=\"https:\/\/i0.wp.com\/guialimeira.com.br\/news\/wp-content\/uploads\/2025\/03\/1741635289_414_ebc.gif?fit=1%2C1&amp;ssl=1\" data-id=\"26206\" src=\"https:\/\/i0.wp.com\/guialimeira.com.br\/wp-content\/uploads\/2025\/03\/1741635289_414_ebc.gif?resize=1%2C1&amp;ssl=1\" alt=\"\" class=\"wp-image-26206\" \/><\/figure>\n\t\t\t\t\t<\/figure>\n \r\n<br><div>\n                    <p>O ministro da Justi\u00e7a e Seguran\u00e7a P\u00fablica, Ricardo Lewandowski, disse nesta segunda-feira (10) que <strong>a proposta de emenda \u00e0 Constitui\u00e7\u00e3o da Seguran\u00e7a P\u00fablica (PEC) que ser\u00e1 enviada ao Congresso Nacional, vai incorporar o entendimento do Supremo Tribunal Federal (STF) sobre as guardas municipais<\/strong>.\u00a0<img data-recalc-dims=\"1\" decoding=\"async\" src=\"https:\/\/i0.wp.com\/guialimeira.com.br\/wp-content\/uploads\/2025\/03\/1741635289_840_ebc.png?w=696&#038;ssl=1\" style=\"width:1px;height:1px\" \/><img data-recalc-dims=\"1\" decoding=\"async\" src=\"https:\/\/i0.wp.com\/guialimeira.com.br\/wp-content\/uploads\/2025\/03\/1741635289_414_ebc.gif?w=696&#038;ssl=1\" style=\"width:1px;height:1px\" \/><\/p>\n\n<p>Em decis\u00e3o no final de fevereiro, a Corte confirmou que as guardas municipais podem fazer <a href=\"https:\/\/agenciabrasil.ebc.com.br\/justica\/noticia\/2025-02\/stf-confirma-competencia-de-guardas-municipais-para-fazer-policiamento\" target=\"_blank\" rel=\"noopener\">policiamento ostensivo nas vias p\u00fablicas<\/a>, respeitando-se os limites de compet\u00eancias com as demais for\u00e7as de seguran\u00e7a.<\/p>\n\n<blockquote>\n<p>&#8220;Essa tese do Supremo foi incorporada \u00e0 PEC. A PEC hoje tem a integra\u00e7\u00e3o de todas as pol\u00edcias brasileiras, desde a Pol\u00edcia Federal at\u00e9 a Guarda Municipal, na base do sistema&#8221;, explicou o ministro em conversa com jornalistas no Pal\u00e1cio do Planalto.\u00a0<\/p>\n<\/blockquote>\n\n<p><strong>Lewandowski disse que o texto est\u00e1 em an\u00e1lise na Casa Civil<\/strong>, e que deve ser enviado, em breve, ao Congresso Nacional, mas n\u00e3o deu uma data para o envio.<\/p>\n\n<h2>O que muda<\/h2>\n\n<p>A PEC da Seguran\u00e7a P\u00fablica altera a reda\u00e7\u00e3o dos artigos 21, 22, 23 e 24 da Constitui\u00e7\u00e3o Federal, que tratam das compet\u00eancias da Uni\u00e3o, privativas ou em comum com os estados, munic\u00edpios e o Distrito Federal, e <strong>muda o Artigo 144, sobre os \u00f3rg\u00e3os que cuidam da seguran\u00e7a p\u00fablica em todo o pa\u00eds<\/strong>.<\/p>\n\n<p>Com a proposta, o <a href=\"https:\/\/agenciabrasil.ebc.com.br\/geral\/noticia\/2025-01\/nova-versao-da-pec-da-seguranca-reforca-autonomia-de-governadores\" target=\"_blank\" rel=\"noopener\">governo federal pretende dar status constitucional ao Sistema \u00danico de Seguran\u00e7a P\u00fablica (Susp)<\/a>, criado por lei ordin\u00e1ria em 2018 (<a href=\"https:\/\/www.planalto.gov.br\/ccivil_03\/_ato2015-2018\/2018\/lei\/L13675.htm\" target=\"_blank\" rel=\"noopener\">Lei 13.675<\/a>), e levar para a Constitui\u00e7\u00e3o Federal a previs\u00e3o do Fundo Nacional de Seguran\u00e7a P\u00fablica e do Fundo Penitenci\u00e1rio, que atualmente est\u00e3o estabelecidos em leis pr\u00f3prias.<\/p>\n\n<p><strong>O texto da PEC tamb\u00e9m aumenta as atribui\u00e7\u00f5es da Pol\u00edcia Federal (PF) e da Pol\u00edcia Rodovi\u00e1ria Federal (PRF)<\/strong>, que passaria a ser chamar Pol\u00edcia Vi\u00e1ria Federal, abrangendo o patrulhamento ostensivo das rodovias, ferrovias e hidrovias federais.<\/p>\n\n      <!-- Relacionada -->\n              \n            <!-- Relacionada -->\n    <\/div>\r\n<br>\r\n<br><a href=\"https:\/\/agenciabrasil.ebc.com.br\/politica\/noticia\/2025-03\/pec-da-seguranca-publica-vai-prever-competencias-de-guardas-municipais\" rel=\"noopener\">Ag\u00eancia Brasil<\/a>","protected":false},"excerpt":{"rendered":"<p>O ministro da Justi\u00e7a e Seguran\u00e7a P\u00fablica, Ricardo Lewandowski, disse nesta segunda-feira (10) que a proposta de emenda \u00e0 Constitui\u00e7\u00e3o da Seguran\u00e7a P\u00fablica (PEC) que ser\u00e1 enviada ao Congresso Nacional, vai incorporar o entendimento do Supremo Tribunal Federal (STF) sobre as guardas municipais.\u00a0 Em decis\u00e3o no final de fevereiro, a Corte confirmou que as guardas [&hellip;]<\/p>\n","protected":false},"author":1,"featured_media":22089,"comment_status":"open","ping_status":"open","sticky":false,"template":"","format":"standard","meta":{"_jetpack_newsletter_access":"","_jetpack_dont_email_post_to_subs":false,"_jetpack_newsletter_tier_id":0,"_jetpack_memberships_contains_paywalled_content":false,"_mbp_banners":[],"_jetpack_feature_clip_id":0,"_jetpack_memberships_contains_paid_content":false,"footnotes":"","jetpack_publicize_message":"","jetpack_publicize_feature_enabled":true,"jetpack_social_post_already_shared":true,"jetpack_social_options":{"image_generator_settings":{"template":"highway","default_image_id":0,"font":"","enabled":false},"version":2},"jetpack_post_was_ever_published":false},"categories":[19],"tags":[],"class_list":["post-26207","post","type-post","status-publish","format-standard","has-post-thumbnail","category-politica"],"jetpack_publicize_connections":[],"jetpack-related-posts":[],"jetpack_shortlink":"https:\/\/wp.me\/p7Eq1F-6OH","jetpack_sharing_enabled":true,"jetpack_featured_media_url":"https:\/\/i0.wp.com\/guialimeira.com.br\/news\/wp-content\/uploads\/2025\/01\/lula0421.jpg?fit=1600%2C800&ssl=1","_links":{"self":[{"href":"https:\/\/guialimeira.com.br\/news\/wp-json\/wp\/v2\/posts\/26207","targetHints":{"allow":["GET"]}}],"collection":[{"href":"https:\/\/guialimeira.com.br\/news\/wp-json\/wp\/v2\/posts"}],"about":[{"href":"https:\/\/guialimeira.com.br\/news\/wp-json\/wp\/v2\/types\/post"}],"author":[{"embeddable":true,"href":"https:\/\/guialimeira.com.br\/news\/wp-json\/wp\/v2\/users\/1"}],"replies":[{"embeddable":true,"href":"https:\/\/guialimeira.com.br\/news\/wp-json\/wp\/v2\/comments?post=26207"}],"version-history":[{"count":1,"href":"https:\/\/guialimeira.com.br\/news\/wp-json\/wp\/v2\/posts\/26207\/revisions"}],"predecessor-version":[{"id":26208,"href":"https:\/\/guialimeira.com.br\/news\/wp-json\/wp\/v2\/posts\/26207\/revisions\/26208"}],"wp:featuredmedia":[{"embeddable":true,"href":"https:\/\/guialimeira.com.br\/news\/wp-json\/wp\/v2\/media\/22089"}],"wp:attachment":[{"href":"https:\/\/guialimeira.com.br\/news\/wp-json\/wp\/v2\/media?parent=26207"}],"wp:term":[{"taxonomy":"category","embeddable":true,"href":"https:\/\/guialimeira.com.br\/news\/wp-json\/wp\/v2\/categories?post=26207"},{"taxonomy":"post_tag","embeddable":true,"href":"https:\/\/guialimeira.com.br\/news\/wp-json\/wp\/v2\/tags?post=26207"}],"curies":[{"name":"wp","href":"https:\/\/api.w.org\/{rel}","templated":true}]}}