{"id":26168,"date":"2025-03-10T11:13:09","date_gmt":"2025-03-10T14:13:09","guid":{"rendered":"https:\/\/guialimeira.com.br\/?p=26168"},"modified":"2025-03-10T11:13:09","modified_gmt":"2025-03-10T14:13:09","slug":"transparencia-no-transporte-publico-vereadora-mariana-calsa-requer-informacoes-sobre-repasses-a-concessionaria","status":"publish","type":"post","link":"https:\/\/guialimeira.com.br\/news\/transparencia-no-transporte-publico-vereadora-mariana-calsa-requer-informacoes-sobre-repasses-a-concessionaria\/","title":{"rendered":"Transpar\u00eancia no Transporte P\u00fablico: Vereadora Mariana Calsa requer informa\u00e7\u00f5es sobre repasses \u00e0 concession\u00e1ria"},"content":{"rendered":"\n<p class=\"wp-block-paragraph\">A transpar\u00eancia na gest\u00e3o dos recursos do transporte p\u00fablico \u00e9 essencial para garantir que o servi\u00e7o seja prestado com qualidade e equil\u00edbrio financeiro. Pensando nisso, a vereadora <strong>Mariana Silva Calsa<\/strong> apresentou um requerimento ao <strong>Poder Executivo<\/strong>, solicitando informa\u00e7\u00f5es detalhadas sobre os <strong>repasses da venda de bilhetes do transporte coletivo<\/strong> \u00e0 empresa concession\u00e1ria respons\u00e1vel pelo servi\u00e7o.<\/p>\n\n\n\n<h4 class=\"wp-block-heading\"><strong>Principais questionamentos do requerimento<\/strong><\/h4>\n\n\n\n<p class=\"wp-block-paragraph\">A parlamentar busca esclarecer:<\/p>\n\n\n\n<p class=\"wp-block-paragraph\">\u2705 <strong>Repasses financeiros desde 2020<\/strong> \u2013 Quais foram os valores transferidos para a empresa concession\u00e1ria ano a ano?<br>\u2705 <strong>Metodologia dos repasses<\/strong> \u2013 Como funciona a transfer\u00eancia dos valores arrecadados com a venda dos bilhetes?<br>\u2705 <strong>Defini\u00e7\u00e3o da tarifa<\/strong> \u2013 Com a mudan\u00e7a na metodologia de c\u00e1lculo da tarifa, deixando de seguir o modelo GEIPOT, quais s\u00e3o os crit\u00e9rios adotados atualmente para negociar o valor das passagens?<\/p>\n\n\n\n<h4 class=\"wp-block-heading\"><strong>Justificativa do pedido<\/strong><\/h4>\n\n\n\n<p class=\"wp-block-paragraph\">A solicita\u00e7\u00e3o tem como objetivo garantir a transpar\u00eancia na gest\u00e3o dos recursos p\u00fablicos destinados ao transporte coletivo. Segundo a vereadora, entender como ocorre esse repasse permitir\u00e1 avaliar <strong>a efici\u00eancia do modelo atual<\/strong>, o impacto no or\u00e7amento municipal e se os valores arrecadados dos usu\u00e1rios est\u00e3o sendo utilizados corretamente.<\/p>\n\n\n\n<p class=\"wp-block-paragraph\">Al\u00e9m disso, com a mudan\u00e7a na metodologia de c\u00e1lculo da tarifa, \u00e9 fundamental que a popula\u00e7\u00e3o tenha acesso aos crit\u00e9rios adotados pelo munic\u00edpio para negociar os valores com a concession\u00e1ria. Esse acompanhamento \u00e9 essencial para garantir um equil\u00edbrio entre o custo operacional, a economicidade e a justi\u00e7a tarif\u00e1ria.<\/p>\n\n\n\n<h3 class=\"wp-block-heading\"><strong>Por que essa transpar\u00eancia \u00e9 importante?<\/strong><\/h3>\n\n\n\n<p class=\"wp-block-paragraph\">\ud83d\udd39 <strong>Responsabilidade na aplica\u00e7\u00e3o dos recursos p\u00fablicos<\/strong><br>\ud83d\udd39 <strong>Garantia de tarifas justas para a popula\u00e7\u00e3o<\/strong><br>\ud83d\udd39 <strong>Melhoria na qualidade do servi\u00e7o de transporte<\/strong><\/p>\n\n\n\n<p class=\"wp-block-paragraph\">A iniciativa da vereadora Mariana Silva Calsa refor\u00e7a a import\u00e2ncia do controle social sobre o transporte p\u00fablico, garantindo que a popula\u00e7\u00e3o tenha acesso a informa\u00e7\u00f5es claras e detalhadas sobre a gest\u00e3o desse servi\u00e7o essencial.<\/p>\n\n\n\n<p class=\"wp-block-paragraph\"><strong>\ud83d\udccc Acompanhe as atualiza\u00e7\u00f5es e fique por dentro das respostas do Poder Executivo sobre esse importante tema!<\/strong> \ud83d\ude8d\ud83d\udcb0<\/p>\n","protected":false},"excerpt":{"rendered":"<p>A transpar\u00eancia na gest\u00e3o dos recursos do transporte p\u00fablico \u00e9 essencial para garantir que o servi\u00e7o seja prestado com qualidade e equil\u00edbrio financeiro. Pensando nisso, a vereadora Mariana Silva Calsa apresentou um requerimento ao Poder Executivo, solicitando informa\u00e7\u00f5es detalhadas sobre os repasses da venda de bilhetes do transporte coletivo \u00e0 empresa concession\u00e1ria respons\u00e1vel pelo servi\u00e7o. [&hellip;]<\/p>\n","protected":false},"author":1,"featured_media":26169,"comment_status":"open","ping_status":"open","sticky":false,"template":"","format":"standard","meta":{"_jetpack_newsletter_access":"","_jetpack_dont_email_post_to_subs":false,"_jetpack_newsletter_tier_id":0,"_jetpack_memberships_contains_paywalled_content":false,"_mbp_banners":[],"_jetpack_feature_clip_id":0,"_jetpack_memberships_contains_paid_content":false,"footnotes":"","jetpack_publicize_message":"","jetpack_publicize_feature_enabled":true,"jetpack_social_post_already_shared":true,"jetpack_social_options":{"image_generator_settings":{"template":"highway","default_image_id":0,"font":"","enabled":false},"version":2},"jetpack_post_was_ever_published":false},"categories":[19],"tags":[],"class_list":["post-26168","post","type-post","status-publish","format-standard","has-post-thumbnail","category-politica"],"jetpack_publicize_connections":[],"jetpack-related-posts":[],"jetpack_shortlink":"https:\/\/wp.me\/p7Eq1F-6O4","jetpack_sharing_enabled":true,"jetpack_featured_media_url":"https:\/\/i0.wp.com\/guialimeira.com.br\/news\/wp-content\/uploads\/2025\/03\/images-5.jpeg?fit=328%2C154&ssl=1","_links":{"self":[{"href":"https:\/\/guialimeira.com.br\/news\/wp-json\/wp\/v2\/posts\/26168","targetHints":{"allow":["GET"]}}],"collection":[{"href":"https:\/\/guialimeira.com.br\/news\/wp-json\/wp\/v2\/posts"}],"about":[{"href":"https:\/\/guialimeira.com.br\/news\/wp-json\/wp\/v2\/types\/post"}],"author":[{"embeddable":true,"href":"https:\/\/guialimeira.com.br\/news\/wp-json\/wp\/v2\/users\/1"}],"replies":[{"embeddable":true,"href":"https:\/\/guialimeira.com.br\/news\/wp-json\/wp\/v2\/comments?post=26168"}],"version-history":[{"count":1,"href":"https:\/\/guialimeira.com.br\/news\/wp-json\/wp\/v2\/posts\/26168\/revisions"}],"predecessor-version":[{"id":26170,"href":"https:\/\/guialimeira.com.br\/news\/wp-json\/wp\/v2\/posts\/26168\/revisions\/26170"}],"wp:featuredmedia":[{"embeddable":true,"href":"https:\/\/guialimeira.com.br\/news\/wp-json\/wp\/v2\/media\/26169"}],"wp:attachment":[{"href":"https:\/\/guialimeira.com.br\/news\/wp-json\/wp\/v2\/media?parent=26168"}],"wp:term":[{"taxonomy":"category","embeddable":true,"href":"https:\/\/guialimeira.com.br\/news\/wp-json\/wp\/v2\/categories?post=26168"},{"taxonomy":"post_tag","embeddable":true,"href":"https:\/\/guialimeira.com.br\/news\/wp-json\/wp\/v2\/tags?post=26168"}],"curies":[{"name":"wp","href":"https:\/\/api.w.org\/{rel}","templated":true}]}}