{"id":26052,"date":"2025-03-08T04:25:52","date_gmt":"2025-03-08T07:25:52","guid":{"rendered":"https:\/\/guialimeira.com.br\/?p=26052"},"modified":"2025-03-08T04:25:52","modified_gmt":"2025-03-08T07:25:52","slug":"lula-entrega-mais-de-12-mil-lotes-de-terras-da-reforma-agraria","status":"publish","type":"post","link":"https:\/\/guialimeira.com.br\/news\/lula-entrega-mais-de-12-mil-lotes-de-terras-da-reforma-agraria\/","title":{"rendered":"Lula entrega mais de 12 mil lotes de terras da reforma agr\u00e1ria"},"content":{"rendered":"\n<figure class=\"wp-block-gallery has-nested-images columns-default is-cropped wp-block-gallery-1 is-layout-flex wp-block-gallery-is-layout-flex\">\n<figure class=\"wp-block-image size-large\"><\/figure>\n\t\t\t\t\t\n<figure class=\"wp-block-image size-large\"><img loading=\"lazy\" decoding=\"async\" width=\"1\" height=\"1\" data-attachment-id=\"26051\" data-permalink=\"https:\/\/guialimeira.com.br\/news\/lula-entrega-mais-de-12-mil-lotes-de-terras-da-2\/\" data-orig-file=\"https:\/\/i0.wp.com\/guialimeira.com.br\/news\/wp-content\/uploads\/2025\/03\/1741418748_579_ebc.gif?fit=1%2C1&amp;ssl=1\" data-orig-size=\"1,1\" data-comments-opened=\"1\" data-image-meta=\"{&quot;aperture&quot;:&quot;0&quot;,&quot;credit&quot;:&quot;&quot;,&quot;camera&quot;:&quot;&quot;,&quot;caption&quot;:&quot;&quot;,&quot;created_timestamp&quot;:&quot;0&quot;,&quot;copyright&quot;:&quot;&quot;,&quot;focal_length&quot;:&quot;0&quot;,&quot;iso&quot;:&quot;0&quot;,&quot;shutter_speed&quot;:&quot;0&quot;,&quot;title&quot;:&quot;&quot;,&quot;orientation&quot;:&quot;0&quot;}\" data-image-title=\"Lula entrega mais de 12 mil lotes de terras da\" data-image-description=\"\" data-image-caption=\"\" data-large-file=\"https:\/\/i0.wp.com\/guialimeira.com.br\/news\/wp-content\/uploads\/2025\/03\/1741418748_579_ebc.gif?fit=1%2C1&amp;ssl=1\" data-id=\"26051\" src=\"https:\/\/i0.wp.com\/guialimeira.com.br\/wp-content\/uploads\/2025\/03\/1741418748_579_ebc.gif?resize=1%2C1&amp;ssl=1\" alt=\"\" class=\"wp-image-26051\" \/><\/figure>\n\t\t\t\t\t<\/figure>\n \r\n<br><div>\n                    <p><strong>O presidente Luiz In\u00e1cio Lula da Silva entregou, nesta sexta-feira (7), 12.297 lotes de terra da reforma agr\u00e1ria para fam\u00edlias de 138 assentamentos rurais de 24 estados do pa\u00eds.<\/strong>\u00a0<img data-recalc-dims=\"1\" decoding=\"async\" src=\"https:\/\/i0.wp.com\/guialimeira.com.br\/wp-content\/uploads\/2025\/03\/1741418748_110_ebc.png?w=696&#038;ssl=1\" style=\"width:1px;height:1px\" \/><img data-recalc-dims=\"1\" decoding=\"async\" src=\"https:\/\/i0.wp.com\/guialimeira.com.br\/wp-content\/uploads\/2025\/03\/1741418748_579_ebc.gif?w=696&#038;ssl=1\" style=\"width:1px;height:1px\" \/><\/p>\n\n<p>A cerim\u00f4nia ocorreu no Complexo Ariadn\u00f3polis, em Campo do Meio (MG), onde est\u00e1 localizado o Quilombo Campo Grande, assentamento de ex-funcion\u00e1rios de uma usina de a\u00e7\u00facar que entrou em fal\u00eancia nos anos 1990 e deixou d\u00edvidas com a Uni\u00e3o.<\/p>\n\n<p>Ao longo dos anos, os agricultores familiares do local foram alvo de <a href=\"https:\/\/agenciabrasil.ebc.com.br\/geral\/noticia\/2020-08\/pm-conclui-reintegracao-de-posse-de-acampamento-em-minas-gerais\" target=\"_blank\" rel=\"noopener\">11 opera\u00e7\u00f5es de reintegra\u00e7\u00e3o de posse<\/a>.<strong> Cada uma das mais de 450 fam\u00edlias integrantes do quilombo tem, em m\u00e9dia, 8 hectares de terra e, juntas, produzem e comercializam mais de 160 tipos de alimentos, como mandioca, feij\u00e3o, hortali\u00e7as, milho e caf\u00e9.<\/strong><\/p>\n\n<p>O presidente Lula defendeu os programas de reforma agr\u00e1ria destacando que as grandes propriedades rurais (783 mil delas) correspondem a 658 milh\u00f5es de hectares de terra do pa\u00eds, enquanto as 5,6 milh\u00f5es de pequenas propriedades que produzem alimentos que v\u00e3o \u00e0 mesa da popula\u00e7\u00e3o somam apenas 116 milh\u00f5es de hectares.<\/p>\n\n<blockquote>\n<p>\u201c\u00c9 isso que est\u00e1 errado nesse pa\u00eds. Porque as propriedades que det\u00e9m at\u00e9 100 hectares, elas representam praticamente 70% a 80% de todo o alimento que n\u00f3s consumimos no Brasil, de leite, de carne de boi, de carne de porco, de tudo. E s\u00e3o um percentual muito pequeno [de terra]. Ent\u00e3o, \u00e9 por isso que a luta pela reforma agr\u00e1ria ganha import\u00e2ncia, porque \u00e9 preciso que se fa\u00e7a justi\u00e7a nesse pa\u00eds.\u201d<\/p>\n<\/blockquote>\n\n<p>O presidente lembrou que, no in\u00edcio desse terceiro mandato, pediu um levantamento das terras p\u00fablicas dispon\u00edveis e das terras improdutivas para realizar reforma agr\u00e1ria, para \u201cn\u00e3o precisar haver uma guerra no campo\u201d.\u00a0<\/p>\n\n<p><strong>Ele reafirmou hoje que esse levantamento j\u00e1 foi feito e que o Minist\u00e9rio da Gest\u00e3o precisa come\u00e7ar a disponibilizar as terras.<\/strong><\/p>\n\n<p>\u201cN\u00e3o tem porque o Estado ter terra p\u00fablica. Quem \u00e9 o Estado? \u00c9 o povo, e a terra tem que estar na m\u00e3o do povo para que ele possa produzir\u201d, disse.<\/p>\n\n<blockquote>\n<p>\u201cSe a gente levou dois anos para colocar essa prateleira de p\u00e9, agora \u00e9 preciso fazer com que essa prateleira comece a disponibilizar as terras para que a gente possa assentar, n\u00e3o apenas quem j\u00e1 est\u00e1 em acampamento, mas a gente tamb\u00e9m fazer com que outras pessoas que queiram tenham o direito de trabalhar.\u201d<\/p>\n<\/blockquote>\n\n<h2>Interesse social<\/h2>\n\n<p><strong>Durante o evento, Lula assinou sete decretos de desapropria\u00e7\u00e3o de \u00e1reas por interesse social e tamb\u00e9m anunciou R$ 1,6 bilh\u00e3o para Cr\u00e9dito Instala\u00e7\u00e3o em 2025.<\/strong> Os recursos podem ser aplicados em habita\u00e7\u00e3o, apoio inicial e fomento aos jovens e mulheres na reforma agr\u00e1ria.<\/p>\n\n<p>Os decretos envolvem tr\u00eas im\u00f3veis no Complexo Ariadn\u00f3polis: as fazendas Ariadn\u00f3polis (3.182 hectares), Mata Caxambu (248 hectares) e Potreiro (204 hectares). Outras fazendas tamb\u00e9m inclu\u00eddas s\u00e3o: Santa L\u00facia (5.694 hectares), localizada no munic\u00edpio de Pau-d&#8217;Arco (PA); Crix\u00e1s (3.103 hectares), em Formosa (GO); S\u00e3o Paulo (749 hectares), em Barbosa Ferraz (PR); e Fazenda Cesa \u2013 Horto Florestal (125 hectares), em Cruz Alta (RS). A medida tem potencial de atender cerca de 800 fam\u00edlias.<\/p>\n\n<p><strong>O governo criou ainda cinco projetos de assentamento envolvendo terras adquiridas para solu\u00e7\u00e3o de conflitos e pagas com o or\u00e7amento da Uni\u00e3o de 2024, no total de R$ 383 milh\u00f5es. <\/strong>Eles est\u00e3o localizados nos munic\u00edpios baianos de Alcoba\u00e7a e Teixeira de Freitas, em Goiana (PE) e na cidade mineira de Pirapora, para assentar 375 fam\u00edlias.<\/p>\n\n<p>Tamb\u00e9m foram criados quatro assentamentos em terras p\u00fablicas, com transfer\u00eancia de \u00e1reas da Secretaria do Patrim\u00f4nio da Uni\u00e3o (SPU) para o Instituto Nacional de Coloniza\u00e7\u00e3o e Reforma Agr\u00e1ria (Incra), nos munic\u00edpios de Castro (PR), Muqu\u00e9m de S\u00e3o Francisco (BA), Primavera do Leste (MT) e Marab\u00e1 (PA). <strong>Eles devem garantir o atendimento a 153 fam\u00edlias no total.<\/strong><\/p>\n\n<p>As entregas e an\u00fancios de hoje fazem parte do programa Terra da Gente e incluem, ainda, a entrega de t\u00edtulos de dom\u00ednio, contratos de fomento de recupera\u00e7\u00e3o ambiental, a renegocia\u00e7\u00e3o de d\u00edvidas por meio do Desenrola Rural, al\u00e9m de entregas do Programa Nacional de Cr\u00e9dito Fundi\u00e1rio (PNCF).<\/p>\n\n<p><strong>Tamb\u00e9m foi assinada portaria dos minist\u00e9rios do Desenvolvimento Agr\u00e1rio e Agricultura Familiar e da Fazenda que estabelece um limite de R$ 700 milh\u00f5es para adjudica\u00e7\u00f5es a serem realizadas em 2025. <\/strong>Ou seja, \u00e9 o valor m\u00e1ximo, proveniente de grandes devedores, que a Uni\u00e3o poder\u00e1 reverter para a reforma agr\u00e1ria, no \u00e2mbito do Terra da Gente.<\/p>\n\n      <!-- Relacionada -->\n              \n            <!-- Relacionada -->\n    <\/div>\r\n<br>\r\n<br><a href=\"https:\/\/agenciabrasil.ebc.com.br\/politica\/noticia\/2025-03\/lula-entrega-mais-de-12-mil-lotes-de-terras-da-reforma-agraria\" rel=\"noopener\">Ag\u00eancia Brasil<\/a>","protected":false},"excerpt":{"rendered":"<p>O presidente Luiz In\u00e1cio Lula da Silva entregou, nesta sexta-feira (7), 12.297 lotes de terra da reforma agr\u00e1ria para fam\u00edlias de 138 assentamentos rurais de 24 estados do pa\u00eds.\u00a0 A cerim\u00f4nia ocorreu no Complexo Ariadn\u00f3polis, em Campo do Meio (MG), onde est\u00e1 localizado o Quilombo Campo Grande, assentamento de ex-funcion\u00e1rios de uma usina de a\u00e7\u00facar [&hellip;]<\/p>\n","protected":false},"author":1,"featured_media":26053,"comment_status":"open","ping_status":"open","sticky":false,"template":"","format":"standard","meta":{"_jetpack_newsletter_access":"","_jetpack_dont_email_post_to_subs":false,"_jetpack_newsletter_tier_id":0,"_jetpack_memberships_contains_paywalled_content":false,"_mbp_banners":[],"_jetpack_feature_clip_id":0,"_jetpack_memberships_contains_paid_content":false,"footnotes":"","jetpack_publicize_message":"","jetpack_publicize_feature_enabled":true,"jetpack_social_post_already_shared":true,"jetpack_social_options":{"image_generator_settings":{"template":"highway","default_image_id":0,"font":"","enabled":false},"version":2},"jetpack_post_was_ever_published":false},"categories":[19],"tags":[],"class_list":["post-26052","post","type-post","status-publish","format-standard","has-post-thumbnail","category-politica"],"jetpack_publicize_connections":[],"jetpack-related-posts":[],"jetpack_shortlink":"https:\/\/wp.me\/p7Eq1F-6Mc","jetpack_sharing_enabled":true,"jetpack_featured_media_url":"https:\/\/i0.wp.com\/guialimeira.com.br\/news\/wp-content\/uploads\/2025\/03\/Lula-entrega-mais-de-12-mil-lotes-de-terras-da.jpg?fit=1600%2C800&ssl=1","_links":{"self":[{"href":"https:\/\/guialimeira.com.br\/news\/wp-json\/wp\/v2\/posts\/26052","targetHints":{"allow":["GET"]}}],"collection":[{"href":"https:\/\/guialimeira.com.br\/news\/wp-json\/wp\/v2\/posts"}],"about":[{"href":"https:\/\/guialimeira.com.br\/news\/wp-json\/wp\/v2\/types\/post"}],"author":[{"embeddable":true,"href":"https:\/\/guialimeira.com.br\/news\/wp-json\/wp\/v2\/users\/1"}],"replies":[{"embeddable":true,"href":"https:\/\/guialimeira.com.br\/news\/wp-json\/wp\/v2\/comments?post=26052"}],"version-history":[{"count":1,"href":"https:\/\/guialimeira.com.br\/news\/wp-json\/wp\/v2\/posts\/26052\/revisions"}],"predecessor-version":[{"id":26054,"href":"https:\/\/guialimeira.com.br\/news\/wp-json\/wp\/v2\/posts\/26052\/revisions\/26054"}],"wp:featuredmedia":[{"embeddable":true,"href":"https:\/\/guialimeira.com.br\/news\/wp-json\/wp\/v2\/media\/26053"}],"wp:attachment":[{"href":"https:\/\/guialimeira.com.br\/news\/wp-json\/wp\/v2\/media?parent=26052"}],"wp:term":[{"taxonomy":"category","embeddable":true,"href":"https:\/\/guialimeira.com.br\/news\/wp-json\/wp\/v2\/categories?post=26052"},{"taxonomy":"post_tag","embeddable":true,"href":"https:\/\/guialimeira.com.br\/news\/wp-json\/wp\/v2\/tags?post=26052"}],"curies":[{"name":"wp","href":"https:\/\/api.w.org\/{rel}","templated":true}]}}