{"id":26044,"date":"2025-03-07T23:09:13","date_gmt":"2025-03-08T02:09:13","guid":{"rendered":"https:\/\/guialimeira.com.br\/2025\/03\/07\/haddad-preve-queda-da-inflacao-em-2025-por-causa-de-super-safra\/"},"modified":"2025-03-07T23:09:13","modified_gmt":"2025-03-08T02:09:13","slug":"haddad-preve-queda-da-inflacao-em-2025-por-causa-de-super-safra","status":"publish","type":"post","link":"https:\/\/guialimeira.com.br\/news\/haddad-preve-queda-da-inflacao-em-2025-por-causa-de-super-safra\/","title":{"rendered":"Haddad prev\u00ea queda da infla\u00e7\u00e3o em 2025 por causa de super safra"},"content":{"rendered":"<p> <br \/>\n<\/p>\n<div>\n<p>O <strong>ministro da Fazenda, Fernando Haddad, disse na noite desta sexta-feira (7) que a infla\u00e7\u00e3o dos alimentos dever\u00e1 diminuir em 2025, influenciada principalmente pela super safra<\/strong> prevista para este ano. O ministro acrescentou que a queda do d\u00f3lar tamb\u00e9m dever\u00e1 ajudar na desacelera\u00e7\u00e3o inflacion\u00e1ria.\u00a0\u00a0\u00a0\u00a0<img data-recalc-dims=\"1\" decoding=\"async\" src=\"https:\/\/i0.wp.com\/agenciabrasil.ebc.com.br\/ebc.png?w=696&#038;ssl=1\" style=\"width:1px; height:1px; display:inline;\"\/><img data-recalc-dims=\"1\" decoding=\"async\" src=\"https:\/\/i0.wp.com\/agenciabrasil.ebc.com.br\/ebc.gif?w=696&#038;ssl=1\" style=\"width:1px; height:1px; display:inline;\"\/><\/p>\n<blockquote>\n<p>\u201cEu acredito que uma s\u00e9rie de produtos que est\u00e3o mais caros hoje v\u00e3o ter os seus pre\u00e7os reduzidos com a entrada da safra, que vai ser muito expressiva esse ano. Vai ser uma supersafra, ao contr\u00e1rio do ano passado\u201d, disse em entrevista ao Flow Podcast, na capital paulista.<\/p>\n<\/blockquote>\n<p>\u201cA safra do ano passado n\u00e3o foi t\u00e3o boa, teve um aumento de pre\u00e7o. Teve seca, teve inunda\u00e7\u00e3o no Rio Grande do Sul, o que afetou produ\u00e7\u00e3o de arroz, teve seca no Centro-Oeste, afetou outras culturas, voc\u00ea teve problema com o milho, que ficou caro. A galinha come milho, ent\u00e3o o frango ficou caro, o ovo ficou caro\u201d, acrescentou.<\/p>\n<p>Haddad destacou ainda o crescimento do Produto Interno Bruto (PIB) alcan\u00e7ado pelo pa\u00eds em 2024, que atingiu 3,4%, um dos maiores do mundo. O <strong>ministro ressaltou que, em 2025, a eleva\u00e7\u00e3o do PIB dever\u00e1 ser um pouco menor em raz\u00e3o da infla\u00e7\u00e3o<\/strong>.\u00a0<\/p>\n<blockquote>\n<p>\u201cA previs\u00e3o do Minist\u00e9rio da Fazenda \u00e9 um crescimento de 2,5% para esse ano 2025\u201d, disse.<\/p>\n<\/blockquote>\n<p>\u201cPrevis\u00e3o \u00e9 previs\u00e3o, voc\u00ea pode errar. Mas eu acredito que n\u00f3s vamos continuar crescendo com um pouquinho mais de modera\u00e7\u00e3o por causa da infla\u00e7\u00e3o\u201d, acrescentou.\u00a0<\/p>\n<p>Segundo o Haddad, o <strong>pa\u00eds ter\u00e1 de \u201cmoderar\u201d na oferta de produtos para acompanhar a demanda e n\u00e3o gerar infla\u00e7\u00e3o<\/strong>.<\/p>\n<blockquote>\n<p>\u201cA renda das fam\u00edlias cresceu, elas est\u00e3o comprando mais e se a oferta n\u00e3o acompanha o crescimento da demanda, voc\u00ea tem um ajuste no pre\u00e7o, que \u00e9 o que est\u00e1 acontecendo em alguns produtos agora\u201d.<\/p>\n<\/blockquote>\n<p>\u201cEssa calibragem, ela \u00e9 fundamental para voc\u00ea continuar crescendo, mas mantendo a infla\u00e7\u00e3o minimamente controlada\u201d, acrescentou.<\/p>\n<p>      <!-- Relacionada --><\/p>\n<p>            <!-- Relacionada -->\n    <\/div>\n<p><br \/>\n<br \/><a href=\"https:\/\/agenciabrasil.ebc.com.br\/economia\/noticia\/2025-03\/haddad-preve-queda-da-inflacao-em-2025-por-causa-de-super-safra\" rel=\"noopener\">Ag\u00eancia Brasil<\/a><\/p>\n","protected":false},"excerpt":{"rendered":"<p>O ministro da Fazenda, Fernando Haddad, disse na noite desta sexta-feira (7) que a infla\u00e7\u00e3o dos alimentos dever\u00e1 diminuir em 2025, influenciada principalmente pela super safra prevista para este ano. O ministro acrescentou que a queda do d\u00f3lar tamb\u00e9m dever\u00e1 ajudar na desacelera\u00e7\u00e3o inflacion\u00e1ria.\u00a0\u00a0\u00a0\u00a0 \u201cEu acredito que uma s\u00e9rie de produtos que est\u00e3o mais caros [&hellip;]<\/p>\n","protected":false},"author":1,"featured_media":26045,"comment_status":"open","ping_status":"open","sticky":false,"template":"","format":"standard","meta":{"_jetpack_newsletter_access":"","_jetpack_dont_email_post_to_subs":false,"_jetpack_newsletter_tier_id":0,"_jetpack_memberships_contains_paywalled_content":false,"_mbp_banners":[],"_jetpack_feature_clip_id":0,"_jetpack_memberships_contains_paid_content":false,"footnotes":"","jetpack_publicize_message":"","jetpack_publicize_feature_enabled":true,"jetpack_social_post_already_shared":true,"jetpack_social_options":{"image_generator_settings":{"template":"highway","default_image_id":0,"font":"","enabled":false},"version":2},"jetpack_post_was_ever_published":false},"categories":[24],"tags":[],"class_list":["post-26044","post","type-post","status-publish","format-standard","has-post-thumbnail","category-economia"],"jetpack_publicize_connections":[],"jetpack-related-posts":[],"jetpack_shortlink":"https:\/\/wp.me\/p7Eq1F-6M4","jetpack_sharing_enabled":true,"jetpack_featured_media_url":"https:\/\/i0.wp.com\/guialimeira.com.br\/news\/wp-content\/uploads\/2025\/03\/haddad-hugo-motta_mcamgo_abr_05022025-9.jpg?fit=1600%2C800&ssl=1","_links":{"self":[{"href":"https:\/\/guialimeira.com.br\/news\/wp-json\/wp\/v2\/posts\/26044","targetHints":{"allow":["GET"]}}],"collection":[{"href":"https:\/\/guialimeira.com.br\/news\/wp-json\/wp\/v2\/posts"}],"about":[{"href":"https:\/\/guialimeira.com.br\/news\/wp-json\/wp\/v2\/types\/post"}],"author":[{"embeddable":true,"href":"https:\/\/guialimeira.com.br\/news\/wp-json\/wp\/v2\/users\/1"}],"replies":[{"embeddable":true,"href":"https:\/\/guialimeira.com.br\/news\/wp-json\/wp\/v2\/comments?post=26044"}],"version-history":[{"count":0,"href":"https:\/\/guialimeira.com.br\/news\/wp-json\/wp\/v2\/posts\/26044\/revisions"}],"wp:featuredmedia":[{"embeddable":true,"href":"https:\/\/guialimeira.com.br\/news\/wp-json\/wp\/v2\/media\/26045"}],"wp:attachment":[{"href":"https:\/\/guialimeira.com.br\/news\/wp-json\/wp\/v2\/media?parent=26044"}],"wp:term":[{"taxonomy":"category","embeddable":true,"href":"https:\/\/guialimeira.com.br\/news\/wp-json\/wp\/v2\/categories?post=26044"},{"taxonomy":"post_tag","embeddable":true,"href":"https:\/\/guialimeira.com.br\/news\/wp-json\/wp\/v2\/tags?post=26044"}],"curies":[{"name":"wp","href":"https:\/\/api.w.org\/{rel}","templated":true}]}}