{"id":26029,"date":"2025-03-07T20:12:03","date_gmt":"2025-03-07T23:12:03","guid":{"rendered":"https:\/\/guialimeira.com.br\/?p=26029"},"modified":"2025-03-07T20:12:03","modified_gmt":"2025-03-07T23:12:03","slug":"tatiane-lopes-indica-ao-executivo-acoes-sobre-a-responsabilidade-de-tutores-de-cavalos","status":"publish","type":"post","link":"https:\/\/guialimeira.com.br\/news\/tatiane-lopes-indica-ao-executivo-acoes-sobre-a-responsabilidade-de-tutores-de-cavalos\/","title":{"rendered":"Tatiane Lopes indica ao Executivo a\u00e7\u00f5es sobre a responsabilidade de tutores de cavalos"},"content":{"rendered":"\n<figure class=\"wp-block-gallery has-nested-images columns-default is-cropped wp-block-gallery-1 is-layout-flex wp-block-gallery-is-layout-flex\"><\/figure>\n \r\n<br><img data-recalc-dims=\"1\" decoding=\"async\" src=\"https:\/\/i0.wp.com\/guialimeira.com.br\/wp-content\/uploads\/2025\/03\/2025-03-07_tatiane-lopes-indica-ao-executivo-acoes-que-versam-sobre-a-responsabilidade-de-tutores-de.jpeg?w=696&#038;ssl=1\" \/><br><div>\n\t\t\t\t\t<p>A vereadora Tatiane Lopes (Avante) protocolou duas indica\u00e7\u00f5es no dia 27 de fevereiro sobre a responsabilidade de tutores com animais de grande porte que est\u00e3o soltos pelas vias, para\u00a0 atender a pedidos feitos pela popula\u00e7\u00e3o.<\/p><p>Segundo a parlamentar, as indica\u00e7\u00f5es s\u00e3o questionamentos da pr\u00f3pria popula\u00e7\u00e3o que diariamente cobram provid\u00eancias acerca dos cavalos que ficam soltos em vias p\u00fablicas e em charretes na frente de bares, parados em \u00e1reas verdes e em muitos casos com som alto perturbando os animais e a vizinhan\u00e7a.<\/p><p>Tatiane explicou que a <a href=\"https:\/\/consulta.limeira.sp.leg.br\/Documentos\/Pesquisa?Pesquisa=Avancada&amp;id=79&amp;pagina=1&amp;Modulo=8&amp;Documento=0&amp;Numeracao=Documento&amp;NumeroInicial=683&amp;AnoInicial=2025&amp;DataInicial=&amp;NumeroFinal=&amp;AnoFinal=&amp;DataFinal=&amp;Situacao=0&amp;Classificacao=0&amp;TipoAutor=Todos&amp;AutoriaId=0&amp;Iniciativa=Nenhum&amp;NoTexto=false&amp;Assunto=&amp;Observacoes=\" rel=\"noopener\">Indica\u00e7\u00e3o N\u00ba683\/2025<\/a> solicita \u00e0 Prefeitura que sejam intensificadas as campanhas de conscientiza\u00e7\u00e3o sobre cuidados com os animais de grande porte na \u00e1rea urbana, bem como indica que sejam realizadas a\u00e7\u00f5es para cadastramento das pessoas que fazem uso e s\u00e3o propriet\u00e1rios de carro\u00e7as e charretes, a fim de efetuar a microchipagem dos animais utilizados, conforme a <a href=\"https:\/\/legislacao.limeira.sp.leg.br\/limeira-sp?Pagina=1&amp;Pesquisa=Avancada&amp;TipoId=0&amp;Numero=7086&amp;Ano=2024&amp;Data=&amp;NumeroFinal=&amp;AnoFinal=&amp;DataFinal=&amp;SituacaoId=0&amp;ClassificacaoId=0&amp;IniciativaTipoId=0&amp;IniciativaEntidadeId=0&amp;EmentaAssunto=&amp;NoTexto=false\" rel=\"noopener\">Lei Ordin\u00e1ria N\u00ba7086\/2024<\/a>.<\/p><p>J\u00e1 a <a href=\"https:\/\/consulta.limeira.sp.leg.br\/Documentos\/Pesquisa?Pesquisa=Avancada&amp;id=79&amp;pagina=1&amp;Modulo=8&amp;Documento=0&amp;Numeracao=Documento&amp;NumeroInicial=698&amp;AnoInicial=2025&amp;DataInicial=&amp;NumeroFinal=&amp;AnoFinal=&amp;DataFinal=&amp;Situacao=0&amp;Classificacao=0&amp;TipoAutor=Todos&amp;AutoriaId=0&amp;Iniciativa=Nenhum&amp;NoTexto=false&amp;Assunto=&amp;Observacoes=\" rel=\"noopener\">Indica\u00e7\u00e3o N\u00ba698\/2025<\/a> pede ao Poder Executivo que seja implementado um programa de substitui\u00e7\u00e3o gradativa do uso de ve\u00edculos de tra\u00e7\u00e3o animal (VTA\u2019s), prevendo a retirada total dessas carro\u00e7as de circula\u00e7\u00e3o no prazo m\u00e1ximo de cinco anos na cidade de Limeira. Conforme pontuou a vereadora, o programa dever\u00e1 ser realizado em conjunto com medidas de apoio, como o uso dos \u201ccavalos de lata\u201d (ve\u00edculos motorizados adaptados ao transporte de cargas), bem como a capacita\u00e7\u00e3o de carroceiros a fim de que possam continuar trabalhando sem a utiliza\u00e7\u00e3o dos animais.<\/p><p>\u201cInfelizmente s\u00e3o frequentes as den\u00fancias que relatam descaso com cavalos que, soltos pelos bairros, circulam livremente pelas vias, comendo lixo, por vezes maltratados e sujeitos a atropelamentos\u201d, disse a parlamentar.<\/p><p>A vereadora complementa: \u201cQuem opta por tutelar um c\u00e3o ou um gato, precisa ter consci\u00eancia de que esse animal necessita de local adequado para permanecer, bem como oferecer atendimento veterin\u00e1rio e boa alimenta\u00e7\u00e3o, e essa orienta\u00e7\u00e3o n\u00e3o \u00e9 diferente com os de grande porte, cavalos, que tamb\u00e9m sofrem maus-tratos e que tem seus direitos protegidos por lei, sendo a microchipagem e a fiscaliza\u00e7\u00e3o medidas essenciais para mant\u00ea-los minimamente confort\u00e1veis.\u201d<\/p><p><i>Do Gabinete Parlamentar \u2013 Vereadora Tatiane Lopes (Avante)<\/i><\/p><p><i>*Fotos do Gabinete parlamentar<\/i><\/p><p><strong>As mat\u00e9rias de origem dos Gabinetes Parlamentares s\u00e3o de inteira\u00a0 responsabilidade dos parlamentares e de suas assessorias. S\u00e3o devidamente assinadas e n\u00e3o refletem, necessariamente, a opini\u00e3o institucional da C\u00e2mara Municipal de Limeira.<\/strong><\/p>\t\t\t\t<\/div>\r\n<br>\r\n<br><a href=\"https:\/\/www.limeira.sp.leg.br\/noticias\/view\/2025-03-07_tatiane-lopes-indica-ao-executivo-acoes-sobre-a-responsabilidade-de-tutores-de-cavalos\" rel=\"noopener\">Informa\u00e7\u00f5es CML <\/a>","protected":false},"excerpt":{"rendered":"<p>A vereadora Tatiane Lopes (Avante) protocolou duas indica\u00e7\u00f5es no dia 27 de fevereiro sobre a responsabilidade de tutores com animais de grande porte que est\u00e3o soltos pelas vias, para\u00a0 atender a pedidos feitos pela popula\u00e7\u00e3o. Segundo a parlamentar, as indica\u00e7\u00f5es s\u00e3o questionamentos da pr\u00f3pria popula\u00e7\u00e3o que diariamente cobram provid\u00eancias acerca dos cavalos que ficam soltos [&hellip;]<\/p>\n","protected":false},"author":1,"featured_media":26030,"comment_status":"open","ping_status":"open","sticky":false,"template":"","format":"standard","meta":{"_jetpack_newsletter_access":"","_jetpack_dont_email_post_to_subs":false,"_jetpack_newsletter_tier_id":0,"_jetpack_memberships_contains_paywalled_content":false,"_mbp_banners":[],"_jetpack_feature_clip_id":0,"_jetpack_memberships_contains_paid_content":false,"footnotes":"","jetpack_publicize_message":"","jetpack_publicize_feature_enabled":true,"jetpack_social_post_already_shared":true,"jetpack_social_options":{"image_generator_settings":{"template":"highway","default_image_id":0,"font":"","enabled":false},"version":2},"jetpack_post_was_ever_published":false},"categories":[19],"tags":[],"class_list":["post-26029","post","type-post","status-publish","format-standard","has-post-thumbnail","category-politica"],"jetpack_publicize_connections":[],"jetpack-related-posts":[],"jetpack_shortlink":"https:\/\/wp.me\/p7Eq1F-6LP","jetpack_sharing_enabled":true,"jetpack_featured_media_url":"https:\/\/i0.wp.com\/guialimeira.com.br\/news\/wp-content\/uploads\/2025\/03\/Tatiane-Lopes-indica-ao-Executivo-acoes-sobre-a-responsabilidade-de.jpeg?fit=1280%2C640&ssl=1","_links":{"self":[{"href":"https:\/\/guialimeira.com.br\/news\/wp-json\/wp\/v2\/posts\/26029","targetHints":{"allow":["GET"]}}],"collection":[{"href":"https:\/\/guialimeira.com.br\/news\/wp-json\/wp\/v2\/posts"}],"about":[{"href":"https:\/\/guialimeira.com.br\/news\/wp-json\/wp\/v2\/types\/post"}],"author":[{"embeddable":true,"href":"https:\/\/guialimeira.com.br\/news\/wp-json\/wp\/v2\/users\/1"}],"replies":[{"embeddable":true,"href":"https:\/\/guialimeira.com.br\/news\/wp-json\/wp\/v2\/comments?post=26029"}],"version-history":[{"count":1,"href":"https:\/\/guialimeira.com.br\/news\/wp-json\/wp\/v2\/posts\/26029\/revisions"}],"predecessor-version":[{"id":26031,"href":"https:\/\/guialimeira.com.br\/news\/wp-json\/wp\/v2\/posts\/26029\/revisions\/26031"}],"wp:featuredmedia":[{"embeddable":true,"href":"https:\/\/guialimeira.com.br\/news\/wp-json\/wp\/v2\/media\/26030"}],"wp:attachment":[{"href":"https:\/\/guialimeira.com.br\/news\/wp-json\/wp\/v2\/media?parent=26029"}],"wp:term":[{"taxonomy":"category","embeddable":true,"href":"https:\/\/guialimeira.com.br\/news\/wp-json\/wp\/v2\/categories?post=26029"},{"taxonomy":"post_tag","embeddable":true,"href":"https:\/\/guialimeira.com.br\/news\/wp-json\/wp\/v2\/tags?post=26029"}],"curies":[{"name":"wp","href":"https:\/\/api.w.org\/{rel}","templated":true}]}}