{"id":26027,"date":"2025-03-07T20:05:54","date_gmt":"2025-03-07T23:05:54","guid":{"rendered":"https:\/\/guialimeira.com.br\/2025\/03\/07\/piaui-zera-imposto-de-alguns-produtos-da-cesta-basica\/"},"modified":"2025-03-07T20:05:54","modified_gmt":"2025-03-07T23:05:54","slug":"piaui-zera-imposto-de-alguns-produtos-da-cesta-basica","status":"publish","type":"post","link":"https:\/\/guialimeira.com.br\/news\/piaui-zera-imposto-de-alguns-produtos-da-cesta-basica\/","title":{"rendered":"Piau\u00ed zera imposto de alguns produtos da cesta b\u00e1sica"},"content":{"rendered":"<p> <br \/>\n<\/p>\n<div>\n<p>O governador do Piau\u00ed, Rafael Fonteles,\u00a0anunciou nesta sexta-feira (7)\u00a0a <strong>isen\u00e7\u00e3o do\u00a0Imposto sobre Circula\u00e7\u00e3o de Mercadorias e Servi\u00e7os (ICMS) para alguns produtos da cesta b\u00e1sica.<\/strong> A medida entra em vigor no dia 1\u00ba de abril\u00a0e tem a finalidade de baixar\u00a0o custo dos alimentos para a popula\u00e7\u00e3o.<img data-recalc-dims=\"1\" decoding=\"async\" src=\"https:\/\/i0.wp.com\/agenciabrasil.ebc.com.br\/ebc.png?w=696&#038;ssl=1\" style=\"width:1px; height:1px; display:inline;\"\/><img data-recalc-dims=\"1\" decoding=\"async\" src=\"https:\/\/i0.wp.com\/agenciabrasil.ebc.com.br\/ebc.gif?w=696&#038;ssl=1\" style=\"width:1px; height:1px; display:inline;\"\/><\/p>\n<p>No estado, <strong>os itens que ter\u00e3o isen\u00e7\u00e3o total do imposto s\u00e3o: arroz, feij\u00e3o, farinha de mandioca, hortali\u00e7as, frutas frescas, ovos, leite <em>in natura<\/em> e pasteurizado, al\u00e9m de carnes e derivados de aves, su\u00ednos, caprinos e ovinos, sejam eles vivos, abatidos ou processados.<\/strong> <strong>Tamb\u00e9m entram na lista produtos como banha su\u00edna, fava comest\u00edvel, polvilho de mandioca e sal de cozinha.<\/strong><\/p>\n<p>Al\u00e9m disso, <strong>alguns produtos ter\u00e3o um regime tribut\u00e1rio especial, com redu\u00e7\u00e3o da base de c\u00e1lculo do ICMS para 7%. <\/strong>Entre eles est\u00e3o caf\u00e9 em gr\u00e3o cru ou torrado e mo\u00eddo (exceto sol\u00favel ou descafeinado), \u00f3leo vegetal comest\u00edvel (exceto de oliva), margarina, creme vegetal, leite em p\u00f3 e p\u00f3 para preparo de bebida l\u00e1ctea em embalagem de at\u00e9 200 gramas.<\/p>\n<p>De acordo com Fonteles, a medida faz parte dos esfor\u00e7os do governo para reduzir os pre\u00e7os dos alimentos essenciais. \u201cEssa \u00e9 uma lei sancionada ainda no ano passado, acompanhada de um decreto, que garante a isen\u00e7\u00e3o de ICMS para diversos produtos da cesta b\u00e1sica. O estado do Piau\u00ed est\u00e1 contribuindo diretamente para a redu\u00e7\u00e3o dos pre\u00e7os dos alimentos\u201d, afirmou o governador, em rede social.<\/p>\n<p>Nesta quinta-feira (6), o vice-presidente da Rep\u00fablica Geraldo Alckmin anunciou <a href=\"https:\/\/agenciabrasil.ebc.com.br\/economia\/noticia\/2025-03\/governo-zera-tarifa-de-importacao-de-9-alimentos-para-reduzir-precos\" target=\"_blank\" rel=\"noopener\">novas medidas do governo federal<\/a> para reduzir o custo dos itens da cesta b\u00e1sica, incluindo a isen\u00e7\u00e3o da al\u00edquota de importa\u00e7\u00e3o. Alckmin solicitou tamb\u00e9m aos estados que zerem o ICMS sobre esses produtos.<\/p>\n<p>      <!-- Relacionada --><\/p>\n<p>            <!-- Relacionada -->\n    <\/div>\n<p><br \/>\n<br \/><a href=\"https:\/\/agenciabrasil.ebc.com.br\/economia\/noticia\/2025-03\/piaui-zera-imposto-de-alguns-produtos-da-cesta-basica\" rel=\"noopener\">Ag\u00eancia Brasil<\/a><\/p>\n","protected":false},"excerpt":{"rendered":"<p>O governador do Piau\u00ed, Rafael Fonteles,\u00a0anunciou nesta sexta-feira (7)\u00a0a isen\u00e7\u00e3o do\u00a0Imposto sobre Circula\u00e7\u00e3o de Mercadorias e Servi\u00e7os (ICMS) para alguns produtos da cesta b\u00e1sica. A medida entra em vigor no dia 1\u00ba de abril\u00a0e tem a finalidade de baixar\u00a0o custo dos alimentos para a popula\u00e7\u00e3o. No estado, os itens que ter\u00e3o isen\u00e7\u00e3o total do imposto [&hellip;]<\/p>\n","protected":false},"author":1,"featured_media":16528,"comment_status":"open","ping_status":"open","sticky":false,"template":"","format":"standard","meta":{"_jetpack_newsletter_access":"","_jetpack_dont_email_post_to_subs":false,"_jetpack_newsletter_tier_id":0,"_jetpack_memberships_contains_paywalled_content":false,"_mbp_banners":[],"_jetpack_feature_clip_id":0,"_jetpack_memberships_contains_paid_content":false,"footnotes":"","jetpack_publicize_message":"","jetpack_publicize_feature_enabled":true,"jetpack_social_post_already_shared":true,"jetpack_social_options":{"image_generator_settings":{"template":"highway","default_image_id":0,"font":"","enabled":false},"version":2},"jetpack_post_was_ever_published":false},"categories":[24],"tags":[],"class_list":["post-26027","post","type-post","status-publish","format-standard","has-post-thumbnail","category-economia"],"jetpack_publicize_connections":[],"jetpack-related-posts":[],"jetpack_shortlink":"https:\/\/wp.me\/p7Eq1F-6LN","jetpack_sharing_enabled":true,"jetpack_featured_media_url":"https:\/\/i0.wp.com\/guialimeira.com.br\/news\/wp-content\/uploads\/2024\/11\/supermercados_dia_8.jpg?fit=1600%2C800&ssl=1","_links":{"self":[{"href":"https:\/\/guialimeira.com.br\/news\/wp-json\/wp\/v2\/posts\/26027","targetHints":{"allow":["GET"]}}],"collection":[{"href":"https:\/\/guialimeira.com.br\/news\/wp-json\/wp\/v2\/posts"}],"about":[{"href":"https:\/\/guialimeira.com.br\/news\/wp-json\/wp\/v2\/types\/post"}],"author":[{"embeddable":true,"href":"https:\/\/guialimeira.com.br\/news\/wp-json\/wp\/v2\/users\/1"}],"replies":[{"embeddable":true,"href":"https:\/\/guialimeira.com.br\/news\/wp-json\/wp\/v2\/comments?post=26027"}],"version-history":[{"count":0,"href":"https:\/\/guialimeira.com.br\/news\/wp-json\/wp\/v2\/posts\/26027\/revisions"}],"wp:featuredmedia":[{"embeddable":true,"href":"https:\/\/guialimeira.com.br\/news\/wp-json\/wp\/v2\/media\/16528"}],"wp:attachment":[{"href":"https:\/\/guialimeira.com.br\/news\/wp-json\/wp\/v2\/media?parent=26027"}],"wp:term":[{"taxonomy":"category","embeddable":true,"href":"https:\/\/guialimeira.com.br\/news\/wp-json\/wp\/v2\/categories?post=26027"},{"taxonomy":"post_tag","embeddable":true,"href":"https:\/\/guialimeira.com.br\/news\/wp-json\/wp\/v2\/tags?post=26027"}],"curies":[{"name":"wp","href":"https:\/\/api.w.org\/{rel}","templated":true}]}}