{"id":26019,"date":"2025-03-07T19:10:56","date_gmt":"2025-03-07T22:10:56","guid":{"rendered":"https:\/\/guialimeira.com.br\/?p=26019"},"modified":"2025-03-07T19:10:56","modified_gmt":"2025-03-07T22:10:56","slug":"comissao-de-obras-se-reune-com-usuarios-do-centro-comunitario-do-cecap","status":"publish","type":"post","link":"https:\/\/guialimeira.com.br\/news\/comissao-de-obras-se-reune-com-usuarios-do-centro-comunitario-do-cecap\/","title":{"rendered":"Comiss\u00e3o de Obras se re\u00fane com usu\u00e1rios do Centro Comunit\u00e1rio do Cecap"},"content":{"rendered":"\n<figure class=\"wp-block-gallery has-nested-images columns-default is-cropped wp-block-gallery-1 is-layout-flex wp-block-gallery-is-layout-flex\"><\/figure>\n \r\n<br><img data-recalc-dims=\"1\" decoding=\"async\" src=\"https:\/\/i0.wp.com\/guialimeira.com.br\/wp-content\/uploads\/2025\/03\/2025-03-07_comissao-de-obras-se-reune-com-usuarios-do-centro-comunitario-do-cecap_1.jpg?w=696&#038;ssl=1\" \/><br><div>\n\t\t\t\t\t<p>A Comiss\u00e3o de Obras e Planejamento Urbano da C\u00e2mara se reuniu com e usu\u00e1rios do Centro Comunit\u00e1rio Victor D\u2019Andr\u00e9a, no Cecap, na tarde desta sexta-feira, 7 de mar\u00e7o. O objetivo foi ouvir as demandas da popula\u00e7\u00e3o para o espa\u00e7o. Falta de seguran\u00e7a e de infraestrutura s\u00e3o as principais reclama\u00e7\u00f5es.<\/p><p>Para ouvir e buscar atender as reivindica\u00e7\u00f5es, os membros da Comiss\u00e3o,\u00a0 vereadores Helder do T\u00e1xi (PSD), presidente; M\u00e1rcio do Estacionamento (DC), vice-presidente; e Jo\u00e3o Antunes Bano (SD), secret\u00e1rio; convidaram tr\u00eas secretarias municipais: Esportes, Obras e Seguran\u00e7a P\u00fablica.\u00a0 No entanto, apesar de ser o principal assunto abordado pela popula\u00e7\u00e3o, a falta de seguran\u00e7a do local, nenhum representante desta pasta compareceu \u00e0 reuni\u00e3o.<\/p><p>\u201cA Comiss\u00e3o considera uma verdadeira falta de respeito aos moradores n\u00e3o mandar um representante sequer da Secretaria de Seguran\u00e7a P\u00fablica para esta reuni\u00e3o\u201d, disse Helder.<\/p><p><strong>Inseguran\u00e7a\u00a0<\/strong><\/p><p>Como unanimidade, os usu\u00e1rios do Centro Comunit\u00e1rio reclamaram da falta de seguran\u00e7a. De acordo com eles, pessoas em situa\u00e7\u00e3o de rua, usu\u00e1rios de drogas e v\u00e2ndalos t\u00eam f\u00e1cil acesso \u00e0 \u00e1rea e com frequ\u00eancia os materiais comprados pelos pr\u00f3prios usu\u00e1rios para as aulas s\u00e3o furtados. Eles pedem que a Prefeitura melhore a seguran\u00e7a instalando uma base da Guarda Municipal no local.<\/p><p>A instala\u00e7\u00e3o de c\u00e2meras de seguran\u00e7a no Centro Comunit\u00e1rio tamb\u00e9m pode ser uma solu\u00e7\u00e3o para o problema, conforme um dos usu\u00e1rios, que acredita que o equipamento pode inibir a a\u00e7\u00e3o de v\u00e2ndalos, ou pelo menos contribuiria para identific\u00e1-los.<\/p><p><strong>Falta infraestrutura<\/strong><\/p><p>A falta de infraestrutura adequada foi outro problema relatado aos vereadores, ventiladores das salas de aula est\u00e3o quebrados, prejudicando as turmas da terceira idade na pr\u00e1tica de atividade f\u00edsica, a cozinha tem problemas de mau cheiro no ralo e a pia n\u00e3o tem condi\u00e7\u00f5es de uso, segundo uma das usu\u00e1rias, os vesti\u00e1rios pr\u00f3ximos \u00e0s piscinas tamb\u00e9m est\u00e3o em condi\u00e7\u00f5es ruins, no masculino falta vaso sanit\u00e1rio em um dos banheiros e outro est\u00e1 interditado, no feminino tamb\u00e9m h\u00e1 um banheiro interditado e n\u00e3o h\u00e1 pia para higiene das m\u00e3os.<\/p><p>A rampa de acesso \u00e0s piscinas tamb\u00e9m \u00e9 um problema, conforme os relatos, dificultando o acesso para idosos e crian\u00e7as e, segundo uma moradora, n\u00e3o adianta colocar barra fixa, pois pode ser roubada. O mato alto e a consequente apari\u00e7\u00e3o de escorpi\u00f5es foi outra reclama\u00e7\u00e3o feita aos vereadores.<\/p><p>Ainda quanto \u00e0 infraestrutura, de acordo com a assistente social do Centro Comunit\u00e1rio, Raquel Ara\u00fajo, quase todas as salas sofrem com infiltra\u00e7\u00e3o pelas chuvas. Sobre infiltra\u00e7\u00f5es, o guarda-vidas Ronaldo Teixeira falou de um espa\u00e7o pr\u00f3ximo \u00e0 piscina que \u00e9 utilizado para aulas te\u00f3ricas e outras atividades, que tamb\u00e9m tem o mesmo problema.\u00a0<\/p><p><strong>A reuni\u00e3o<\/strong><\/p><p>Os membros da Comiss\u00e3o de Obras, Helder, M\u00e1rio e Jo\u00e3o Bano, e os vereadores Waguinho da Santa Luzia (PP) e Carlinhos do Grotta (PL), das comiss\u00f5es de Esporte e Seguran\u00e7a P\u00fablica do Legislativo, respectivamente, que tamb\u00e9m acompanharam a reuni\u00e3o, se colocaram \u00e0 disposi\u00e7\u00e3o dos usu\u00e1rios do Centro Comunit\u00e1rio para buscar solu\u00e7\u00f5es junto \u00e0 Prefeitura para as demandas apresentadas e se comprometeram a realizar uma nova reuni\u00e3o dentro de alguns dias, na C\u00e2mara, com a presen\u00e7a de representantes das secretarias municipais envolvidas para acompanhar se melhorias est\u00e3o sendo realizadas.<\/p><p>Tamb\u00e9m participaram da reuni\u00e3o a assessora executiva do Centro de Promo\u00e7\u00e3o Social (Ceprosom), Renata Chiari; a diretora de prote\u00e7\u00e3o social do Ceprosom, Paula Furlan; o representante da Secretaria de Obras, o engenheiro Dagoberto Guidi; o representante da Secretaria de Esportes, o assessor de gabinete Carlos Alberto; o presidente da Associa\u00e7\u00e3o de Moradores do bairro, Adir Almeida; o padre Diego Miquelotto e moradores e usu\u00e1rios do Centro Comunit\u00e1rio.<\/p><p><strong>A Comiss\u00e3o<\/strong><\/p><p>A Comiss\u00e3o de Obras e Planejamento Urbano \u00e9 respons\u00e1vel por temas como servi\u00e7os p\u00fablicos, uso, ocupa\u00e7\u00e3o e parcelamento do solo, e \u00e9 formada pelos vereadores Helder do T\u00e1xi (PSD), presidente; M\u00e1rcio do Estacionamento (DC), vice-presidente; e\u00a0 Jo\u00e3o Antunes Bano (SD), secret\u00e1rio. As reuni\u00f5es ordin\u00e1rias do colegiado acontecem \u00e0s quintas-feiras, a partir das 13h30.<\/p><p>Fazem parte do colegiado os vereadores Helder do T\u00e1xi (PSD), presidente; M\u00e1rcio do Estacionamento (DC), vice-presidente; e\u00a0 Jo\u00e3o Antunes Bano (SD), secret\u00e1rio;<\/p>\t\t\t\t<\/div>\r\n<br>\r\n<br><a href=\"https:\/\/www.limeira.sp.leg.br\/noticias\/view\/2025-03-07_comissao-de-obras-se-reune-com-usuarios-do-centro-comunitario-do-cecap\" rel=\"noopener\">Informa\u00e7\u00f5es CML <\/a>","protected":false},"excerpt":{"rendered":"<p>A Comiss\u00e3o de Obras e Planejamento Urbano da C\u00e2mara se reuniu com e usu\u00e1rios do Centro Comunit\u00e1rio Victor D\u2019Andr\u00e9a, no Cecap, na tarde desta sexta-feira, 7 de mar\u00e7o. O objetivo foi ouvir as demandas da popula\u00e7\u00e3o para o espa\u00e7o. Falta de seguran\u00e7a e de infraestrutura s\u00e3o as principais reclama\u00e7\u00f5es. Para ouvir e buscar atender as [&hellip;]<\/p>\n","protected":false},"author":1,"featured_media":26020,"comment_status":"open","ping_status":"open","sticky":false,"template":"","format":"standard","meta":{"_jetpack_newsletter_access":"","_jetpack_dont_email_post_to_subs":false,"_jetpack_newsletter_tier_id":0,"_jetpack_memberships_contains_paywalled_content":false,"_mbp_banners":[],"_jetpack_feature_clip_id":0,"_jetpack_memberships_contains_paid_content":false,"footnotes":"","jetpack_publicize_message":"","jetpack_publicize_feature_enabled":true,"jetpack_social_post_already_shared":true,"jetpack_social_options":{"image_generator_settings":{"template":"highway","default_image_id":0,"font":"","enabled":false},"version":2},"jetpack_post_was_ever_published":false},"categories":[19],"tags":[],"class_list":["post-26019","post","type-post","status-publish","format-standard","has-post-thumbnail","category-politica"],"jetpack_publicize_connections":[],"jetpack-related-posts":[],"jetpack_shortlink":"https:\/\/wp.me\/p7Eq1F-6LF","jetpack_sharing_enabled":true,"jetpack_featured_media_url":"https:\/\/i0.wp.com\/guialimeira.com.br\/news\/wp-content\/uploads\/2025\/03\/Comissao-de-Obras-se-reune-com-usuarios-do-Centro-Comunitario.jpg?fit=1280%2C640&ssl=1","_links":{"self":[{"href":"https:\/\/guialimeira.com.br\/news\/wp-json\/wp\/v2\/posts\/26019","targetHints":{"allow":["GET"]}}],"collection":[{"href":"https:\/\/guialimeira.com.br\/news\/wp-json\/wp\/v2\/posts"}],"about":[{"href":"https:\/\/guialimeira.com.br\/news\/wp-json\/wp\/v2\/types\/post"}],"author":[{"embeddable":true,"href":"https:\/\/guialimeira.com.br\/news\/wp-json\/wp\/v2\/users\/1"}],"replies":[{"embeddable":true,"href":"https:\/\/guialimeira.com.br\/news\/wp-json\/wp\/v2\/comments?post=26019"}],"version-history":[{"count":1,"href":"https:\/\/guialimeira.com.br\/news\/wp-json\/wp\/v2\/posts\/26019\/revisions"}],"predecessor-version":[{"id":26021,"href":"https:\/\/guialimeira.com.br\/news\/wp-json\/wp\/v2\/posts\/26019\/revisions\/26021"}],"wp:featuredmedia":[{"embeddable":true,"href":"https:\/\/guialimeira.com.br\/news\/wp-json\/wp\/v2\/media\/26020"}],"wp:attachment":[{"href":"https:\/\/guialimeira.com.br\/news\/wp-json\/wp\/v2\/media?parent=26019"}],"wp:term":[{"taxonomy":"category","embeddable":true,"href":"https:\/\/guialimeira.com.br\/news\/wp-json\/wp\/v2\/categories?post=26019"},{"taxonomy":"post_tag","embeddable":true,"href":"https:\/\/guialimeira.com.br\/news\/wp-json\/wp\/v2\/tags?post=26019"}],"curies":[{"name":"wp","href":"https:\/\/api.w.org\/{rel}","templated":true}]}}