{"id":26011,"date":"2025-03-07T18:24:59","date_gmt":"2025-03-07T21:24:59","guid":{"rendered":"https:\/\/guialimeira.com.br\/?p=26011"},"modified":"2025-03-07T18:24:59","modified_gmt":"2025-03-07T21:24:59","slug":"lula-cogita-medidas-drasticas-para-conter-alta-dos-alimentos","status":"publish","type":"post","link":"https:\/\/guialimeira.com.br\/news\/lula-cogita-medidas-drasticas-para-conter-alta-dos-alimentos\/","title":{"rendered":"Lula cogita &#8220;medidas dr\u00e1sticas&#8221; para conter alta dos alimentos"},"content":{"rendered":"\n<figure class=\"wp-block-gallery has-nested-images columns-default is-cropped wp-block-gallery-1 is-layout-flex wp-block-gallery-is-layout-flex\">\n<figure class=\"wp-block-image size-large\"><\/figure>\n\t\t\t\t\t\n<figure class=\"wp-block-image size-large\"><img loading=\"lazy\" decoding=\"async\" width=\"1\" height=\"1\" data-attachment-id=\"26009\" data-permalink=\"https:\/\/guialimeira.com.br\/news\/lula-cogita-medidas-drasticas-para-conter-alta-dos-alimentos-2\/\" data-orig-file=\"https:\/\/i0.wp.com\/guialimeira.com.br\/news\/wp-content\/uploads\/2025\/03\/ebc.gif?fit=1%2C1&amp;ssl=1\" data-orig-size=\"1,1\" data-comments-opened=\"1\" data-image-meta=\"{&quot;aperture&quot;:&quot;0&quot;,&quot;credit&quot;:&quot;&quot;,&quot;camera&quot;:&quot;&quot;,&quot;caption&quot;:&quot;&quot;,&quot;created_timestamp&quot;:&quot;0&quot;,&quot;copyright&quot;:&quot;&quot;,&quot;focal_length&quot;:&quot;0&quot;,&quot;iso&quot;:&quot;0&quot;,&quot;shutter_speed&quot;:&quot;0&quot;,&quot;title&quot;:&quot;&quot;,&quot;orientation&quot;:&quot;0&quot;}\" data-image-title=\"Lula cogita &amp;#8220;medidas dr\u00e1sticas&amp;#8221; para conter alta dos alimentos\" data-image-description=\"\" data-image-caption=\"\" data-large-file=\"https:\/\/i0.wp.com\/guialimeira.com.br\/news\/wp-content\/uploads\/2025\/03\/ebc.gif?fit=1%2C1&amp;ssl=1\" data-id=\"26009\" src=\"https:\/\/i0.wp.com\/guialimeira.com.br\/wp-content\/uploads\/2025\/03\/ebc.gif?resize=1%2C1&amp;ssl=1\" alt=\"\" class=\"wp-image-26009\" \/><\/figure>\n\t\t\t\t\t\n<figure class=\"wp-block-image size-large\"><img loading=\"lazy\" decoding=\"async\" width=\"754\" height=\"503\" data-attachment-id=\"26010\" data-permalink=\"https:\/\/guialimeira.com.br\/news\/lula-cogita-medidas-drasticas-para-conter-alta-dos-alimentos-3\/\" data-orig-file=\"https:\/\/i0.wp.com\/guialimeira.com.br\/news\/wp-content\/uploads\/2025\/03\/caminhos_cafe_16.jpg?fit=754%2C503&amp;ssl=1\" data-orig-size=\"754,503\" data-comments-opened=\"1\" data-image-meta=\"{&quot;aperture&quot;:&quot;0&quot;,&quot;credit&quot;:&quot;&quot;,&quot;camera&quot;:&quot;&quot;,&quot;caption&quot;:&quot;&quot;,&quot;created_timestamp&quot;:&quot;0&quot;,&quot;copyright&quot;:&quot;&quot;,&quot;focal_length&quot;:&quot;0&quot;,&quot;iso&quot;:&quot;0&quot;,&quot;shutter_speed&quot;:&quot;0&quot;,&quot;title&quot;:&quot;&quot;,&quot;orientation&quot;:&quot;0&quot;}\" data-image-title=\"Lula cogita &amp;#8220;medidas dr\u00e1sticas&amp;#8221; para conter alta dos alimentos\" data-image-description=\"\" data-image-caption=\"\" data-large-file=\"https:\/\/i0.wp.com\/guialimeira.com.br\/news\/wp-content\/uploads\/2025\/03\/caminhos_cafe_16.jpg?fit=696%2C464&amp;ssl=1\" data-id=\"26010\" src=\"https:\/\/i0.wp.com\/guialimeira.com.br\/wp-content\/uploads\/2025\/03\/caminhos_cafe_16.jpg?resize=150%2C150&amp;ssl=1\" alt=\"\" class=\"wp-image-26010\" \/><\/figure>\n\t\t\t\t\t<\/figure>\n \r\n<br><div>\n                    <p>O presidente Luiz In\u00e1cio Lula da Silva afirmou, nesta sexta-feira (7), que<strong> pode tomar medidas \u201cmais dr\u00e1sticas\u201d para baixar o custo dos alimentos aos consumidores e culpou os \u201catravessadores\u201d pelo alta do <a href=\"https:\/\/agenciabrasil.ebc.com.br\/radioagencia-nacional\/politica\/audio\/2025-02\/lula-diz-que-preco-do-ovo-e-absurdo-e-vai-conversar-com-empresarios\" target=\"_blank\" rel=\"noopener\">pre\u00e7o dos ovos<\/a> no pa\u00eds<\/strong>. Entretanto,\u00a0Lula n\u00e3o explicou que medidas seriam essas, ao falar sobre o assunto durante <a href=\"https:\/\/agenciabrasil.ebc.com.br\/politica\/noticia\/2025-03\/lula-entrega-mais-de-12-mil-lotes-de-terras-da-reforma-agraria\" target=\"_blank\" rel=\"noopener\">evento em Campo do Meio<\/a> (MG).<img data-recalc-dims=\"1\" decoding=\"async\" src=\"https:\/\/i0.wp.com\/guialimeira.com.br\/wp-content\/uploads\/2025\/03\/ebc.png?w=696&#038;ssl=1\" style=\"width:1px;height:1px\" \/><img data-recalc-dims=\"1\" decoding=\"async\" src=\"https:\/\/i0.wp.com\/guialimeira.com.br\/wp-content\/uploads\/2025\/03\/ebc.gif?w=696&#038;ssl=1\" style=\"width:1px;height:1px\" \/><\/p>\n\n<p>\u201cEu quero encontrar uma explica\u00e7\u00e3o para o pre\u00e7o do ovo\u201d, disse. \u201cO ovo est\u00e1 saindo do controle. Uns dizem que \u00e9 o calor, outros dizem que \u00e9 exporta\u00e7\u00e3o e eu estou atr\u00e1s [da explica\u00e7\u00e3o]\u201d, acrescentou Lula.<\/p>\n\n<p>O presidente diz que o governo quer encontrar uma solu\u00e7\u00e3o pac\u00edfica,\u00a0&#8220;mas se a gente n\u00e3o encontrar, a gente vai ter que tomar atitudes mais dr\u00e1sticas, porque o que interessa \u00e9 levar a comida barata para mesa do povo brasileiro\u201d, afirmou, defendendo que tamb\u00e9m \u00e9 preciso pagar um pre\u00e7o justo aos produtores.<\/p>\n\n<blockquote>\n<p>\u201cA gente n\u00e3o quer que o produtor tenha preju\u00edzo. O que n\u00f3s precisamos \u00e9 saber que tem atravessador no meio. Entre o produtor e o consumidor deve ter muita gente que mete o dedo no meio. E n\u00f3s vamos descobrir quem \u00e9 o respons\u00e1vel por isso\u201d, refor\u00e7ou.<\/p>\n<\/blockquote>\n\n<p><strong>Segundo o presidente, de janeiro de 2023 a janeiro de 2025, a caixa do ovo com 30 d\u00fazias variou pr\u00f3ximo de R$ 140. No m\u00eas de fevereiro deste ano, ela subiu para R$ 210.<\/strong> \u201cEu quero saber porque que ela deu esse salto. Quem \u00e9 que meteu o bedelho e chutou a bola para cima?\u201d, questionou.<\/p>\n\n<h2>Produtividade<\/h2>\n\n<p><strong>De acordo com a Associa\u00e7\u00e3o Brasileira de Prote\u00edna Animal (ABPA) a alta no pre\u00e7o dos ovos \u00e9 uma \u201csitua\u00e7\u00e3o sazonal, comum ao per\u00edodo pr\u00e9 e durante a quaresma [per\u00edodo em que algumas comunidades crist\u00e3s se preparam para a\u00a0P\u00e1scoa]\u201d,<\/strong> quando as fam\u00edlias costumam substituir o consumo de carnes vermelhas por ovos.<\/p>\n\n<p><strong>A associa\u00e7\u00e3o ainda cita aumento nos custos de produ\u00e7\u00e3o, como o pre\u00e7o do milho e das embalagens, e as &#8220;temperaturas em n\u00edveis hist\u00f3ricos\u201d, que impactam na produtividade das aves.<\/strong><\/p>\n\n<p>Para a entidade, o <strong>mercado dever\u00e1 se normalizar at\u00e9 o final do per\u00edodo da quaresma,<\/strong> com o restabelecimento dos patamares de consumo das diversas prote\u00ednas. A ABPA lembrou que, embora em alta, as exporta\u00e7\u00f5es de ovos t\u00eam efeito praticamente nulo sobre a oferta interna, j\u00e1 que representam menos de 1% das 59 bilh\u00f5es de unidades que dever\u00e3o ser produzidas este ano.<\/p>\n\n<h2>Redu\u00e7\u00e3o de impostos<\/h2>\n\n<p>Nesta quinta-feira (6), o governo federal anunciou algumas medidas para reduzir os pre\u00e7os dos alimentos ao consumidor, entre elas a<a href=\"https:\/\/agenciabrasil.ebc.com.br\/economia\/noticia\/2025-03\/saiba-quais-alimentos-terao-tarifa-zero-de-importacao\" target=\"_blank\" rel=\"noopener\"> isen\u00e7\u00e3o do imposto de importa\u00e7\u00e3o<\/a> de nove produtos aliment\u00edcios considerados essenciais. A medida incidir\u00e1 sobre <strong>caf\u00e9, azeite, a\u00e7\u00facar, milho, \u00f3leo de girassol, sardinha, biscoitos, macarr\u00e3o e carnes.<\/strong><\/p>\n\n<div class=\"dnd-widget-wrapper context-cheio_8colunas type-image\"><div class=\"dnd-atom-rendered\"><!-- scald=304152:cheio_8colunas -->\n            <img data-recalc-dims=\"1\" decoding=\"async\" src=\"https:\/\/i0.wp.com\/guialimeira.com.br\/wp-content\/uploads\/2025\/03\/caminhos_cafe_16.jpg?w=696&#038;ssl=1\" alt=\"CAF\u00c9 MANTIQUEIRA\" title=\"TV Brasil\/Caminhos da Reportagem\" \/>\n        <img data-recalc-dims=\"1\" decoding=\"async\" src=\"https:\/\/i0.wp.com\/guialimeira.com.br\/wp-content\/uploads\/2025\/03\/caminhos_cafe_16.jpg?w=696&#038;ssl=1\" alt=\"CAF\u00c9 MANTIQUEIRA\" title=\"TV Brasil\/Caminhos da Reportagem\" \/>\n    <!-- END scald=304152 --><\/div><div class=\"dnd-caption-wrapper\">\n<p><!--copyright=304152-->CAF\u00c9 MANTIQUEIRA &#8211; <strong>TV Brasil\/Caminhos da Reportagem<\/strong><!--END copyright=304152--><\/p>\n<\/div><\/div>\n\n<p>A redu\u00e7\u00e3o das tarifas de importa\u00e7\u00f5es sobre os itens entrar\u00e1 em vigor nos pr\u00f3ximos dias, ap\u00f3s serem aprovadas pela C\u00e2mara de Com\u00e9rcio Exterior (Camex).<\/p>\n\n<blockquote>\n<p>\u201cN\u00f3s vamos encontrar uma solu\u00e7\u00e3o, porque eu tenho certeza que nesse pa\u00eds todo mundo tem interesse que o povo possa comer bem. Comida de qualidade, comida saud\u00e1vel, comida, de prefer\u00eancia, org\u00e2nica para que a gente possa ter qualidade de vida. N\u00f3s, ent\u00e3o, estamos muito ansiosos, o governo inteiro est\u00e1 preocupado, tem muito empres\u00e1rios tamb\u00e9m que est\u00e1 preocupado\u201d, disse Lula.<\/p>\n<\/blockquote>\n\n      <!-- Relacionada -->\n              \n            <!-- Relacionada -->\n    <\/div>\r\n<br>\r\n<br><a href=\"https:\/\/agenciabrasil.ebc.com.br\/politica\/noticia\/2025-03\/lula-cogita-tomar-medidas-drasticas-conter-alta-dos-alimentos\" rel=\"noopener\">Ag\u00eancia Brasil<\/a>","protected":false},"excerpt":{"rendered":"<p>O presidente Luiz In\u00e1cio Lula da Silva afirmou, nesta sexta-feira (7), que pode tomar medidas \u201cmais dr\u00e1sticas\u201d para baixar o custo dos alimentos aos consumidores e culpou os \u201catravessadores\u201d pelo alta do pre\u00e7o dos ovos no pa\u00eds. Entretanto,\u00a0Lula n\u00e3o explicou que medidas seriam essas, ao falar sobre o assunto durante evento em Campo do Meio [&hellip;]<\/p>\n","protected":false},"author":1,"featured_media":26012,"comment_status":"open","ping_status":"open","sticky":false,"template":"","format":"standard","meta":{"_jetpack_newsletter_access":"","_jetpack_dont_email_post_to_subs":false,"_jetpack_newsletter_tier_id":0,"_jetpack_memberships_contains_paywalled_content":false,"_mbp_banners":[],"_jetpack_feature_clip_id":0,"_jetpack_memberships_contains_paid_content":false,"footnotes":"","jetpack_publicize_message":"","jetpack_publicize_feature_enabled":true,"jetpack_social_post_already_shared":true,"jetpack_social_options":{"image_generator_settings":{"template":"highway","default_image_id":0,"font":"","enabled":false},"version":2},"jetpack_post_was_ever_published":false},"categories":[19],"tags":[],"class_list":["post-26011","post","type-post","status-publish","format-standard","has-post-thumbnail","category-politica"],"jetpack_publicize_connections":[],"jetpack-related-posts":[],"jetpack_shortlink":"https:\/\/wp.me\/p7Eq1F-6Lx","jetpack_sharing_enabled":true,"jetpack_featured_media_url":"https:\/\/i0.wp.com\/guialimeira.com.br\/news\/wp-content\/uploads\/2025\/03\/Lula-cogita-medidas-drasticas-para-conter-alta-dos-alimentos.jpg?fit=1600%2C800&ssl=1","_links":{"self":[{"href":"https:\/\/guialimeira.com.br\/news\/wp-json\/wp\/v2\/posts\/26011","targetHints":{"allow":["GET"]}}],"collection":[{"href":"https:\/\/guialimeira.com.br\/news\/wp-json\/wp\/v2\/posts"}],"about":[{"href":"https:\/\/guialimeira.com.br\/news\/wp-json\/wp\/v2\/types\/post"}],"author":[{"embeddable":true,"href":"https:\/\/guialimeira.com.br\/news\/wp-json\/wp\/v2\/users\/1"}],"replies":[{"embeddable":true,"href":"https:\/\/guialimeira.com.br\/news\/wp-json\/wp\/v2\/comments?post=26011"}],"version-history":[{"count":1,"href":"https:\/\/guialimeira.com.br\/news\/wp-json\/wp\/v2\/posts\/26011\/revisions"}],"predecessor-version":[{"id":26013,"href":"https:\/\/guialimeira.com.br\/news\/wp-json\/wp\/v2\/posts\/26011\/revisions\/26013"}],"wp:featuredmedia":[{"embeddable":true,"href":"https:\/\/guialimeira.com.br\/news\/wp-json\/wp\/v2\/media\/26012"}],"wp:attachment":[{"href":"https:\/\/guialimeira.com.br\/news\/wp-json\/wp\/v2\/media?parent=26011"}],"wp:term":[{"taxonomy":"category","embeddable":true,"href":"https:\/\/guialimeira.com.br\/news\/wp-json\/wp\/v2\/categories?post=26011"},{"taxonomy":"post_tag","embeddable":true,"href":"https:\/\/guialimeira.com.br\/news\/wp-json\/wp\/v2\/tags?post=26011"}],"curies":[{"name":"wp","href":"https:\/\/api.w.org\/{rel}","templated":true}]}}