{"id":26003,"date":"2025-03-07T18:09:54","date_gmt":"2025-03-07T21:09:54","guid":{"rendered":"https:\/\/guialimeira.com.br\/?p=26003"},"modified":"2025-03-07T18:09:54","modified_gmt":"2025-03-07T21:09:54","slug":"camara-de-limeira-tem-cinco-projetos-pautados-para-a-proxima-sessao-ordinaria","status":"publish","type":"post","link":"https:\/\/guialimeira.com.br\/news\/camara-de-limeira-tem-cinco-projetos-pautados-para-a-proxima-sessao-ordinaria\/","title":{"rendered":"C\u00e2mara de Limeira tem cinco projetos pautados para a pr\u00f3xima sess\u00e3o ordin\u00e1ria"},"content":{"rendered":"\n<figure class=\"wp-block-gallery has-nested-images columns-default is-cropped wp-block-gallery-1 is-layout-flex wp-block-gallery-is-layout-flex\"><\/figure>\n \r\n<br><img data-recalc-dims=\"1\" decoding=\"async\" src=\"https:\/\/i0.wp.com\/guialimeira.com.br\/wp-content\/uploads\/2025\/03\/2025-03-07_camara-de-limeira-tem-cinco-projetos-pautados-para-a-proxima-sessao-ordinaria_1.jpg?w=696&#038;ssl=1\" \/><br><div>\n\t\t\t\t\t<p>A C\u00e2mara Municipal de Limeira vai votar cinco projetos que est\u00e3o pautados na <a href=\"https:\/\/consulta.limeira.sp.leg.br\/Sessoes\/Documento\/368738\" rel=\"noopener\">Ordem do Dia<\/a> da pr\u00f3xima sess\u00e3o ordin\u00e1ria, que acontece na segunda-feira, 10 de mar\u00e7o. Os trabalhos s\u00e3o transmitidos ao vivo pelos canais de comunica\u00e7\u00e3o do Legislativo no <a href=\"https:\/\/www.youtube.com\/user\/camaradelimeira\" rel=\"noopener\">Youtube<\/a>,<a href=\"https:\/\/www.facebook.com\/camaradelimeira\/\" rel=\"noopener\"> Facebook<\/a> e<a href=\"http:\/\/www.limeira.sp.leg.br\/sessoes\/aovivo\" rel=\"noopener\"> site<\/a>, e pela R\u00e1dio Limeira FM 106,9, a partir das 17h.\u00a0<\/p><p>Devido \u00e0s obras de reforma e amplia\u00e7\u00e3o da sede, a C\u00e2mara est\u00e1 localizada na rua Clarino Peixoto, 280 &#8211; Jardim Maria Buchi Modeneis; para entrar no pr\u00e9dio e acompanhar as sess\u00f5es presencialmente basta se identificar na portaria e seguir at\u00e9 o \u00faltimo bloco.\u00a0 Para saber como chegar no novo endere\u00e7o, acesse este <a href=\"https:\/\/www.limeira.sp.leg.br\/noticias\/view\/2025-01-30_camara-de-limeira-funciona-em-novo-endereco-devido-obras-de-ampliacao-e-reforma\" rel=\"noopener\">link<\/a>.<\/p><p><strong>Confira os itens que v\u00e3o \u00e0 vota\u00e7\u00e3o:\u00a0<\/strong><\/p><p><a href=\"http:\/\/consulta.limeira.sp.leg.br\/Documentos\/Documento\/296017\" rel=\"noopener\">Projeto de Lei N\u00ba 166\/2022<\/a>, dos vereadores Everton Ferreira (PSD), Elias Barbosa (PRTB), Isabelly Carvalho (PT) e Lu Bogo (PL), e do ex-vereador Cear\u00e1, disp\u00f5e sobre a disponibiliza\u00e7\u00e3o, aos contribuintes, de informa\u00e7\u00f5es acerca de d\u00edvidas existentes do Imposto sobre a Propriedade Predial e Territorial Urbana (IPTU) e outros tributos e taxas (CPI do IPTU).\u00a0<\/p><p><a href=\"http:\/\/consulta.limeira.sp.leg.br\/Documentos\/Documento\/324330\" rel=\"noopener\">Projeto de Lei N\u00b0 135\/2023<\/a>, do vereador Nilton Santos (Republicanos), disp\u00f5e sobre as autoriza\u00e7\u00f5es do Poder Executivo em realizar permutas.<\/p><p><a href=\"http:\/\/consulta.limeira.sp.leg.br\/Documentos\/Documento\/325831\" rel=\"noopener\">Projeto de Lei N\u00ba 149\/2023<\/a>, da vereadora Lu Bogo (PL), fica assegurado ao cidad\u00e3o trabalhador no munic\u00edpio de Limeira, o direito de acesso e atendimento nas Unidades B\u00e1sicas de Sa\u00fade e Centros de Sa\u00fade da Fam\u00edlia um s\u00e1bado por m\u00eas para a coleta de exames preventivos PSA, Papanicolau e encaminhamento para mamografia.\u00a0<\/p><p><a href=\"https:\/\/consulta.limeira.sp.leg.br\/Documentos\/Documento\/329695\" rel=\"noopener\">Projeto de Lei N\u00ba 177\/2023<\/a>, do vereador Waguinho da Santa Luzia (PP), disp\u00f5e sobre o direito de as empresas especializadas em servi\u00e7os de portaria, que n\u00e3o realizam atividades t\u00edpicas de seguran\u00e7a privada, exercerem suas atividades no munic\u00edpio de Limeira sem a autoriza\u00e7\u00e3o pr\u00e9via da Pol\u00edcia Federal.<\/p><p><a href=\"https:\/\/consulta.limeira.sp.leg.br\/Documentos\/Documento\/365748\" rel=\"noopener\">Projeto de Lei N\u00ba 14\/2025<\/a>, do vereador Estev\u00e3o Nogueira (Avante), institui o M\u00eas Global do Empreendedorismo no Calend\u00e1rio Oficial do Munic\u00edpio de Limeira, a ser realizado todo m\u00eas de novembro.<\/p>\t\t\t\t<\/div>\r\n<br>\r\n<br><a href=\"https:\/\/www.limeira.sp.leg.br\/noticias\/view\/2025-03-07_camara-de-limeira-tem-cinco-projetos-pautados-para-a-proxima-sessao-ordinaria\" rel=\"noopener\">Informa\u00e7\u00f5es CML <\/a>","protected":false},"excerpt":{"rendered":"<p>A C\u00e2mara Municipal de Limeira vai votar cinco projetos que est\u00e3o pautados na Ordem do Dia da pr\u00f3xima sess\u00e3o ordin\u00e1ria, que acontece na segunda-feira, 10 de mar\u00e7o. Os trabalhos s\u00e3o transmitidos ao vivo pelos canais de comunica\u00e7\u00e3o do Legislativo no Youtube, Facebook e site, e pela R\u00e1dio Limeira FM 106,9, a partir das 17h.\u00a0 Devido [&hellip;]<\/p>\n","protected":false},"author":1,"featured_media":26004,"comment_status":"open","ping_status":"open","sticky":false,"template":"","format":"standard","meta":{"_jetpack_newsletter_access":"","_jetpack_dont_email_post_to_subs":false,"_jetpack_newsletter_tier_id":0,"_jetpack_memberships_contains_paywalled_content":false,"_mbp_banners":[],"_jetpack_feature_clip_id":0,"_jetpack_memberships_contains_paid_content":false,"footnotes":"","jetpack_publicize_message":"","jetpack_publicize_feature_enabled":true,"jetpack_social_post_already_shared":true,"jetpack_social_options":{"image_generator_settings":{"template":"highway","default_image_id":0,"font":"","enabled":false},"version":2},"jetpack_post_was_ever_published":false},"categories":[19],"tags":[],"class_list":["post-26003","post","type-post","status-publish","format-standard","has-post-thumbnail","category-politica"],"jetpack_publicize_connections":[],"jetpack-related-posts":[],"jetpack_shortlink":"https:\/\/wp.me\/p7Eq1F-6Lp","jetpack_sharing_enabled":true,"jetpack_featured_media_url":"https:\/\/i0.wp.com\/guialimeira.com.br\/news\/wp-content\/uploads\/2025\/03\/Camara-de-Limeira-tem-cinco-projetos-pautados-para-a-proxima.jpg?fit=1280%2C640&ssl=1","_links":{"self":[{"href":"https:\/\/guialimeira.com.br\/news\/wp-json\/wp\/v2\/posts\/26003","targetHints":{"allow":["GET"]}}],"collection":[{"href":"https:\/\/guialimeira.com.br\/news\/wp-json\/wp\/v2\/posts"}],"about":[{"href":"https:\/\/guialimeira.com.br\/news\/wp-json\/wp\/v2\/types\/post"}],"author":[{"embeddable":true,"href":"https:\/\/guialimeira.com.br\/news\/wp-json\/wp\/v2\/users\/1"}],"replies":[{"embeddable":true,"href":"https:\/\/guialimeira.com.br\/news\/wp-json\/wp\/v2\/comments?post=26003"}],"version-history":[{"count":1,"href":"https:\/\/guialimeira.com.br\/news\/wp-json\/wp\/v2\/posts\/26003\/revisions"}],"predecessor-version":[{"id":26005,"href":"https:\/\/guialimeira.com.br\/news\/wp-json\/wp\/v2\/posts\/26003\/revisions\/26005"}],"wp:featuredmedia":[{"embeddable":true,"href":"https:\/\/guialimeira.com.br\/news\/wp-json\/wp\/v2\/media\/26004"}],"wp:attachment":[{"href":"https:\/\/guialimeira.com.br\/news\/wp-json\/wp\/v2\/media?parent=26003"}],"wp:term":[{"taxonomy":"category","embeddable":true,"href":"https:\/\/guialimeira.com.br\/news\/wp-json\/wp\/v2\/categories?post=26003"},{"taxonomy":"post_tag","embeddable":true,"href":"https:\/\/guialimeira.com.br\/news\/wp-json\/wp\/v2\/tags?post=26003"}],"curies":[{"name":"wp","href":"https:\/\/api.w.org\/{rel}","templated":true}]}}