{"id":26000,"date":"2025-03-07T18:03:56","date_gmt":"2025-03-07T21:03:56","guid":{"rendered":"https:\/\/guialimeira.com.br\/2025\/03\/07\/dino-mantem-teto-de-precos-dos-servicos-funerarios-em-sao-paulo\/"},"modified":"2025-03-07T18:03:56","modified_gmt":"2025-03-07T21:03:56","slug":"dino-mantem-teto-de-precos-dos-servicos-funerarios-em-sao-paulo","status":"publish","type":"post","link":"https:\/\/guialimeira.com.br\/news\/dino-mantem-teto-de-precos-dos-servicos-funerarios-em-sao-paulo\/","title":{"rendered":"Dino mant\u00e9m teto de pre\u00e7os dos servi\u00e7os funer\u00e1rios em S\u00e3o Paulo"},"content":{"rendered":"<p> <br \/>\n<\/p>\n<div>\n<p>O ministro do Supremo Tribunal Federal (STF) Fl\u00e1vio Dino decidiu nesta sexta-feira (7) manter sua decis\u00e3o que determinou um teto de pre\u00e7os para a cobran\u00e7a dos servi\u00e7os funer\u00e1rios no munic\u00edpio de S\u00e3o Paulo.<img data-recalc-dims=\"1\" decoding=\"async\" src=\"https:\/\/i0.wp.com\/agenciabrasil.ebc.com.br\/ebc.png?w=696&#038;ssl=1\" style=\"width:1px; height:1px; display:inline;\"\/><img data-recalc-dims=\"1\" decoding=\"async\" src=\"https:\/\/i0.wp.com\/agenciabrasil.ebc.com.br\/ebc.gif?w=696&#038;ssl=1\" style=\"width:1px; height:1px; display:inline;\"\/><\/p>\n<p>Pela decis\u00e3o, <strong>os valores dos servi\u00e7os funer\u00e1rios devem ser cobrados conforme os pre\u00e7os praticados antes da concess\u00e3o dos cemit\u00e9rios \u00e0 iniciativa privada<\/strong>. Os pre\u00e7os poder\u00e3o ser atualizados somente pelo \u00cdndice Nacional de Pre\u00e7os ao Consumidor Amplo (IPCA).<\/p>\n<p><a href=\"https:\/\/agenciabrasil.ebc.com.br\/justica\/noticia\/2024-11\/dino-determina-cemiterios-cobrarem-valores-anteriores-privatizacao\" target=\"_blank\" rel=\"noopener\">O teto de pre\u00e7os foi determinado pelo ministro em novembro do ano passado<\/a>. Ap\u00f3s audi\u00eancia de concilia\u00e7\u00e3o e as manifesta\u00e7\u00f5es das partes ao longo dos \u00faltimos meses, Dino decidiu ampliar a decis\u00e3o sobre os servi\u00e7os funer\u00e1rios.<\/p>\n<p>Pela nova decis\u00e3o assinada hoje, o ministro determinou que o munic\u00edpio de S\u00e3o Paulo deve <strong>ampliar o acesso \u00e0 pol\u00edtica de gratuidade dos servi\u00e7os, divulgar informa\u00e7\u00f5es claras sobre os pacotes e direitos dos usu\u00e1rios, promover a divulga\u00e7\u00e3o do canal de den\u00fancias<\/strong>, informar ao STF o n\u00famero de fiscais e reajustar as multas aplicadas contra as concession\u00e1rias que administram os cemit\u00e9rios.<\/p>\n<p><a href=\"https:\/\/agenciabrasil.ebc.com.br\/geral\/noticia\/2024-11\/preco-de-enterros-triplica-apos-concessao-de-cemiterios-em-sp\" target=\"_blank\" rel=\"noopener\">&gt;&gt;Pre\u00e7o de enterros triplica ap\u00f3s concess\u00e3o de cemit\u00e9rios em SP<\/a><\/p>\n<p>O ministro explicou, na decis\u00e3o, que o teto de pre\u00e7os deve vigorar at\u00e9 que as determina\u00e7\u00f5es sejam cumpridas pela prefeitura de S\u00e3o Paulo e as empresas.<\/p>\n<blockquote>\n<p>\u201cCom a corre\u00e7\u00e3o das falhas identificadas, incluindo o aprimoramento da fiscaliza\u00e7\u00e3o, a garantia de transpar\u00eancia na oferta e comercializa\u00e7\u00e3o dos servi\u00e7os, a adequa\u00e7\u00e3o dos valores das multas e a disponibiliza\u00e7\u00e3o de um canal eficiente para den\u00fancias, a decis\u00e3o que fixou o teto dos pre\u00e7os poder\u00e1 ser revista por ocasi\u00e3o da an\u00e1lise do m\u00e9rito\u201d, completou Dino.<\/p>\n<\/blockquote>\n<p>Segundo levantamento do Sindicato dos Servidores Municipais de S\u00e3o Paulo (Sindsep), <strong>antes da concess\u00e3o o custo do pacote mais barato de servi\u00e7os funer\u00e1rios era de R$ 428,04. Depois da concess\u00e3o das unidades \u00e0 iniciativa privada, o menor valor de pacote aos clientes passou para R$ 1.494,14.<\/strong><\/p>\n<p>O caso \u00e9 discutido no Supremo por meio de a\u00e7\u00e3o protocolada pelo PCdoB. O partido questiona a concess\u00e3o da administra\u00e7\u00e3o de cemit\u00e9rios e cremat\u00f3rios p\u00fablicos e servi\u00e7os funer\u00e1rios \u00e0 iniciativa privada.<\/p>\n<p>      <!-- Relacionada --><\/p>\n<p>            <!-- Relacionada -->\n    <\/div>\n<p><br \/>\n<br \/><a href=\"https:\/\/agenciabrasil.ebc.com.br\/economia\/noticia\/2025-03\/dino-mantem-teto-de-precos-dos-servicos-funerarios-em-sao-paulo\" rel=\"noopener\">Ag\u00eancia Brasil<\/a><\/p>\n","protected":false},"excerpt":{"rendered":"<p>O ministro do Supremo Tribunal Federal (STF) Fl\u00e1vio Dino decidiu nesta sexta-feira (7) manter sua decis\u00e3o que determinou um teto de pre\u00e7os para a cobran\u00e7a dos servi\u00e7os funer\u00e1rios no munic\u00edpio de S\u00e3o Paulo. Pela decis\u00e3o, os valores dos servi\u00e7os funer\u00e1rios devem ser cobrados conforme os pre\u00e7os praticados antes da concess\u00e3o dos cemit\u00e9rios \u00e0 iniciativa privada. [&hellip;]<\/p>\n","protected":false},"author":1,"featured_media":26001,"comment_status":"open","ping_status":"open","sticky":false,"template":"","format":"standard","meta":{"_jetpack_newsletter_access":"","_jetpack_dont_email_post_to_subs":false,"_jetpack_newsletter_tier_id":0,"_jetpack_memberships_contains_paywalled_content":false,"_mbp_banners":[],"_jetpack_feature_clip_id":0,"_jetpack_memberships_contains_paid_content":false,"footnotes":"","jetpack_publicize_message":"","jetpack_publicize_feature_enabled":true,"jetpack_social_post_already_shared":true,"jetpack_social_options":{"image_generator_settings":{"template":"highway","default_image_id":0,"font":"","enabled":false},"version":2},"jetpack_post_was_ever_published":false},"categories":[24],"tags":[],"class_list":["post-26000","post","type-post","status-publish","format-standard","has-post-thumbnail","category-economia"],"jetpack_publicize_connections":[],"jetpack-related-posts":[],"jetpack_shortlink":"https:\/\/wp.me\/p7Eq1F-6Lm","jetpack_sharing_enabled":true,"jetpack_featured_media_url":"https:\/\/i0.wp.com\/guialimeira.com.br\/news\/wp-content\/uploads\/2025\/03\/54351932707_0518fa1543_o.jpg?fit=1600%2C800&ssl=1","_links":{"self":[{"href":"https:\/\/guialimeira.com.br\/news\/wp-json\/wp\/v2\/posts\/26000","targetHints":{"allow":["GET"]}}],"collection":[{"href":"https:\/\/guialimeira.com.br\/news\/wp-json\/wp\/v2\/posts"}],"about":[{"href":"https:\/\/guialimeira.com.br\/news\/wp-json\/wp\/v2\/types\/post"}],"author":[{"embeddable":true,"href":"https:\/\/guialimeira.com.br\/news\/wp-json\/wp\/v2\/users\/1"}],"replies":[{"embeddable":true,"href":"https:\/\/guialimeira.com.br\/news\/wp-json\/wp\/v2\/comments?post=26000"}],"version-history":[{"count":0,"href":"https:\/\/guialimeira.com.br\/news\/wp-json\/wp\/v2\/posts\/26000\/revisions"}],"wp:featuredmedia":[{"embeddable":true,"href":"https:\/\/guialimeira.com.br\/news\/wp-json\/wp\/v2\/media\/26001"}],"wp:attachment":[{"href":"https:\/\/guialimeira.com.br\/news\/wp-json\/wp\/v2\/media?parent=26000"}],"wp:term":[{"taxonomy":"category","embeddable":true,"href":"https:\/\/guialimeira.com.br\/news\/wp-json\/wp\/v2\/categories?post=26000"},{"taxonomy":"post_tag","embeddable":true,"href":"https:\/\/guialimeira.com.br\/news\/wp-json\/wp\/v2\/tags?post=26000"}],"curies":[{"name":"wp","href":"https:\/\/api.w.org\/{rel}","templated":true}]}}