{"id":25985,"date":"2025-03-07T17:08:53","date_gmt":"2025-03-07T20:08:53","guid":{"rendered":"https:\/\/guialimeira.com.br\/?p=25985"},"modified":"2025-03-07T17:08:53","modified_gmt":"2025-03-07T20:08:53","slug":"camara-promove-palestra-em-comemoracao-ao-dia-internacional-da-mulher","status":"publish","type":"post","link":"https:\/\/guialimeira.com.br\/news\/camara-promove-palestra-em-comemoracao-ao-dia-internacional-da-mulher\/","title":{"rendered":"C\u00e2mara promove palestra em comemora\u00e7\u00e3o ao Dia Internacional da Mulher"},"content":{"rendered":"\n<figure class=\"wp-block-gallery has-nested-images columns-default is-cropped wp-block-gallery-1 is-layout-flex wp-block-gallery-is-layout-flex\"><\/figure>\n \r\n<br><img data-recalc-dims=\"1\" decoding=\"async\" src=\"https:\/\/i0.wp.com\/guialimeira.com.br\/wp-content\/uploads\/2025\/03\/2025-03-07_camara-promove-palestra-em-comemoracao-ao-dia-internacional-da-mulher_1.jpg?w=696&#038;ssl=1\" \/><br><div>\n\t\t\t\t\t<p>Metas e Objetivos para uma Vida Extraordin\u00e1ria, este foi o tema central da palestra realizada na manh\u00e3 desta sexta-feira, 7 de mar\u00e7o, na C\u00e2mara Municipal, em homenagem ao Dia Internacional da Mulher. O evento foi promovido pela Comiss\u00e3o Organizadora da Semana da Mulher em parceria com a Escola Legislativa Paulo Freire, com a participa\u00e7\u00e3o das servidoras e vereadoras da Casa.<\/p><p>Presentes no Plen\u00e1rio Vereador Vit\u00f3rio Bortolan, as vereadoras Lu Bogo (PL), Tatiane Lopes (Avante) e Mara Isa Mattos (PL) discursaram durante a abertura da celebra\u00e7\u00e3o.<\/p><p>A vereadora Mara Isa destacou as reflex\u00f5es necess\u00e1rias durante o m\u00eas da mulher, mas tamb\u00e9m enfatizou a import\u00e2ncia das comemora\u00e7\u00f5es dessa data. A parlamentar ainda relembrou a conquista do direito ao voto feminino no Brasil e citou a necessidade de pol\u00edticas p\u00fablicas que contemplem as mulheres de Limeira.<\/p><p>Confira a mat\u00e9ria especial produzida pela C\u00e2mara sobre o dia que marca a conquista do direito ao voto feminino neste <a href=\"https:\/\/www.limeira.sp.leg.br\/noticias\/view\/2025-02-24_camara-comemora-dia-da-conquista-do-voto-feminino-com-entrega-de-diploma-e-acervo-virtual\" rel=\"noopener\">link<\/a>.\u00a0<\/p><p>Tatiane Lopes relembrou os recentes casos de feminic\u00eddio em Limeira e citou o caso de uma limeirense que foi presa por deixar os filhos sozinhos para poder trabalhar. \u201cApesar das comemora\u00e7\u00f5es serem importantes, \u00e9 fundamental refletir sobre as mulheres que sofrem pelo simples fato de serem mulheres\u201d, completou a parlamentar.<\/p><p>A vereadora e presidente da Comiss\u00e3o Organizadora da Semana da Mulher, Lu Bogo, parabenizou as servidoras presentes pelo dia e relembrou as mulheres que vieram antes e representam a luta feminina ao passar dos anos. \u201cUnidas somos mais fortes\u201d, enfatizou.\u00a0<\/p><p><strong>Metas e Objetivos para uma Vida Extraordin\u00e1ria<\/strong><\/p><p>A palestra ministrada pela psic\u00f3loga, mentora de empres\u00e1rias, master coach, palestrante e escritora, Andreza Leite, abordou temas relevantes para a evolu\u00e7\u00e3o pessoal e profissional das mulheres por meio de mudan\u00e7as de h\u00e1bitos e comportamentos que corroborem para o alcance de metas e objetivos.<\/p><p>\u201cA gera\u00e7\u00e3o atual n\u00e3o \u00e9<i> workaholic<\/i>, ela preza pela qualidade de vida e bem-estar\u201d, afirmou Andreza ao falar sobre a necessidade de identificar as prioridades da vida<\/p><p>A palestrante ainda destacou a import\u00e2ncia do valor pessoal e do reconhecimento de qualidades pr\u00f3prias e citou a escuta emp\u00e1tica e a comunica\u00e7\u00e3o como fatores fundamentais para o bom conv\u00edvio social.<\/p>\t\t\t\t<\/div>\r\n<br>\r\n<br><a href=\"https:\/\/www.limeira.sp.leg.br\/noticias\/view\/2025-03-07_camara-promove-palestra-em-comemoracao-ao-dia-internacional-da-mulher\" rel=\"noopener\">Informa\u00e7\u00f5es CML <\/a>","protected":false},"excerpt":{"rendered":"<p>Metas e Objetivos para uma Vida Extraordin\u00e1ria, este foi o tema central da palestra realizada na manh\u00e3 desta sexta-feira, 7 de mar\u00e7o, na C\u00e2mara Municipal, em homenagem ao Dia Internacional da Mulher. O evento foi promovido pela Comiss\u00e3o Organizadora da Semana da Mulher em parceria com a Escola Legislativa Paulo Freire, com a participa\u00e7\u00e3o das [&hellip;]<\/p>\n","protected":false},"author":1,"featured_media":25986,"comment_status":"open","ping_status":"open","sticky":false,"template":"","format":"standard","meta":{"_jetpack_newsletter_access":"","_jetpack_dont_email_post_to_subs":false,"_jetpack_newsletter_tier_id":0,"_jetpack_memberships_contains_paywalled_content":false,"_mbp_banners":[],"_jetpack_feature_clip_id":0,"_jetpack_memberships_contains_paid_content":false,"footnotes":"","jetpack_publicize_message":"","jetpack_publicize_feature_enabled":true,"jetpack_social_post_already_shared":true,"jetpack_social_options":{"image_generator_settings":{"template":"highway","default_image_id":0,"font":"","enabled":false},"version":2},"jetpack_post_was_ever_published":false},"categories":[19],"tags":[],"class_list":["post-25985","post","type-post","status-publish","format-standard","has-post-thumbnail","category-politica"],"jetpack_publicize_connections":[],"jetpack-related-posts":[],"jetpack_shortlink":"https:\/\/wp.me\/p7Eq1F-6L7","jetpack_sharing_enabled":true,"jetpack_featured_media_url":"https:\/\/i0.wp.com\/guialimeira.com.br\/news\/wp-content\/uploads\/2025\/03\/Camara-promove-palestra-em-comemoracao-ao-Dia-Internacional-da-Mulher.jpg?fit=1280%2C640&ssl=1","_links":{"self":[{"href":"https:\/\/guialimeira.com.br\/news\/wp-json\/wp\/v2\/posts\/25985","targetHints":{"allow":["GET"]}}],"collection":[{"href":"https:\/\/guialimeira.com.br\/news\/wp-json\/wp\/v2\/posts"}],"about":[{"href":"https:\/\/guialimeira.com.br\/news\/wp-json\/wp\/v2\/types\/post"}],"author":[{"embeddable":true,"href":"https:\/\/guialimeira.com.br\/news\/wp-json\/wp\/v2\/users\/1"}],"replies":[{"embeddable":true,"href":"https:\/\/guialimeira.com.br\/news\/wp-json\/wp\/v2\/comments?post=25985"}],"version-history":[{"count":1,"href":"https:\/\/guialimeira.com.br\/news\/wp-json\/wp\/v2\/posts\/25985\/revisions"}],"predecessor-version":[{"id":25987,"href":"https:\/\/guialimeira.com.br\/news\/wp-json\/wp\/v2\/posts\/25985\/revisions\/25987"}],"wp:featuredmedia":[{"embeddable":true,"href":"https:\/\/guialimeira.com.br\/news\/wp-json\/wp\/v2\/media\/25986"}],"wp:attachment":[{"href":"https:\/\/guialimeira.com.br\/news\/wp-json\/wp\/v2\/media?parent=25985"}],"wp:term":[{"taxonomy":"category","embeddable":true,"href":"https:\/\/guialimeira.com.br\/news\/wp-json\/wp\/v2\/categories?post=25985"},{"taxonomy":"post_tag","embeddable":true,"href":"https:\/\/guialimeira.com.br\/news\/wp-json\/wp\/v2\/tags?post=25985"}],"curies":[{"name":"wp","href":"https:\/\/api.w.org\/{rel}","templated":true}]}}