{"id":25982,"date":"2025-03-07T17:02:53","date_gmt":"2025-03-07T20:02:53","guid":{"rendered":"https:\/\/guialimeira.com.br\/2025\/03\/07\/balanca-comercial-tem-primeiro-deficit-mensal-desde-janeiro-de-2022\/"},"modified":"2025-03-07T17:02:53","modified_gmt":"2025-03-07T20:02:53","slug":"balanca-comercial-tem-primeiro-deficit-mensal-desde-janeiro-de-2022","status":"publish","type":"post","link":"https:\/\/guialimeira.com.br\/news\/balanca-comercial-tem-primeiro-deficit-mensal-desde-janeiro-de-2022\/","title":{"rendered":"Balan\u00e7a comercial tem primeiro d\u00e9ficit mensal desde janeiro de 2022"},"content":{"rendered":"<p> <br \/>\n<\/p>\n<div>\n<p>A queda no pre\u00e7o de diversas <em>commodities<\/em> (bens prim\u00e1rios com cota\u00e7\u00e3o internacional) e a importa\u00e7\u00e3o concentrada de plataformas de petr\u00f3leo pressionaram o resultado da balan\u00e7a comercial em fevereiro. <strong>No m\u00eas passado, o Brasil importou US$ 323,7 milh\u00f5es a mais do que exportou.<\/strong><img data-recalc-dims=\"1\" decoding=\"async\" src=\"https:\/\/i0.wp.com\/agenciabrasil.ebc.com.br\/ebc.png?w=696&#038;ssl=1\" style=\"width:1px; height:1px; display:inline;\"\/><img data-recalc-dims=\"1\" decoding=\"async\" src=\"https:\/\/i0.wp.com\/agenciabrasil.ebc.com.br\/ebc.gif?w=696&#038;ssl=1\" style=\"width:1px; height:1px; display:inline;\"\/><\/p>\n<p>Esse foi o primeiro d\u00e9ficit mensal na balan\u00e7a comercial (exporta\u00e7\u00f5es menos importa\u00e7\u00f5es) desde janeiro de 2022, quando o saldo tinha ficado negativo em R$ 59,1 milh\u00f5es. <strong>O resultado \u00e9 o pior para meses de fevereiro desde o in\u00edcio da s\u00e9rie hist\u00f3rica, em 1989<\/strong>. No mesmo m\u00eas de 2024, a balan\u00e7a tinha ficado positiva em US$ 5,13 bilh\u00f5es.<\/p>\n<p>Com o resultado de fevereiro,<strong> o super\u00e1vit comercial nos dois primeiros meses do ano atinge US$ 1,934 bilh\u00e3o.<\/strong> O montante \u00e9 82,9% inferior ao do mesmo per\u00edodo de 2024. Esse \u00e9 o resultado mais baixo para o acumulado do ano desde o primeiro bimestre de 2021, quando o super\u00e1vit tinha atingido US$ 1,616 bilh\u00e3o.<\/p>\n<p><strong>Em rela\u00e7\u00e3o ao resultado mensal, as exporta\u00e7\u00f5es ca\u00edram, enquanto as importa\u00e7\u00f5es dispararam, impulsionada pela compra de plataforma de petr\u00f3leo de US$ 2,7 bilh\u00f5es. <\/strong>Em fevereiro, o Brasil vendeu US$ 22,929 bilh\u00f5es para o exterior, recuo de 1,8% em rela\u00e7\u00e3o ao mesmo m\u00eas de 2024. As compras do exterior somaram US$ 23,253 bilh\u00f5es, alta de 27,6%.<\/p>\n<p><strong>Do lado das exporta\u00e7\u00f5es, a queda no pre\u00e7o internacional do ferro, do petr\u00f3leo, da soja, e do a\u00e7\u00facar foram os principais fatores que provocaram a queda no valor vendido<\/strong>. As vendas de alguns produtos, como caf\u00e9, celulose e carne bovina, subiram no m\u00eas passado, compensando a diminui\u00e7\u00e3o de pre\u00e7o dos demais produtos.<\/p>\n<p><strong>Do lado das importa\u00e7\u00f5es, as aquisi\u00e7\u00f5es da plataforma de petr\u00f3leo somaram US$ 2,675 bilh\u00f5es em fevereiro, contra US$ 16,39 milh\u00f5es no mesmo m\u00eas do ano passado.<\/strong> Tamb\u00e9m cresceram as compras de motores e de ve\u00edculos. Sem a plataforma, a importa\u00e7\u00e3o teria ficado em US$ 20,6 bilh\u00f5es em fevereiro, em linha com o volume do m\u00eas em outros anos.<\/p>\n<p>No m\u00eas passado, o <strong>volume de mercadorias exportadas subiu 1,4%, puxado por combust\u00edveis, a\u00e7\u00facares e ve\u00edculos, mas os pre\u00e7os ca\u00edram 3,6% em m\u00e9dia na compara\u00e7\u00e3o com o mesmo m\u00eas do ano passado.<\/strong> Nas importa\u00e7\u00f5es, a quantidade comprada subiu 20,2%, mas os pre\u00e7os m\u00e9dios recuaram 6,1%, indicando o aumento das compras externas decorrentes da recupera\u00e7\u00e3o da economia, al\u00e9m da concentra\u00e7\u00e3o de entrada de plataformas de petr\u00f3leo.<\/p>\n<h2>Setores<\/h2>\n<p>No setor agropecu\u00e1rio, houve pequena recupera\u00e7\u00e3o. O volume de mercadorias embarcadas caiu 0,8% em fevereiro na compara\u00e7\u00e3o com o mesmo m\u00eas de 2024, enquanto o pre\u00e7o m\u00e9dio subiu 2%.<\/p>\n<p>Na ind\u00fastria extrativa, que engloba a exporta\u00e7\u00e3o de min\u00e9rios e de petr\u00f3leo, a quantidade exportada caiu 11,7%, enquanto os pre\u00e7os m\u00e9dios recuaram 17,8%. A ind\u00fastria de transforma\u00e7\u00e3o foi a exce\u00e7\u00e3o, com a quantidade exportada subindo 7%, com o pre\u00e7o m\u00e9dio avan\u00e7ando 0,8%.<\/p>\n<h2>Estimativa<\/h2>\n<p>Em janeiro, o Minist\u00e9rio do Desenvolvimento, Ind\u00fastria, Com\u00e9rcio e Servi\u00e7os divulgou estimativas para a balan\u00e7a comercial do ano.<strong> A pasta prev\u00ea que o Brasil ter\u00e1 super\u00e1vit entre US$ 60 bilh\u00f5es e US$ 80 bilh\u00f5es em 2025,<\/strong> com as exporta\u00e7\u00f5es ficando entre US$ 320 bilh\u00f5es e US$ 360 bilh\u00f5es, e as importa\u00e7\u00f5es entre US$ 260 bilh\u00f5es e US$ 280 bilh\u00f5es. Tradicionalmente, a pasta divulgava as proje\u00e7\u00f5es para o ano a partir de abril, com revis\u00f5es em julho e em outubro.<\/p>\n<p>O <a href=\"https:\/\/agenciabrasil.ebc.com.br\/economia\/noticia\/2025-03\/previsao-para-inflacao-permanece-em-565-para-este-ano\" target=\"_blank\" rel=\"noopener\">boletim Focus<\/a>, pesquisa com analistas de mercado divulgada toda semana pelo Banco Central, projeta super\u00e1vit comercial de US$ 76,8 bilh\u00f5es neste ano. Em 2024, a balan\u00e7a comercial registrou super\u00e1vit de US$ 74,176 bilh\u00f5es, com as exporta\u00e7\u00f5es somando US$ 337,046 bilh\u00f5es e as importa\u00e7\u00f5es atingindo US$ 262,869 bilh\u00f5es.<\/p>\n<p>      <!-- Relacionada --><\/p>\n<p>            <!-- Relacionada -->\n    <\/div>\n<p><br \/>\n<br \/><a href=\"https:\/\/agenciabrasil.ebc.com.br\/economia\/noticia\/2025-03\/balanca-comercial-tem-primeiro-deficit-mensal-desde-janeiro-de-2022\" rel=\"noopener\">Ag\u00eancia Brasil<\/a><\/p>\n","protected":false},"excerpt":{"rendered":"<p>A queda no pre\u00e7o de diversas commodities (bens prim\u00e1rios com cota\u00e7\u00e3o internacional) e a importa\u00e7\u00e3o concentrada de plataformas de petr\u00f3leo pressionaram o resultado da balan\u00e7a comercial em fevereiro. No m\u00eas passado, o Brasil importou US$ 323,7 milh\u00f5es a mais do que exportou. Esse foi o primeiro d\u00e9ficit mensal na balan\u00e7a comercial (exporta\u00e7\u00f5es menos importa\u00e7\u00f5es) desde [&hellip;]<\/p>\n","protected":false},"author":1,"featured_media":25983,"comment_status":"open","ping_status":"open","sticky":false,"template":"","format":"standard","meta":{"_jetpack_newsletter_access":"","_jetpack_dont_email_post_to_subs":false,"_jetpack_newsletter_tier_id":0,"_jetpack_memberships_contains_paywalled_content":false,"_mbp_banners":[],"_jetpack_feature_clip_id":0,"_jetpack_memberships_contains_paid_content":false,"footnotes":"","jetpack_publicize_message":"","jetpack_publicize_feature_enabled":true,"jetpack_social_post_already_shared":true,"jetpack_social_options":{"image_generator_settings":{"template":"highway","default_image_id":0,"font":"","enabled":false},"version":2},"jetpack_post_was_ever_published":false},"categories":[24],"tags":[],"class_list":["post-25982","post","type-post","status-publish","format-standard","has-post-thumbnail","category-economia"],"jetpack_publicize_connections":[],"jetpack-related-posts":[],"jetpack_shortlink":"https:\/\/wp.me\/p7Eq1F-6L4","jetpack_sharing_enabled":true,"jetpack_featured_media_url":"https:\/\/i0.wp.com\/guialimeira.com.br\/news\/wp-content\/uploads\/2025\/03\/53678831971_d9daf4b925_o.jpg?fit=1600%2C800&ssl=1","_links":{"self":[{"href":"https:\/\/guialimeira.com.br\/news\/wp-json\/wp\/v2\/posts\/25982","targetHints":{"allow":["GET"]}}],"collection":[{"href":"https:\/\/guialimeira.com.br\/news\/wp-json\/wp\/v2\/posts"}],"about":[{"href":"https:\/\/guialimeira.com.br\/news\/wp-json\/wp\/v2\/types\/post"}],"author":[{"embeddable":true,"href":"https:\/\/guialimeira.com.br\/news\/wp-json\/wp\/v2\/users\/1"}],"replies":[{"embeddable":true,"href":"https:\/\/guialimeira.com.br\/news\/wp-json\/wp\/v2\/comments?post=25982"}],"version-history":[{"count":0,"href":"https:\/\/guialimeira.com.br\/news\/wp-json\/wp\/v2\/posts\/25982\/revisions"}],"wp:featuredmedia":[{"embeddable":true,"href":"https:\/\/guialimeira.com.br\/news\/wp-json\/wp\/v2\/media\/25983"}],"wp:attachment":[{"href":"https:\/\/guialimeira.com.br\/news\/wp-json\/wp\/v2\/media?parent=25982"}],"wp:term":[{"taxonomy":"category","embeddable":true,"href":"https:\/\/guialimeira.com.br\/news\/wp-json\/wp\/v2\/categories?post=25982"},{"taxonomy":"post_tag","embeddable":true,"href":"https:\/\/guialimeira.com.br\/news\/wp-json\/wp\/v2\/tags?post=25982"}],"curies":[{"name":"wp","href":"https:\/\/api.w.org\/{rel}","templated":true}]}}