{"id":25967,"date":"2025-03-07T15:00:49","date_gmt":"2025-03-07T18:00:49","guid":{"rendered":"https:\/\/guialimeira.com.br\/2025\/03\/07\/mudancas-no-pix-saiba-como-consultar-e-regularizar-pendencias-no-cpf\/"},"modified":"2025-03-07T15:00:49","modified_gmt":"2025-03-07T18:00:49","slug":"mudancas-no-pix-saiba-como-consultar-e-regularizar-pendencias-no-cpf","status":"publish","type":"post","link":"https:\/\/guialimeira.com.br\/news\/mudancas-no-pix-saiba-como-consultar-e-regularizar-pendencias-no-cpf\/","title":{"rendered":"Mudan\u00e7as no Pix: saiba como consultar e regularizar pend\u00eancias no CPF"},"content":{"rendered":"<p> <br \/>\n<\/p>\n<div>\n<p><strong>As novas regras do Banco Central (BC) para uso do Pix devem afetar cerca de 8 milh\u00f5es de chaves ligadas a CPFs<\/strong> em situa\u00e7\u00e3o irregular na base de dados da Receita Federal. <strong>Estas chaves poder\u00e3o ser exclu\u00eddas.\u00a0<\/strong><img data-recalc-dims=\"1\" decoding=\"async\" src=\"https:\/\/i0.wp.com\/agenciabrasil.ebc.com.br\/ebc.png?w=696&#038;ssl=1\" style=\"width:1px; height:1px; display:inline;\"\/><img data-recalc-dims=\"1\" decoding=\"async\" src=\"https:\/\/i0.wp.com\/agenciabrasil.ebc.com.br\/ebc.gif?w=696&#038;ssl=1\" style=\"width:1px; height:1px; display:inline;\"\/><\/p>\n<p>Anunciada nesta quinta-feira (6), a medida visa mais seguran\u00e7a aos usu\u00e1rios deste sistema de pagamento instant\u00e2neo.<\/p>\n<p>Para saber se seu CPF est\u00e1 irregular e se sua chave est\u00e1 entre as que poder\u00e3o ser canceladas, a <strong>Ag\u00eancia Brasil<\/strong> preparou um passo a passo para regularizar pend\u00eancias e evitar essa exclus\u00e3o.<\/p>\n<h2>Passo a passo<\/h2>\n<p><strong>O primeiro deles \u00e9 saber se o CPF est\u00e1 em alguma das seguintes situa\u00e7\u00e3o cadastral: Suspensa, Cancelada, Titular Falecido ou Nula.<\/strong><\/p>\n<p>Para tanto, \u00e9 necess\u00e1rio consultar o <em>site<\/em> da Receita Federal em <a href=\"https:\/\/servicos.receita.fazenda.gov.br\/Servicos\/CPF\/ConsultaSituacao\/ConsultaPublica.asp\" target=\"_blank\" rel=\"noopener\">aba espec\u00edfica de Comprovante de Situa\u00e7\u00e3o Cadastral<\/a>.<\/p>\n<p>Se a situa\u00e7\u00e3o estiver \u201csuspensa\u201d, \u00e9 necess\u00e1rio fazer\u00a0o <a href=\"https:\/\/servicos.receita.fazenda.gov.br\/Servicos\/CPF\/regularizar\/\" target=\"_blank\" rel=\"noopener\">pedido de regulariza\u00e7\u00e3o na aba espec\u00edfica<\/a> do <em>site<\/em> da Receita.<\/p>\n<p>Segundo o \u00f3rg\u00e3o, na maioria das vezes, a atualiza\u00e7\u00e3o do CPF pelo <em>site<\/em> corrige as informa\u00e7\u00f5es na hora. <strong>Contudo, se ao final do procedimento for gerado um protocolo de atendimento, ser\u00e1 necess\u00e1rio enviar alguns documentos \u00e0 Receita Federal para concluir o servi\u00e7o.<\/strong><\/p>\n<p>Nesses casos, o envio da documenta\u00e7\u00e3o comprobat\u00f3ria da altera\u00e7\u00e3o pode ser encaminhada por e-mail. <a href=\"https:\/\/www.gov.br\/receitafederal\/pt-br\/canais_atendimento\/fale-conosco\/e-mail\/estado\" target=\"_blank\" rel=\"noopener\">Clique aqui<\/a> para saber o e-mail que atende cada unidade da federa\u00e7\u00e3o. Tamb\u00e9m \u00e9 poss\u00edvel agendar a entrega da documenta\u00e7\u00e3o comprobat\u00f3ria, <a href=\"https:\/\/servicos.receita.fazenda.gov.br\/Servicos\/saga\/agendamento\/default.aspx\" target=\"_blank\" rel=\"noopener\">nesta aba espec\u00edfica do <em>site<\/em><\/a>.<\/p>\n<p><strong>Entre os documentos que podem ser solicitados est\u00e3o a certid\u00e3o de nascimento ou casamento, t\u00edtulo de eleitor, comprovante de resid\u00eancia e um documento de identidade.<\/strong> Al\u00e9m disse, o solicitante ter\u00e1 que enviar uma selfie, segurando o documento de identidade.<\/p>\n<p>J\u00e1 no caso do CPF apresentar a situa\u00e7\u00e3o de \u201ctitular falecido\u201d ou \u201ccancelado\u201d \u00e9 necess\u00e1rio agendar atendimento em uma unidade da Receita para realizar a corre\u00e7\u00e3o. Para isso, <a href=\"https:\/\/servicos.receita.fazenda.gov.br\/Servicos\/saga\/agendamento\/default.aspx\" target=\"_blank\" rel=\"noopener\">clique aqui<\/a>.<\/p>\n<p>Em situa\u00e7\u00f5es especiais, a exemplo de pessoa com defici\u00eancia maior de 18 anos, o pedido pode ser feito pelo c\u00f4njuge ou companheiro; ascendente, descendente ou parente colateral at\u00e9 o 3\u00ba ou curador.\u00a0<\/p>\n<p><strong>Nesse caso, ser\u00e1 preciso enviar tamb\u00e9m laudo m\u00e9dico atestando a defici\u00eancia, documento de identifica\u00e7\u00e3o com foto do solicitante e documento que comprove o parentesco ou curatelia.<\/strong><\/p>\n<p>No caso de menores de 16 anos tutelados ou sujeitos \u00e0 guarda, a altera\u00e7\u00e3o no cadastro do CPF pode ser solicitada pelos pais, tutor ou respons\u00e1vel pela guarda, mediante o envio de documento de identifica\u00e7\u00e3o com foto do solicitante e documento que comprove a tutela ou responsabilidade da guarda do incapaz.<\/p>\n<p>Al\u00e9m disso, o atendimento presencial tamb\u00e9m pode ser prestado por unidades conveniadas, mas com o custo de R$ 7. <strong>As unidades que prestam o servi\u00e7o s\u00e3o os cart\u00f3rios de registro de pessoas naturais, o Banco do Brasil, a Caixa Econ\u00f4mica Federal e os Correios.<\/strong><\/p>\n<h2>Residentes no exterior<\/h2>\n<p>Se a pessoa residir no exterior, a orienta\u00e7\u00e3o \u00e9 <a href=\"https:\/\/servicos.receita.fazenda.gov.br\/Servicos\/CPF\/cpfEstrangeiro\/Fcpf.asp\" target=\"_blank\" rel=\"noopener\">preencher o formul\u00e1rio dispon\u00edvel aqui<\/a>. <strong>Ap\u00f3s o preenchimento, o formul\u00e1rio deve ser impresso e entregue em uma representa\u00e7\u00e3o diplom\u00e1tica brasileira em at\u00e9 15 dias, com os documentos listados.<\/strong><\/p>\n<p>Tamb\u00e9m \u00e9 poss\u00edvel solicitar atendimento presencial junto \u00e0s reparti\u00e7\u00f5es consulares brasileiras no exterior. As informa\u00e7\u00f5es sobre os consulados est\u00e3o dispon\u00edveis no <a href=\"https:\/\/econsular.itamaraty.gov.br\/\" target=\"_blank\" rel=\"noopener\">portal E-consular<\/a>.<\/p>\n<p>\u00a0<\/p>\n<p>      <!-- Relacionada --><\/p>\n<p>            <!-- Relacionada -->\n    <\/div>\n<p><br \/>\n<br \/><a href=\"https:\/\/agenciabrasil.ebc.com.br\/economia\/noticia\/2025-03\/mudancas-no-pix-saiba-como-consultar-e-regularizar-pendencias-no-cpf\" rel=\"noopener\">Ag\u00eancia Brasil<\/a><\/p>\n","protected":false},"excerpt":{"rendered":"<p>As novas regras do Banco Central (BC) para uso do Pix devem afetar cerca de 8 milh\u00f5es de chaves ligadas a CPFs em situa\u00e7\u00e3o irregular na base de dados da Receita Federal. Estas chaves poder\u00e3o ser exclu\u00eddas.\u00a0 Anunciada nesta quinta-feira (6), a medida visa mais seguran\u00e7a aos usu\u00e1rios deste sistema de pagamento instant\u00e2neo. Para saber [&hellip;]<\/p>\n","protected":false},"author":1,"featured_media":1870,"comment_status":"open","ping_status":"open","sticky":false,"template":"","format":"standard","meta":{"_jetpack_newsletter_access":"","_jetpack_dont_email_post_to_subs":false,"_jetpack_newsletter_tier_id":0,"_jetpack_memberships_contains_paywalled_content":false,"_mbp_banners":[],"_jetpack_feature_clip_id":0,"_jetpack_memberships_contains_paid_content":false,"footnotes":"","jetpack_publicize_message":"","jetpack_publicize_feature_enabled":true,"jetpack_social_post_already_shared":true,"jetpack_social_options":{"image_generator_settings":{"template":"highway","default_image_id":0,"font":"","enabled":false},"version":2},"jetpack_post_was_ever_published":false},"categories":[24],"tags":[],"class_list":["post-25967","post","type-post","status-publish","format-standard","has-post-thumbnail","category-economia"],"jetpack_publicize_connections":[],"jetpack-related-posts":[],"jetpack_shortlink":"https:\/\/wp.me\/p7Eq1F-6KP","jetpack_sharing_enabled":true,"jetpack_featured_media_url":"https:\/\/i0.wp.com\/guialimeira.com.br\/news\/wp-content\/uploads\/2024\/04\/pix_0411202552.jpg?fit=1600%2C800&ssl=1","_links":{"self":[{"href":"https:\/\/guialimeira.com.br\/news\/wp-json\/wp\/v2\/posts\/25967","targetHints":{"allow":["GET"]}}],"collection":[{"href":"https:\/\/guialimeira.com.br\/news\/wp-json\/wp\/v2\/posts"}],"about":[{"href":"https:\/\/guialimeira.com.br\/news\/wp-json\/wp\/v2\/types\/post"}],"author":[{"embeddable":true,"href":"https:\/\/guialimeira.com.br\/news\/wp-json\/wp\/v2\/users\/1"}],"replies":[{"embeddable":true,"href":"https:\/\/guialimeira.com.br\/news\/wp-json\/wp\/v2\/comments?post=25967"}],"version-history":[{"count":0,"href":"https:\/\/guialimeira.com.br\/news\/wp-json\/wp\/v2\/posts\/25967\/revisions"}],"wp:featuredmedia":[{"embeddable":true,"href":"https:\/\/guialimeira.com.br\/news\/wp-json\/wp\/v2\/media\/1870"}],"wp:attachment":[{"href":"https:\/\/guialimeira.com.br\/news\/wp-json\/wp\/v2\/media?parent=25967"}],"wp:term":[{"taxonomy":"category","embeddable":true,"href":"https:\/\/guialimeira.com.br\/news\/wp-json\/wp\/v2\/categories?post=25967"},{"taxonomy":"post_tag","embeddable":true,"href":"https:\/\/guialimeira.com.br\/news\/wp-json\/wp\/v2\/tags?post=25967"}],"curies":[{"name":"wp","href":"https:\/\/api.w.org\/{rel}","templated":true}]}}