{"id":25960,"date":"2025-03-07T14:48:23","date_gmt":"2025-03-07T17:48:23","guid":{"rendered":"https:\/\/guialimeira.com.br\/?p=25960"},"modified":"2025-03-07T14:48:25","modified_gmt":"2025-03-07T17:48:25","slug":"suzano-celebra-o-dia-internacional-da-mulher-destacando-acoes-voltadas-a-promocao-da-diversidade-e-desenvolvimento-de-carreiras","status":"publish","type":"post","link":"https:\/\/guialimeira.com.br\/news\/suzano-celebra-o-dia-internacional-da-mulher-destacando-acoes-voltadas-a-promocao-da-diversidade-e-desenvolvimento-de-carreiras\/","title":{"rendered":"Suzano celebra o Dia Internacional da Mulher destacando a\u00e7\u00f5es voltadas \u00e0 promo\u00e7\u00e3o da diversidade e desenvolvimento de carreiras"},"content":{"rendered":"\n<p class=\"wp-block-paragraph\"><em>Companhia investe em difus\u00e3o de talentos femininos e em projetos externos que incentivam o protagonismo das mulheres como empreendedoras<\/em><\/p>\n\n\n\n<p class=\"wp-block-paragraph\">A Suzano, maior produtora mundial de celulose e refer\u00eancia global na fabrica\u00e7\u00e3o de bioprodutos a partir do eucalipto, em celebra\u00e7\u00e3o ao Dia Internacional da Mulher (8 de mar\u00e7o), destaca suas a\u00e7\u00f5es cont\u00ednuas para ampliar a presen\u00e7a e melhorar a experi\u00eancia de mulheres na companhia, criando e refor\u00e7ando um ambiente no qual as mulheres possam alcan\u00e7ar seu maior potencial, independente da fase da carreira e da vida em que se encontram. Com esse objetivo, a companhia investe em programas internos com foco na atra\u00e7\u00e3o, reten\u00e7\u00e3o e desenvolvimento de talentos femininos em cargos de lideran\u00e7a e em diversas \u00e1reas operacionais.<\/p>\n\n\n\n<p class=\"wp-block-paragraph\">Entre as iniciativas realizadas pela companhia, est\u00e1 o programa Cultivar, por meio do qual mulheres s\u00e3o formadas para trabalhar nas opera\u00e7\u00f5es florestais da empresa, com a possibilidade de contrata\u00e7\u00e3o ao final do treinamento. Outro exemplo \u00e9 o programa D+, que visa acelerar o desenvolvimento de mulheres e pessoas negras dentro da companhia. A companhia tamb\u00e9m participa de organiza\u00e7\u00f5es como o Movimento Mulher 360\u00ba e a Rede Mulher Florestal, que visam a valoriza\u00e7\u00e3o da participa\u00e7\u00e3o das mulheres no mercado de trabalho.<\/p>\n\n\n\n<p class=\"wp-block-paragraph\">&#8220;Na Suzano, acreditamos que a diversidade nos fortalece e valorizamos a pluralidade de ideias e viv\u00eancias. Reconhecemos o papel transformador que podemos desempenhar na constru\u00e7\u00e3o de uma sociedade mais justa e inclusiva, impulsionando tamb\u00e9m um ambiente criativo que nos permite alcan\u00e7ar resultados cada vez mais significativos.&nbsp; Por isso seguimos na jornada de ter, em nossa organiza\u00e7\u00e3o, um ambiente onde todos se sintam respeitados e seguros para se expressarem genuinamente. Esse olhar est\u00e1 alinhado com nossos compromissos para Renovar a Vida, pois na Suzano acreditamos que &#8216;s\u00f3 \u00e9 bom para n\u00f3s, se for bom para o mundo&#8221;, destaca Reiner Santos, gerente de Gente e Gest\u00e3o, da Suzano.<\/p>\n\n\n\n<p class=\"wp-block-paragraph\">A coordenadora de Produ\u00e7\u00e3o Bruna Bin \u00e9 uma das mulheres que fazem hist\u00f3ria dentro da empresa. Ela ingressou na Suzano no final de 2009 como estagi\u00e1ria da produ\u00e7\u00e3o de papel na unidade de Rio Verde e hoje \u00e9 uma das pessoas que coordena a opera\u00e7\u00e3o na \u00e1rea de produ\u00e7\u00e3o de papel dentro da f\u00e1brica de Limeira. Atualmente, ela participa das Academias de Lideran\u00e7a desenvolvidas internamente pela Suzano para desenvolver e acelerar a carreira de seus colaboradores(as).<\/p>\n\n\n\n<p class=\"wp-block-paragraph\">Como profissional do meio industrial, ao lado de outras mulheres, Bruna exerce diariamente um importante papel: o de ser exemplo e mostrar para a sociedade e para todas as mulheres que elas conseguem e que elas podem exercer qualquer fun\u00e7\u00e3o, em qualquer ambiente profissional. \u201cEu gosto muito da rotina da f\u00e1brica, que pode ser bem intensa. Tanto que desde que entrei na Suzano, praticamente todo o tempo trabalhei na \u00e1rea de produ\u00e7\u00e3o de papel. A empresa contribuiu muito com meu aprendizado ao longo dos anos e sempre proporcionou oportunidades para o meu desenvolvimento\u201d, conta.<\/p>\n\n\n\n<p class=\"wp-block-paragraph\">A valoriza\u00e7\u00e3o e promo\u00e7\u00e3o da diversidade faz parte dos Direcionadores de Cultura da Suzano. Nesse sentido surgiu o Plural, que abarca os Grupos de Afinidade (GAs). Esses grupos s\u00e3o formados por pessoas colaboradoras que atuam voluntariamente, fomentando discuss\u00f5es, identificando problemas, buscando solu\u00e7\u00f5es e influenciando a lideran\u00e7a local a atuar em quest\u00f5es importantes sobre a tem\u00e1tica. A Suzano tamb\u00e9m assumiu, desde 2020, 15 metas alinhadas com os Objetivos Desenvolvimento Sustent\u00e1vel (ODS), sendo uma delas a de alcan\u00e7ar 30% de mulheres em cargos de lideran\u00e7a at\u00e9 o final de 2025.<\/p>\n\n\n\n<p class=\"wp-block-paragraph\"><strong>Iniciativas externas<\/strong><\/p>\n\n\n\n<p class=\"wp-block-paragraph\">A Suzano tamb\u00e9m tem um olhar para a promo\u00e7\u00e3o da inclus\u00e3o de mulheres e da equidade de g\u00eanero em suas iniciativas externas. A empresa apoia diversos projetos que incentivam o empreendedorismo, em especial o protagonismo feminino, ampliando assim o papel das mulheres como l\u00edderes em suas comunidades. Esses projetos sociais, desenvolvidos em diferentes localidades, contribuem para promover o desenvolvimento socioecon\u00f4mico em localidades onde temos opera\u00e7\u00f5es e tamb\u00e9m para a meta da empresa de ajudar a retirar 200 mil pessoas da linha da pobreza at\u00e9 2030, gerando um impacto positivo e sustent\u00e1vel na vida de muitas mulheres e suas fam\u00edlias.<\/p>\n\n\n\n<p class=\"wp-block-paragraph\">Alguns exemplos dessa atua\u00e7\u00e3o s\u00e3o os projetos Artesanato de Suzano, Artes\u00e3s de S\u00e3o Silvestre, Cer\u00e2mica Vargem do Tanque e o AAMAE (Associa\u00e7\u00e3o de Assist\u00eancia \u00e0 Mulher ao Adolescente e a Crian\u00e7a Esperan\u00e7a).<\/p>\n\n\n\n<p class=\"wp-block-paragraph\"><strong>Sobre a Suzano<\/strong><\/p>\n\n\n\n<p class=\"wp-block-paragraph\">A Suzano \u00e9 a maior produtora mundial de celulose, uma das maiores produtoras de pap\u00e9is da Am\u00e9rica Latina, l\u00edder no segmento de papel higi\u00eanico no Brasil e refer\u00eancia no desenvolvimento de solu\u00e7\u00f5es sustent\u00e1veis e inovadoras a partir de mat\u00e9ria-prima de fonte renov\u00e1vel. Nossos produtos e solu\u00e7\u00f5es est\u00e3o presentes na vida de mais de 2 bilh\u00f5es de pessoas, abastecem mais de 100 pa\u00edses e incluem celulose; pap\u00e9is para imprimir e escrever; pap\u00e9is para embalagens, copos e canudos; pap\u00e9is sanit\u00e1rios e produtos absorventes; al\u00e9m de novos bioprodutos desenvolvidos para atender \u00e0 demanda global. A inova\u00e7\u00e3o e a sustentabilidade orientam nosso prop\u00f3sito de \u201cRenovar a vida a partir da \u00e1rvore\u201d e nosso trabalho no enfrentamento dos desafios da sociedade e do planeta. Com mais de 100 anos de hist\u00f3ria, temos a\u00e7\u00f5es nas bolsas do Brasil (SUZB3) e dos Estados Unidos (SUZ). Saiba mais na p\u00e1gina:&nbsp;<a href=\"http:\/\/www.suzano.com.br\/\" target=\"_blank\" rel=\"noreferrer noopener\">www.suzano.com.br<\/a>.<\/p>\n","protected":false},"excerpt":{"rendered":"<p>Companhia investe em difus\u00e3o de talentos femininos e em projetos externos que incentivam o protagonismo das mulheres como empreendedoras A Suzano, maior produtora mundial de celulose e refer\u00eancia global na fabrica\u00e7\u00e3o de bioprodutos a partir do eucalipto, em celebra\u00e7\u00e3o ao Dia Internacional da Mulher (8 de mar\u00e7o), destaca suas a\u00e7\u00f5es cont\u00ednuas para ampliar a presen\u00e7a [&hellip;]<\/p>\n","protected":false},"author":2,"featured_media":25961,"comment_status":"open","ping_status":"open","sticky":false,"template":"","format":"standard","meta":{"_jetpack_newsletter_access":"","_jetpack_dont_email_post_to_subs":false,"_jetpack_newsletter_tier_id":0,"_jetpack_memberships_contains_paywalled_content":false,"_mbp_banners":[],"_jetpack_feature_clip_id":0,"_jetpack_memberships_contains_paid_content":false,"footnotes":"","jetpack_publicize_message":"","jetpack_publicize_feature_enabled":true,"jetpack_social_post_already_shared":true,"jetpack_social_options":{"image_generator_settings":{"template":"highway","default_image_id":0,"font":"","enabled":false},"version":2},"jetpack_post_was_ever_published":false},"categories":[16],"tags":[],"class_list":["post-25960","post","type-post","status-publish","format-standard","has-post-thumbnail","category-local"],"jetpack_publicize_connections":[],"jetpack-related-posts":[],"jetpack_shortlink":"https:\/\/wp.me\/p7Eq1F-6KI","jetpack_sharing_enabled":true,"jetpack_featured_media_url":"https:\/\/i0.wp.com\/guialimeira.com.br\/news\/wp-content\/uploads\/2025\/03\/Dia_das_Mulheres_Suzano_Limeira_BrunaBin.jpg?fit=1093%2C1280&ssl=1","_links":{"self":[{"href":"https:\/\/guialimeira.com.br\/news\/wp-json\/wp\/v2\/posts\/25960","targetHints":{"allow":["GET"]}}],"collection":[{"href":"https:\/\/guialimeira.com.br\/news\/wp-json\/wp\/v2\/posts"}],"about":[{"href":"https:\/\/guialimeira.com.br\/news\/wp-json\/wp\/v2\/types\/post"}],"author":[{"embeddable":true,"href":"https:\/\/guialimeira.com.br\/news\/wp-json\/wp\/v2\/users\/2"}],"replies":[{"embeddable":true,"href":"https:\/\/guialimeira.com.br\/news\/wp-json\/wp\/v2\/comments?post=25960"}],"version-history":[{"count":1,"href":"https:\/\/guialimeira.com.br\/news\/wp-json\/wp\/v2\/posts\/25960\/revisions"}],"predecessor-version":[{"id":25962,"href":"https:\/\/guialimeira.com.br\/news\/wp-json\/wp\/v2\/posts\/25960\/revisions\/25962"}],"wp:featuredmedia":[{"embeddable":true,"href":"https:\/\/guialimeira.com.br\/news\/wp-json\/wp\/v2\/media\/25961"}],"wp:attachment":[{"href":"https:\/\/guialimeira.com.br\/news\/wp-json\/wp\/v2\/media?parent=25960"}],"wp:term":[{"taxonomy":"category","embeddable":true,"href":"https:\/\/guialimeira.com.br\/news\/wp-json\/wp\/v2\/categories?post=25960"},{"taxonomy":"post_tag","embeddable":true,"href":"https:\/\/guialimeira.com.br\/news\/wp-json\/wp\/v2\/tags?post=25960"}],"curies":[{"name":"wp","href":"https:\/\/api.w.org\/{rel}","templated":true}]}}