{"id":25937,"date":"2025-03-07T11:13:01","date_gmt":"2025-03-07T14:13:01","guid":{"rendered":"https:\/\/guialimeira.com.br\/?p=25937"},"modified":"2025-03-07T11:13:03","modified_gmt":"2025-03-07T14:13:03","slug":"eleitores-de-limeira-podem-ter-titulo-cancelado-veja-como-regularizar","status":"publish","type":"post","link":"https:\/\/guialimeira.com.br\/news\/eleitores-de-limeira-podem-ter-titulo-cancelado-veja-como-regularizar\/","title":{"rendered":"Eleitores de Limeira podem ter t\u00edtulo cancelado: veja como regularizar"},"content":{"rendered":"\n<p class=\"wp-block-paragraph\">O <strong>Tribunal Regional Eleitoral de S\u00e3o Paulo (TRE-SP)<\/strong> divulgou um edital informando que eleitores de Limeira que <strong>n\u00e3o votaram nas tr\u00eas \u00faltimas elei\u00e7\u00f5es<\/strong> podem ter o t\u00edtulo cancelado. O <strong>juiz da 399\u00aa Zona Eleitoral, Dr. Rilton Jos\u00e9 Domingues<\/strong>, alerta que os cidad\u00e3os nessa situa\u00e7\u00e3o t\u00eam <strong>at\u00e9 o dia 19 de maio de 2025<\/strong> para regularizar sua inscri\u00e7\u00e3o eleitoral e evitar o cancelamento autom\u00e1tico.<\/p>\n\n\n\n<h2 class=\"wp-block-heading\"><strong>Quem pode ter o t\u00edtulo eleitoral cancelado?<\/strong><\/h2>\n\n\n\n<p class=\"wp-block-paragraph\">O edital publicado pelo juiz eleitoral destaca que a lista com os nomes dos eleitores em risco de cancelamento est\u00e1 dispon\u00edvel no cart\u00f3rio eleitoral e tamb\u00e9m pode ser consultada online no site do <strong>TRE-SP<\/strong>, acessando o <strong>Autoatendimento Eleitoral do TSE<\/strong>, na op\u00e7\u00e3o <strong>&#8220;T\u00edtulo Eleitoral &#8211; Consultar Situa\u00e7\u00e3o Eleitoral&#8221;<\/strong>.<\/p>\n\n\n\n<p class=\"wp-block-paragraph\">\ud83d\udccc <strong>Caso seu nome esteja na lista, \u00e9 necess\u00e1rio regularizar a situa\u00e7\u00e3o dentro do prazo estipulado.<\/strong><\/p>\n\n\n\n<h2 class=\"wp-block-heading\"><strong>Como regularizar o t\u00edtulo eleitoral?<\/strong><\/h2>\n\n\n\n<p class=\"wp-block-paragraph\">Os eleitores que deixaram de votar e n\u00e3o justificaram sua aus\u00eancia devem regularizar sua situa\u00e7\u00e3o at\u00e9 o <strong>dia 19 de maio de 2025<\/strong>, por meio de uma das seguintes op\u00e7\u00f5es:<\/p>\n\n\n\n<p class=\"wp-block-paragraph\">\u2705 <strong>Presencialmente:<\/strong> Comparecendo ao cart\u00f3rio eleitoral da 399\u00aa Zona Eleitoral de Limeira dentro do hor\u00e1rio de expediente.<br>\u2705 <strong>Online:<\/strong> Acessando o <strong>Autoatendimento Eleitoral<\/strong> no site do <strong>TSE<\/strong>.<br>\u2705 <strong>Aplicativo e-T\u00edtulo:<\/strong> O servi\u00e7o tamb\u00e9m est\u00e1 dispon\u00edvel via <strong>app e-T\u00edtulo<\/strong>, onde \u00e9 poss\u00edvel verificar a situa\u00e7\u00e3o eleitoral e realizar o pagamento de eventuais multas.<\/p>\n\n\n\n<h2 class=\"wp-block-heading\"><strong>O que acontece se o t\u00edtulo n\u00e3o for regularizado?<\/strong><\/h2>\n\n\n\n<p class=\"wp-block-paragraph\">Se a situa\u00e7\u00e3o n\u00e3o for resolvida dentro do prazo estabelecido, o <strong>t\u00edtulo eleitoral ser\u00e1 automaticamente cancelado<\/strong> a partir do dia <strong>20 de mar\u00e7o de 2025<\/strong>, conforme determina o artigo 131, \u00a72\u00ba, da Resolu\u00e7\u00e3o TSE n\u00ba 23.659\/2021.<\/p>\n\n\n\n<p class=\"wp-block-paragraph\">\ud83d\udd34 <strong>Consequ\u00eancias do cancelamento do t\u00edtulo eleitoral:<\/strong><\/p>\n\n\n\n<ul class=\"wp-block-list\">\n<li>Impedimento para <strong>tirar passaporte ou carteira de identidade<\/strong><\/li>\n\n\n\n<li>Restri\u00e7\u00e3o para <strong>assumir cargos p\u00fablicos<\/strong><\/li>\n\n\n\n<li>Dificuldade para <strong>realizar matr\u00edcula em institui\u00e7\u00f5es de ensino<\/strong><\/li>\n\n\n\n<li>Problemas no <strong>acesso a empr\u00e9stimos banc\u00e1rios e benef\u00edcios do governo<\/strong><\/li>\n<\/ul>\n\n\n\n<h2 class=\"wp-block-heading\"><strong>Fique atento ao prazo!<\/strong><\/h2>\n\n\n\n<p class=\"wp-block-paragraph\">A Justi\u00e7a Eleitoral refor\u00e7a a import\u00e2ncia de regularizar a situa\u00e7\u00e3o dentro do per\u00edodo estabelecido para evitar transtornos futuros. O edital completo est\u00e1 dispon\u00edvel no <strong>Sistema Editais do TRE-SP<\/strong> e tamb\u00e9m est\u00e1 afixado no cart\u00f3rio eleitoral de Limeira.<\/p>\n\n\n\n<p class=\"wp-block-paragraph\">\ud83d\udca1 <strong>Verifique sua situa\u00e7\u00e3o agora mesmo e evite o cancelamento do seu t\u00edtulo!<\/strong><\/p>\n","protected":false},"excerpt":{"rendered":"<p>O Tribunal Regional Eleitoral de S\u00e3o Paulo (TRE-SP) divulgou um edital informando que eleitores de Limeira que n\u00e3o votaram nas tr\u00eas \u00faltimas elei\u00e7\u00f5es podem ter o t\u00edtulo cancelado. O juiz da 399\u00aa Zona Eleitoral, Dr. Rilton Jos\u00e9 Domingues, alerta que os cidad\u00e3os nessa situa\u00e7\u00e3o t\u00eam at\u00e9 o dia 19 de maio de 2025 para regularizar [&hellip;]<\/p>\n","protected":false},"author":1,"featured_media":25938,"comment_status":"open","ping_status":"open","sticky":false,"template":"","format":"standard","meta":{"_jetpack_newsletter_access":"","_jetpack_dont_email_post_to_subs":false,"_jetpack_newsletter_tier_id":0,"_jetpack_memberships_contains_paywalled_content":false,"_mbp_banners":[],"_jetpack_feature_clip_id":0,"_jetpack_memberships_contains_paid_content":false,"footnotes":"","jetpack_publicize_message":"","jetpack_publicize_feature_enabled":true,"jetpack_social_post_already_shared":true,"jetpack_social_options":{"image_generator_settings":{"template":"highway","default_image_id":0,"font":"","enabled":false},"version":2},"jetpack_post_was_ever_published":false},"categories":[16,19],"tags":[],"class_list":["post-25937","post","type-post","status-publish","format-standard","has-post-thumbnail","category-local","category-politica"],"jetpack_publicize_connections":[],"jetpack-related-posts":[],"jetpack_shortlink":"https:\/\/wp.me\/p7Eq1F-6Kl","jetpack_sharing_enabled":true,"jetpack_featured_media_url":"https:\/\/i0.wp.com\/guialimeira.com.br\/news\/wp-content\/uploads\/2025\/03\/tre-sp_titulos_cancelados.jpg?fit=620%2C300&ssl=1","_links":{"self":[{"href":"https:\/\/guialimeira.com.br\/news\/wp-json\/wp\/v2\/posts\/25937","targetHints":{"allow":["GET"]}}],"collection":[{"href":"https:\/\/guialimeira.com.br\/news\/wp-json\/wp\/v2\/posts"}],"about":[{"href":"https:\/\/guialimeira.com.br\/news\/wp-json\/wp\/v2\/types\/post"}],"author":[{"embeddable":true,"href":"https:\/\/guialimeira.com.br\/news\/wp-json\/wp\/v2\/users\/1"}],"replies":[{"embeddable":true,"href":"https:\/\/guialimeira.com.br\/news\/wp-json\/wp\/v2\/comments?post=25937"}],"version-history":[{"count":1,"href":"https:\/\/guialimeira.com.br\/news\/wp-json\/wp\/v2\/posts\/25937\/revisions"}],"predecessor-version":[{"id":25939,"href":"https:\/\/guialimeira.com.br\/news\/wp-json\/wp\/v2\/posts\/25937\/revisions\/25939"}],"wp:featuredmedia":[{"embeddable":true,"href":"https:\/\/guialimeira.com.br\/news\/wp-json\/wp\/v2\/media\/25938"}],"wp:attachment":[{"href":"https:\/\/guialimeira.com.br\/news\/wp-json\/wp\/v2\/media?parent=25937"}],"wp:term":[{"taxonomy":"category","embeddable":true,"href":"https:\/\/guialimeira.com.br\/news\/wp-json\/wp\/v2\/categories?post=25937"},{"taxonomy":"post_tag","embeddable":true,"href":"https:\/\/guialimeira.com.br\/news\/wp-json\/wp\/v2\/tags?post=25937"}],"curies":[{"name":"wp","href":"https:\/\/api.w.org\/{rel}","templated":true}]}}