{"id":25934,"date":"2025-03-07T10:57:02","date_gmt":"2025-03-07T13:57:02","guid":{"rendered":"https:\/\/guialimeira.com.br\/2025\/03\/07\/saiba-quais-alimentos-terao-tarifa-zero-de-importacao\/"},"modified":"2025-03-07T10:57:02","modified_gmt":"2025-03-07T13:57:02","slug":"saiba-quais-alimentos-terao-tarifa-zero-de-importacao","status":"publish","type":"post","link":"https:\/\/guialimeira.com.br\/news\/saiba-quais-alimentos-terao-tarifa-zero-de-importacao\/","title":{"rendered":"Saiba quais alimentos ter\u00e3o tarifa zero de importa\u00e7\u00e3o"},"content":{"rendered":"<p> <br \/>\n<\/p>\n<div>\n<p>O governo federal anunciou, nesta quinta-feira (6), que vai <a href=\"https:\/\/agenciabrasil.ebc.com.br\/economia\/noticia\/2025-03\/governo-zera-tarifa-de-importacao-de-9-alimentos-para-reduzir-precos\" target=\"_blank\" rel=\"noopener\">zerar o imposto de importa\u00e7\u00e3o<\/a> de nove produtos aliment\u00edcios considerados essenciais. <strong>A medida tem o objetivo de reduzir os pre\u00e7os dos alimentos ao consumidor.<\/strong><img data-recalc-dims=\"1\" decoding=\"async\" src=\"https:\/\/i0.wp.com\/agenciabrasil.ebc.com.br\/ebc.png?w=696&#038;ssl=1\" style=\"width:1px; height:1px; display:inline;\"\/><img data-recalc-dims=\"1\" decoding=\"async\" src=\"https:\/\/i0.wp.com\/agenciabrasil.ebc.com.br\/ebc.gif?w=696&#038;ssl=1\" style=\"width:1px; height:1px; display:inline;\"\/><\/p>\n<p>Os alimentos que ter\u00e3o os tributos zerados s\u00e3o:<\/p>\n<ul>\n<li>Azeite (hoje 9%)<\/li>\n<li>Milho (hoje 7,2%)<\/li>\n<li>\u00d3leo de girassol (hoje at\u00e9 9%)<\/li>\n<li>Sardinha (hoje 32%)<\/li>\n<li>Biscoitos (hoje 16,2%)<\/li>\n<li>Massas aliment\u00edcias (macarr\u00e3o) (hoje 14,4%)<\/li>\n<li>Caf\u00e9 (hoje 9%)<\/li>\n<li>Carnes (hoje at\u00e9 10,8%)<\/li>\n<li>A\u00e7\u00facar (hoje at\u00e9 14%)<\/li>\n<\/ul>\n<p>Al\u00e9m deles, a cota de importa\u00e7\u00e3o do \u00f3leo de palma, atualmente em 65 mil toneladas, subir\u00e1 para 150 mil toneladas.<\/p>\n<p><strong>A redu\u00e7\u00e3o de tarifas entrar\u00e1 em vigor nos pr\u00f3ximos dias, ap\u00f3s serem aprovadas pela C\u00e2mara de Com\u00e9rcio Exterior (Camex).<\/strong><\/p>\n<h2>Medidas adicionais<\/h2>\n<p><strong>Outra medida \u00e9 a prioridade para os alimentos da cesta b\u00e1sica no pr\u00f3ximo Plano Safra<\/strong>, o programa que oferece financiamentos com juros subsidiados pelo governo para a produ\u00e7\u00e3o agr\u00edcola. <strong>O objetivo \u00e9 aumentar o est\u00edmulo a produtores rurais que produzam para o mercado interno.<\/strong><\/p>\n<p>Essa prioriza\u00e7\u00e3o tamb\u00e9m atinge os \u00f3leos de canola e de girassol, que s\u00e3o culturas de inverno.<\/p>\n<p>O governo ainda anunciou a forma\u00e7\u00e3o de estoques reguladores da Companhia Nacional de Abastecimento (Conab), ap\u00f3s a queda dos pre\u00e7os. <strong>No m\u00eas passado, a Conab havia pedido R$ 737 milh\u00f5es para reconstituir os estoques de alimentos desmantelados nos \u00faltimos anos.<\/strong><\/p>\n<h2>Regula\u00e7\u00e3o<\/h2>\n<p>Por fim, haver\u00e1 a extens\u00e3o do Servi\u00e7o de Inspe\u00e7\u00e3o Municipal (SIM) ao Sistema Brasileiro de Inspe\u00e7\u00e3o de Produtos de Origem Animal (Sisbi-POA). <strong>Esse sistema descentraliza as inspe\u00e7\u00f5es sanit\u00e1rias, permitindo que estados e munic\u00edpios fa\u00e7am o trabalho, mas poucas cidades aderiram ao Sisbi.<\/strong><\/p>\n<p>O SIM limita a venda dos produtos aos munic\u00edpios, enquanto o Sisbi permite que agricultores familiares consigam vender sua produ\u00e7\u00e3o para o todo o Brasil. O objetivo do governo \u00e9 possibilitar, pelo per\u00edodo de um ano, a comercializa\u00e7\u00e3o em todo o territ\u00f3rio nacional dos produtos que j\u00e1 foram devidamente certificados no \u00e2mbito municipal.<\/p>\n<p><strong>A medida alcan\u00e7a itens como leite fluido, mel, ovos e outros produtos. O governo pretende aumentar o n\u00famero de registro no sistema de 1.550 para 3 mil munic\u00edpios.<\/strong><\/p>\n<p>      <!-- Relacionada --><\/p>\n<p>            <!-- Relacionada -->\n    <\/div>\n<p><br \/>\n<br \/><a href=\"https:\/\/agenciabrasil.ebc.com.br\/economia\/noticia\/2025-03\/saiba-quais-alimentos-terao-tarifa-zero-de-importacao\" rel=\"noopener\">Ag\u00eancia Brasil<\/a><\/p>\n","protected":false},"excerpt":{"rendered":"<p>O governo federal anunciou, nesta quinta-feira (6), que vai zerar o imposto de importa\u00e7\u00e3o de nove produtos aliment\u00edcios considerados essenciais. A medida tem o objetivo de reduzir os pre\u00e7os dos alimentos ao consumidor. Os alimentos que ter\u00e3o os tributos zerados s\u00e3o: Azeite (hoje 9%) Milho (hoje 7,2%) \u00d3leo de girassol (hoje at\u00e9 9%) Sardinha (hoje [&hellip;]<\/p>\n","protected":false},"author":1,"featured_media":20940,"comment_status":"open","ping_status":"open","sticky":false,"template":"","format":"standard","meta":{"_jetpack_newsletter_access":"","_jetpack_dont_email_post_to_subs":false,"_jetpack_newsletter_tier_id":0,"_jetpack_memberships_contains_paywalled_content":false,"_mbp_banners":[],"_jetpack_feature_clip_id":0,"_jetpack_memberships_contains_paid_content":false,"footnotes":"","jetpack_publicize_message":"","jetpack_publicize_feature_enabled":true,"jetpack_social_post_already_shared":true,"jetpack_social_options":{"image_generator_settings":{"template":"highway","default_image_id":0,"font":"","enabled":false},"version":2},"jetpack_post_was_ever_published":false},"categories":[24],"tags":[],"class_list":["post-25934","post","type-post","status-publish","format-standard","has-post-thumbnail","category-economia"],"jetpack_publicize_connections":[],"jetpack-related-posts":[],"jetpack_shortlink":"https:\/\/wp.me\/p7Eq1F-6Ki","jetpack_sharing_enabled":true,"jetpack_featured_media_url":"https:\/\/i0.wp.com\/guialimeira.com.br\/news\/wp-content\/uploads\/2025\/01\/20.05.2020.supermercado_rio_de_janeiro_0520203149.jpg?fit=1600%2C800&ssl=1","_links":{"self":[{"href":"https:\/\/guialimeira.com.br\/news\/wp-json\/wp\/v2\/posts\/25934","targetHints":{"allow":["GET"]}}],"collection":[{"href":"https:\/\/guialimeira.com.br\/news\/wp-json\/wp\/v2\/posts"}],"about":[{"href":"https:\/\/guialimeira.com.br\/news\/wp-json\/wp\/v2\/types\/post"}],"author":[{"embeddable":true,"href":"https:\/\/guialimeira.com.br\/news\/wp-json\/wp\/v2\/users\/1"}],"replies":[{"embeddable":true,"href":"https:\/\/guialimeira.com.br\/news\/wp-json\/wp\/v2\/comments?post=25934"}],"version-history":[{"count":0,"href":"https:\/\/guialimeira.com.br\/news\/wp-json\/wp\/v2\/posts\/25934\/revisions"}],"wp:featuredmedia":[{"embeddable":true,"href":"https:\/\/guialimeira.com.br\/news\/wp-json\/wp\/v2\/media\/20940"}],"wp:attachment":[{"href":"https:\/\/guialimeira.com.br\/news\/wp-json\/wp\/v2\/media?parent=25934"}],"wp:term":[{"taxonomy":"category","embeddable":true,"href":"https:\/\/guialimeira.com.br\/news\/wp-json\/wp\/v2\/categories?post=25934"},{"taxonomy":"post_tag","embeddable":true,"href":"https:\/\/guialimeira.com.br\/news\/wp-json\/wp\/v2\/tags?post=25934"}],"curies":[{"name":"wp","href":"https:\/\/api.w.org\/{rel}","templated":true}]}}