{"id":2593,"date":"2024-04-24T11:53:52","date_gmt":"2024-04-24T14:53:52","guid":{"rendered":"https:\/\/guialimeira.com.br\/2024\/04\/24\/glauber-cunha-apresenta-stand-up-no-teatro-vitoria-nesta-sexta-26\/"},"modified":"2024-04-24T11:53:52","modified_gmt":"2024-04-24T14:53:52","slug":"glauber-cunha-apresenta-stand-up-no-teatro-vitoria-nesta-sexta-26","status":"publish","type":"post","link":"https:\/\/guialimeira.com.br\/news\/glauber-cunha-apresenta-stand-up-no-teatro-vitoria-nesta-sexta-26\/","title":{"rendered":"Glauber Cunha apresenta stand-up no Teatro Vit\u00f3ria, nesta sexta (26)"},"content":{"rendered":"<p> <br \/>\n<\/p>\n<div>\n            <main class=\"\">&#13;<br \/>\n                &#13;<br \/>\n&#13;<br \/>\n&#13;<br \/>\n&#13;<br \/>\n    <img data-recalc-dims=\"1\" decoding=\"async\" src=\"https:\/\/i0.wp.com\/ecrie.com.br\/sistema\/conteudos\/imagem\/m_137_0_1_24042024112133.jpeg?w=696&#038;ssl=1\" alt=\"Glauber Cunha apresenta stand-up no Teatro Vit\u00f3ria, nesta sexta (26)\"\/>&#13;<br \/>\n&#13;<\/p>\n<p dir=\"ltr\" style=\"text-align: justify;\">Nesta sexta-feira (26), Glauber Cunha apresenta o seu stand-up \u201cEu N\u00e3o Digo \u00e9 Nada\u201d, no Teatro Vit\u00f3ria Emiliano Bernardo da Silva, \u00e0s 20h. Os ingressos j\u00e1 est\u00e3o \u00e0 venda. A realiza\u00e7\u00e3o \u00e9 do Teatro GT, com o apoio da Prefeitura de Limeira, por meio da Secretaria de Cultura.<\/p>\n<p>&#13;<\/p>\n<p dir=\"ltr\" style=\"text-align: justify;\">No palco, Glauber Cunha interpreta Dona S\u00f4nia, sua personagem que ganhou a internet com mais de 700 milh\u00f5es de visualiza\u00e7\u00f5es. Dona S\u00f4nia \u00e9 uma m\u00e3e raiz e uma dona de casa que se dedica \u00e0 fam\u00edlia sempre com muito amor e carinho, mas sem deixar de ser firme na cria\u00e7\u00e3o dos seus filhos. A personagem conta um pouco de suas experi\u00eancias de vida, interagindo com a plateia sobre estas viv\u00eancias.<\/p>\n<p>&#13;<\/p>\n<p dir=\"ltr\" style=\"text-align: justify;\">Os ingressos para plateia custam R$ 90 (inteira), R$ 45 (meia-entrada e Clube GT) e R$ 70 (mediante 1kg de alimento n\u00e3o perec\u00edvel). J\u00e1 os ingressos para mezanino custam R$ 70 (inteira), R$ 35 (meia-entrada e Clube GT) e R$ 50 (mediante 1kg de alimento n\u00e3o perec\u00edvel). Podem ser adquiridos pelo link\u00a0<a href=\"https:\/\/www.ticketfacil.com.br\/eventos\/tv-eu-nao-digo-e-nada-dona-sonia-com-glauber-cunha.aspx\" target=\"_blank\" rel=\"noopener noreferrer\" data-saferedirecturl=\"https:\/\/www.google.com\/url?q=https:\/\/www.ticketfacil.com.br\/eventos\/tv-eu-nao-digo-e-nada-dona-sonia-com-glauber-cunha.aspx&amp;source=gmail&amp;ust=1714054552557000&amp;usg=AOvVaw1lSL5nKGuUOlEqwTT-p2Nt\">https:\/\/www.ticketfacil.<wbr\/>com.br\/eventos\/tv-eu-nao-digo-<wbr\/>e-nada-dona-sonia-com-glauber-<wbr\/>cunha.aspx<\/a>\u00a0ou na bilheteria do teatro, de quarta a sexta-feira, das 11h \u00e1s 17h.<\/p>\n<p>&#13;<\/p>\n<div class=\"adL\">\n<div class=\"im\">\n<p dir=\"ltr\" style=\"text-align: justify;\">O Teatro Vit\u00f3ria fica na Pra\u00e7a Toledo de Barros, s\/n &#8211; Centro.<\/p>\n<\/div>\n<\/div>\n<p>&#13;<br \/>\n&#13;<br \/>\n&#13;<br \/>\n&#13;<\/p>\n<aside class=\"list-related no-print\">&#13;<br \/>\n        &#13;<br \/>\n&#13;<\/p>\n<article class=\"list-item noticias \">&#13;<br \/>\n                    <a class=\"list-item__img\" href=\"https:\/\/limeira.sp.gov.br\/imprensa\/noticias\/cultura\/orquestra-de-violeiros-tom-da-terra-se-apresenta-na-praca-maria-buzolin\" tabindex=\"-1\" aria-hidden=\"true\" rel=\"noopener\">&#13;<br \/>\n                        <img data-recalc-dims=\"1\" decoding=\"async\" src=\"https:\/\/i0.wp.com\/ecrie.com.br\/sistema\/conteudos\/imagem\/m_137_0_1_24042024111925.jpeg?w=696&#038;ssl=1\" alt=\"Orquestra de violeiros Tom da Terra se apresenta na Pra\u00e7a Maria Buzolin\"\/>&#13;<br \/>\n                    <\/a>&#13;<br \/>\n&#13;<br \/>\n                &#13;<br \/>\n            <\/article>\n<p>&#13;<\/p>\n<article class=\"list-item noticias \">&#13;<br \/>\n                    <a class=\"list-item__img\" href=\"https:\/\/limeira.sp.gov.br\/imprensa\/noticias\/cultura\/grupo-reminiscencias-apresenta-show-gratuito-nesta-quinta-25\" tabindex=\"-1\" aria-hidden=\"true\" rel=\"noopener\">&#13;<br \/>\n                        <img data-recalc-dims=\"1\" decoding=\"async\" src=\"https:\/\/i0.wp.com\/ecrie.com.br\/sistema\/conteudos\/imagem\/m_137_0_1_21032024140937.jpg?w=696&#038;ssl=1\" alt=\"Grupo Reminisc\u00eancias apresenta show gratuito nesta quinta (25)\"\/>&#13;<br \/>\n                    <\/a>&#13;<br \/>\n&#13;<br \/>\n                &#13;<br \/>\n            <\/article>\n<p>&#13;<\/p>\n<article class=\"list-item noticias \">&#13;<br \/>\n                    <a class=\"list-item__img\" href=\"https:\/\/limeira.sp.gov.br\/imprensa\/noticias\/cultura\/festa-do-trabalhador-acontece-na-proxima-semana-no-horto-florestal\" tabindex=\"-1\" aria-hidden=\"true\" rel=\"noopener\">&#13;<br \/>\n                        <img data-recalc-dims=\"1\" decoding=\"async\" src=\"https:\/\/i0.wp.com\/ecrie.com.br\/sistema\/conteudos\/imagem\/m_137_0_1_23042024090954.jpeg?w=696&#038;ssl=1\" alt=\"Festa do Trabalhador acontece na pr\u00f3xima semana, no Horto Florestal\"\/>&#13;<br \/>\n                    <\/a>&#13;<br \/>\n&#13;<br \/>\n                &#13;<br \/>\n            <\/article>\n<p>&#13;<br \/>\n    <\/aside>\n<p>&#13;<br \/>\n&#13;<br \/>\n            <\/main><\/p><\/div>\n<p><br \/>\n<br \/><a href=\"https:\/\/limeira.sp.gov.br\/glauber-cunha-apresenta-stand-up-no-teatro-vitoria-nesta-sexta-26\" rel=\"noopener\">Informa\u00e7\u00f5es da PML <\/a><\/p>\n","protected":false},"excerpt":{"rendered":"<p>&#13; &#13; &#13; &#13; &#13; &#13; &#13; Nesta sexta-feira (26), Glauber Cunha apresenta o seu stand-up \u201cEu N\u00e3o Digo \u00e9 Nada\u201d, no Teatro Vit\u00f3ria Emiliano Bernardo da Silva, \u00e0s 20h. Os ingressos j\u00e1 est\u00e3o \u00e0 venda. A realiza\u00e7\u00e3o \u00e9 do Teatro GT, com o apoio da Prefeitura de Limeira, por meio da Secretaria de Cultura. [&hellip;]<\/p>\n","protected":false},"author":1,"featured_media":2594,"comment_status":"open","ping_status":"open","sticky":false,"template":"","format":"standard","meta":{"_jetpack_newsletter_access":"","_jetpack_dont_email_post_to_subs":false,"_jetpack_newsletter_tier_id":0,"_jetpack_memberships_contains_paywalled_content":false,"_mbp_banners":[],"_jetpack_feature_clip_id":0,"_jetpack_memberships_contains_paid_content":false,"footnotes":"","jetpack_publicize_message":"","jetpack_publicize_feature_enabled":true,"jetpack_social_post_already_shared":true,"jetpack_social_options":{"image_generator_settings":{"template":"highway","default_image_id":0,"font":"","enabled":false},"version":2},"jetpack_post_was_ever_published":false},"categories":[16],"tags":[],"class_list":["post-2593","post","type-post","status-publish","format-standard","has-post-thumbnail","category-local"],"jetpack_publicize_connections":[],"jetpack-related-posts":[],"jetpack_shortlink":"https:\/\/wp.me\/p7Eq1F-FP","jetpack_sharing_enabled":true,"jetpack_featured_media_url":"https:\/\/i0.wp.com\/guialimeira.com.br\/news\/wp-content\/uploads\/2024\/04\/m_137_0_1_24042024112133.jpeg?fit=900%2C900&ssl=1","_links":{"self":[{"href":"https:\/\/guialimeira.com.br\/news\/wp-json\/wp\/v2\/posts\/2593","targetHints":{"allow":["GET"]}}],"collection":[{"href":"https:\/\/guialimeira.com.br\/news\/wp-json\/wp\/v2\/posts"}],"about":[{"href":"https:\/\/guialimeira.com.br\/news\/wp-json\/wp\/v2\/types\/post"}],"author":[{"embeddable":true,"href":"https:\/\/guialimeira.com.br\/news\/wp-json\/wp\/v2\/users\/1"}],"replies":[{"embeddable":true,"href":"https:\/\/guialimeira.com.br\/news\/wp-json\/wp\/v2\/comments?post=2593"}],"version-history":[{"count":0,"href":"https:\/\/guialimeira.com.br\/news\/wp-json\/wp\/v2\/posts\/2593\/revisions"}],"wp:featuredmedia":[{"embeddable":true,"href":"https:\/\/guialimeira.com.br\/news\/wp-json\/wp\/v2\/media\/2594"}],"wp:attachment":[{"href":"https:\/\/guialimeira.com.br\/news\/wp-json\/wp\/v2\/media?parent=2593"}],"wp:term":[{"taxonomy":"category","embeddable":true,"href":"https:\/\/guialimeira.com.br\/news\/wp-json\/wp\/v2\/categories?post=2593"},{"taxonomy":"post_tag","embeddable":true,"href":"https:\/\/guialimeira.com.br\/news\/wp-json\/wp\/v2\/tags?post=2593"}],"curies":[{"name":"wp","href":"https:\/\/api.w.org\/{rel}","templated":true}]}}