{"id":25917,"date":"2025-03-07T07:54:25","date_gmt":"2025-03-07T10:54:25","guid":{"rendered":"https:\/\/guialimeira.com.br\/2025\/03\/07\/pagamento-especial-do-saque-aniversario-do-fgts-continua-hoje\/"},"modified":"2025-03-07T07:54:25","modified_gmt":"2025-03-07T10:54:25","slug":"pagamento-especial-do-saque-aniversario-do-fgts-continua-hoje","status":"publish","type":"post","link":"https:\/\/guialimeira.com.br\/news\/pagamento-especial-do-saque-aniversario-do-fgts-continua-hoje\/","title":{"rendered":"Pagamento especial do saque-anivers\u00e1rio do FGTS continua hoje"},"content":{"rendered":"<p> <br \/>\n<\/p>\n<div>\n<p>Os trabalhadores que aderiram ao saque-anivers\u00e1rio do Fundo de Garantia do Tempo de Servi\u00e7o (FGTS) e foram demitidos sem justa causa de janeiro de 2020 at\u00e9 o fim de fevereiro deste ano, <strong>continuam a receber, nesta sexta-feira (7), o saldo integral dos dep\u00f3sitos dos antigos empregadores<\/strong>. O dinheiro estava bloqueado para quem optou por essa modalidade de saque, mas foi liberado por uma <a href=\"https:\/\/www.in.gov.br\/web\/dou\/-\/medida-provisoria-n-1.290-de-28-de-fevereiro-de-2025-615734004\" target=\"_blank\" rel=\"noopener\">medida provis\u00f3ria (MP)<\/a>.<img data-recalc-dims=\"1\" decoding=\"async\" src=\"https:\/\/i0.wp.com\/agenciabrasil.ebc.com.br\/ebc.png?w=696&#038;ssl=1\" style=\"width:1px; height:1px; display:inline;\"\/><img data-recalc-dims=\"1\" decoding=\"async\" src=\"https:\/\/i0.wp.com\/agenciabrasil.ebc.com.br\/ebc.gif?w=696&#038;ssl=1\" style=\"width:1px; height:1px; display:inline;\"\/><\/p>\n<p><strong>Recebem nesta sexta-feira os trabalhadores nascidos em maio, junho, julho e agosto.<\/strong> Nesta etapa ser\u00e3o feitos pagamentos de at\u00e9 R$ 3 mil. Quem tem saldo retido maior que esse valor receber\u00e1 a diferen\u00e7a em junho.<\/p>\n<p>A MP que permitiu o saque antecipado foi publicada na sexta-feira (28) no <em>Di\u00e1rio Oficial da Uni\u00e3o<\/em>. <strong>O governo esclareceu que a MP \u00e9 excepcional e retroativa, n\u00e3o beneficiando os futuros demitidos.<\/strong><\/p>\n<p>Ao todo, ser\u00e3o beneficiados 12,1 milh\u00f5es de trabalhadores, que <strong>receber\u00e3o R$ 12 bilh\u00f5es<\/strong>.\u00a0<\/p>\n<p>Os trabalhadores dispensados sem justa causa a partir de mar\u00e7o e que optaram pelo saque-anivers\u00e1rio continuar\u00e3o a ter o saldo retido, recebendo apenas a multa rescis\u00f3ria de 40%. <strong>As demais regras do saque-anivers\u00e1rio n\u00e3o foram alteradas.<\/strong><\/p>\n<p><a href=\"https:\/\/agenciabrasil.ebc.com.br\/economia\/noticia\/2025-03\/entenda-nova-rodada-de-saques-do-fgts-quem-tem-saque-aniversario\" target=\"_blank\" rel=\"noopener\">Entenda a nova rodada de saques do FGTS para quem tem saque-anivers\u00e1rio<\/a><\/p>\n<p>Dos 12,1 milh\u00f5es de trabalhadores beneficiados, <strong>apenas 2,5 milh\u00f5es v\u00e3o ter direito ao saldo integral dos dep\u00f3sitos feitos pelos antigos empregadores no FGTS<\/strong>. Os 9,6 milh\u00f5es restantes ter\u00e3o descontada a antecipa\u00e7\u00e3o do saque-anivers\u00e1rio, tipo de empr\u00e9stimo oferecido por institui\u00e7\u00f5es financeiras.<\/p>\n<p><strong>O dinheiro ser\u00e1 pago pela Caixa Econ\u00f4mica Federal em duas etapas<\/strong>: uma em mar\u00e7o e outra em junho. Quem cadastrou a conta banc\u00e1ria no aplicativo FGTS, cerca de 85% do p\u00fablico-alvo, receber\u00e1 independentemente do m\u00eas de nascimento.<\/p>\n<h2>Calend\u00e1rio<\/h2>\n<p><strong>Valores at\u00e9 R$ 3 mil<\/strong><\/p>\n<ul>\n<li>\u00a0\u00a0 \u00a0 6 de marc\u0327o: nascidos em janeiro, fevereiro, marc\u0327o e abril e quem vinculou a conta banc\u00e1ria ao aplicativo FGTS;<\/li>\n<li>\u00a0\u00a0 \u00a0 7 de marc\u0327o: nascidos em maio, junho, julho e agosto;<\/li>\n<li>\u00a0\u00a0 \u00a0 10 de marc\u0327o: nascidos em setembro, outubro, novembro e dezembro.<\/li>\n<\/ul>\n<p><strong>Valores acima de R$ 3 mil<\/strong><\/p>\n<ul>\n<li>\u00a0\u00a0 \u00a0 Diferen\u00e7a entre os R$ 3 mil sacados em mar\u00e7o e o restante do saldo bloqueado;<\/li>\n<li>\u00a0\u00a0 \u00a0 17 de junho: nascidos janeiro, fevereiro, marc\u0327o e abril e nascidos em janeiro, fevereiro, marc\u0327o e abril e quem vinculou a conta banc\u00e1ria ao aplicativo FGTS;<\/li>\n<li>\u00a0\u00a0 \u00a0 18 de junho: nascidos em maio, junho, julho e agosto;<\/li>\n<li>\u00a0\u00a0\u00a0\u00a0 20 de junho: nascidos em setembro, outubro, novembro e dezembro.<\/li>\n<\/ul>\n<p>      <!-- Relacionada --><\/p>\n<p>            <!-- Relacionada -->\n    <\/div>\n<p><br \/>\n<br \/><a href=\"https:\/\/agenciabrasil.ebc.com.br\/economia\/noticia\/2025-03\/pagamento-especial-do-saque-aniversario-do-fgts-continua-hoje\" rel=\"noopener\">Ag\u00eancia Brasil<\/a><\/p>\n","protected":false},"excerpt":{"rendered":"<p>Os trabalhadores que aderiram ao saque-anivers\u00e1rio do Fundo de Garantia do Tempo de Servi\u00e7o (FGTS) e foram demitidos sem justa causa de janeiro de 2020 at\u00e9 o fim de fevereiro deste ano, continuam a receber, nesta sexta-feira (7), o saldo integral dos dep\u00f3sitos dos antigos empregadores. O dinheiro estava bloqueado para quem optou por essa [&hellip;]<\/p>\n","protected":false},"author":1,"featured_media":13275,"comment_status":"open","ping_status":"open","sticky":false,"template":"","format":"standard","meta":{"_jetpack_newsletter_access":"","_jetpack_dont_email_post_to_subs":false,"_jetpack_newsletter_tier_id":0,"_jetpack_memberships_contains_paywalled_content":false,"_mbp_banners":[],"_jetpack_feature_clip_id":0,"_jetpack_memberships_contains_paid_content":false,"footnotes":"","jetpack_publicize_message":"","jetpack_publicize_feature_enabled":true,"jetpack_social_post_already_shared":true,"jetpack_social_options":{"image_generator_settings":{"template":"highway","default_image_id":0,"font":"","enabled":false},"version":2},"jetpack_post_was_ever_published":false},"categories":[24],"tags":[],"class_list":["post-25917","post","type-post","status-publish","format-standard","has-post-thumbnail","category-economia"],"jetpack_publicize_connections":[],"jetpack-related-posts":[],"jetpack_shortlink":"https:\/\/wp.me\/p7Eq1F-6K1","jetpack_sharing_enabled":true,"jetpack_featured_media_url":"https:\/\/i0.wp.com\/guialimeira.com.br\/news\/wp-content\/uploads\/2024\/08\/mg_8465.jpg?fit=1600%2C800&ssl=1","_links":{"self":[{"href":"https:\/\/guialimeira.com.br\/news\/wp-json\/wp\/v2\/posts\/25917","targetHints":{"allow":["GET"]}}],"collection":[{"href":"https:\/\/guialimeira.com.br\/news\/wp-json\/wp\/v2\/posts"}],"about":[{"href":"https:\/\/guialimeira.com.br\/news\/wp-json\/wp\/v2\/types\/post"}],"author":[{"embeddable":true,"href":"https:\/\/guialimeira.com.br\/news\/wp-json\/wp\/v2\/users\/1"}],"replies":[{"embeddable":true,"href":"https:\/\/guialimeira.com.br\/news\/wp-json\/wp\/v2\/comments?post=25917"}],"version-history":[{"count":0,"href":"https:\/\/guialimeira.com.br\/news\/wp-json\/wp\/v2\/posts\/25917\/revisions"}],"wp:featuredmedia":[{"embeddable":true,"href":"https:\/\/guialimeira.com.br\/news\/wp-json\/wp\/v2\/media\/13275"}],"wp:attachment":[{"href":"https:\/\/guialimeira.com.br\/news\/wp-json\/wp\/v2\/media?parent=25917"}],"wp:term":[{"taxonomy":"category","embeddable":true,"href":"https:\/\/guialimeira.com.br\/news\/wp-json\/wp\/v2\/categories?post=25917"},{"taxonomy":"post_tag","embeddable":true,"href":"https:\/\/guialimeira.com.br\/news\/wp-json\/wp\/v2\/tags?post=25917"}],"curies":[{"name":"wp","href":"https:\/\/api.w.org\/{rel}","templated":true}]}}