{"id":25912,"date":"2025-03-07T01:52:59","date_gmt":"2025-03-07T04:52:59","guid":{"rendered":"https:\/\/guialimeira.com.br\/?p=25912"},"modified":"2025-03-07T01:52:59","modified_gmt":"2025-03-07T04:52:59","slug":"lu-bogo-solicita-estudo-de-sincronizacao-de-semaforos-na-avenida-laranjeiras","status":"publish","type":"post","link":"https:\/\/guialimeira.com.br\/news\/lu-bogo-solicita-estudo-de-sincronizacao-de-semaforos-na-avenida-laranjeiras\/","title":{"rendered":"Lu Bogo solicita estudo de sincroniza\u00e7\u00e3o de sem\u00e1foros na avenida Laranjeiras"},"content":{"rendered":"\n<figure class=\"wp-block-gallery has-nested-images columns-default is-cropped wp-block-gallery-1 is-layout-flex wp-block-gallery-is-layout-flex\"><\/figure>\n \r\n<br><img data-recalc-dims=\"1\" decoding=\"async\" src=\"https:\/\/i0.wp.com\/guialimeira.com.br\/wp-content\/uploads\/2025\/03\/2025-03-03_lu-bogo-solicita-estudo-de-sincronizacao-de-semaforos-na-avenida-laranjeiras_1.jpg?w=696&#038;ssl=1\" \/><br><div>\n\t\t\t\t\t<p>Moradores e comerciantes da avenida Laranjeiras, esquina com rua Tangerina, pr\u00f3ximo ao n\u00famero 1064 (Refrilav), relataram \u00e0 vereadora Lu Bogo (PL) e ao vice-prefeito Fabiano D\u2019Andrea a respeito dos dois sem\u00e1foros n\u00e3o sincronizados\u00a0 que est\u00e3o confundindo os motoristas que transitam diariamente nesta regi\u00e3o, ocasionando acidentes.\u00a0<\/p><p>Na \u00faltima ter\u00e7a-feira, 25 de fevereiro, percorrendo o trecho, a vereadora e o vice-prefeito viram a dificuldade dos motoristas em atravessar o sem\u00e1foro. \u201cEnquanto um sem\u00e1foro sinaliza para seguir, o outro sinaliza pare, confundindo os motoristas. O correto seria um estudo para sincronizar os sem\u00e1foros ou outra alternativa para melhor informar os motoristas. Ou para ou segue\u201d, pediu a vereadora.<\/p><p>\u201cEste estudo \u00e9 necess\u00e1rio para resguardar os motoristas, motociclistas, pedestres que transitam diariamente por este trecho, que \u00e9 trajeto de muitos estudantes. Neste local j\u00e1 ocorreram acidentes e muitas discuss\u00f5es. Que as possibilidades de melhorar a sinaliza\u00e7\u00e3o de solo, a sincronia dos sem\u00e1foros seja verificada. Tudo que queremos \u00e9 um tr\u00e2nsito mais seguro. Preservar vidas\u201d, argumentou Lu Bogo.<\/p><p>O vice-prefeito Fabiano D\u2019Andrea pediu \u00e0 vereadora para formalizar o pedido via Indica\u00e7\u00e3o e informou que vai acompanhar a demanda. A Indica\u00e7\u00e3o foi protocolada no \u00faltimo dia 20.<\/p><p><i>Do Gabinete Parlamentar &#8211; Lu Bogo (PL)<\/i><\/p><p><strong>As mat\u00e9rias de origem dos Gabinetes Parlamentares s\u00e3o de inteira\u00a0 responsabilidade dos parlamentares e de\u00a0 suas assessorias. S\u00e3o devidamente assinadas e n\u00e3o refletem, necessariamente, a opini\u00e3o institucional da C\u00e2mara Municipal de Limeira.<\/strong><\/p>\t\t\t\t<\/div>\r\n<br>\r\n<br><a href=\"https:\/\/www.limeira.sp.leg.br\/noticias\/view\/2025-03-03_lu-bogo-solicita-estudo-de-sincronizacao-de-semaforos-na-avenida-laranjeiras\" rel=\"noopener\">Informa\u00e7\u00f5es CML <\/a>","protected":false},"excerpt":{"rendered":"<p>Moradores e comerciantes da avenida Laranjeiras, esquina com rua Tangerina, pr\u00f3ximo ao n\u00famero 1064 (Refrilav), relataram \u00e0 vereadora Lu Bogo (PL) e ao vice-prefeito Fabiano D\u2019Andrea a respeito dos dois sem\u00e1foros n\u00e3o sincronizados\u00a0 que est\u00e3o confundindo os motoristas que transitam diariamente nesta regi\u00e3o, ocasionando acidentes.\u00a0 Na \u00faltima ter\u00e7a-feira, 25 de fevereiro, percorrendo o trecho, a [&hellip;]<\/p>\n","protected":false},"author":1,"featured_media":25913,"comment_status":"open","ping_status":"open","sticky":false,"template":"","format":"standard","meta":{"_jetpack_newsletter_access":"","_jetpack_dont_email_post_to_subs":false,"_jetpack_newsletter_tier_id":0,"_jetpack_memberships_contains_paywalled_content":false,"_mbp_banners":[],"_jetpack_feature_clip_id":0,"_jetpack_memberships_contains_paid_content":false,"footnotes":"","jetpack_publicize_message":"","jetpack_publicize_feature_enabled":true,"jetpack_social_post_already_shared":true,"jetpack_social_options":{"image_generator_settings":{"template":"highway","default_image_id":0,"font":"","enabled":false},"version":2},"jetpack_post_was_ever_published":false},"categories":[19],"tags":[],"class_list":["post-25912","post","type-post","status-publish","format-standard","has-post-thumbnail","category-politica"],"jetpack_publicize_connections":[],"jetpack-related-posts":[],"jetpack_shortlink":"https:\/\/wp.me\/p7Eq1F-6JW","jetpack_sharing_enabled":true,"jetpack_featured_media_url":"https:\/\/i0.wp.com\/guialimeira.com.br\/news\/wp-content\/uploads\/2025\/03\/Lu-Bogo-solicita-estudo-de-sincronizacao-de-semaforos-na-avenida.jpg?fit=1280%2C640&ssl=1","_links":{"self":[{"href":"https:\/\/guialimeira.com.br\/news\/wp-json\/wp\/v2\/posts\/25912","targetHints":{"allow":["GET"]}}],"collection":[{"href":"https:\/\/guialimeira.com.br\/news\/wp-json\/wp\/v2\/posts"}],"about":[{"href":"https:\/\/guialimeira.com.br\/news\/wp-json\/wp\/v2\/types\/post"}],"author":[{"embeddable":true,"href":"https:\/\/guialimeira.com.br\/news\/wp-json\/wp\/v2\/users\/1"}],"replies":[{"embeddable":true,"href":"https:\/\/guialimeira.com.br\/news\/wp-json\/wp\/v2\/comments?post=25912"}],"version-history":[{"count":1,"href":"https:\/\/guialimeira.com.br\/news\/wp-json\/wp\/v2\/posts\/25912\/revisions"}],"predecessor-version":[{"id":25914,"href":"https:\/\/guialimeira.com.br\/news\/wp-json\/wp\/v2\/posts\/25912\/revisions\/25914"}],"wp:featuredmedia":[{"embeddable":true,"href":"https:\/\/guialimeira.com.br\/news\/wp-json\/wp\/v2\/media\/25913"}],"wp:attachment":[{"href":"https:\/\/guialimeira.com.br\/news\/wp-json\/wp\/v2\/media?parent=25912"}],"wp:term":[{"taxonomy":"category","embeddable":true,"href":"https:\/\/guialimeira.com.br\/news\/wp-json\/wp\/v2\/categories?post=25912"},{"taxonomy":"post_tag","embeddable":true,"href":"https:\/\/guialimeira.com.br\/news\/wp-json\/wp\/v2\/tags?post=25912"}],"curies":[{"name":"wp","href":"https:\/\/api.w.org\/{rel}","templated":true}]}}