{"id":2591,"date":"2024-04-24T11:48:46","date_gmt":"2024-04-24T14:48:46","guid":{"rendered":"https:\/\/guialimeira.com.br\/2024\/04\/24\/cnbb-pede-a-parlamentares-que-mantenham-veto-a-lei-da-saidinha\/"},"modified":"2024-04-24T11:48:46","modified_gmt":"2024-04-24T14:48:46","slug":"cnbb-pede-a-parlamentares-que-mantenham-veto-a-lei-da-saidinha","status":"publish","type":"post","link":"https:\/\/guialimeira.com.br\/news\/cnbb-pede-a-parlamentares-que-mantenham-veto-a-lei-da-saidinha\/","title":{"rendered":"CNBB pede a parlamentares que mantenham veto \u00e0 lei da saidinha"},"content":{"rendered":"<p> <br \/>\n<\/p>\n<div>\n<p>A Confer\u00eancia Nacional dos Bispos do Brasil (CNBB) divulgou uma nota na qual pede ao Congresso Nacional que mantenha o <a href=\"https:\/\/agenciabrasil.ebc.com.br\/geral\/noticia\/2024-04\/lula-sanciona-com-veto-projeto-que-proibe-saidinha-de-presos\" target=\"_blank\" rel=\"noopener\">veto do presidente Luiz In\u00e1cio Lula da Silva ao projeto de lei que acaba com as sa\u00eddas tempor\u00e1rias de presos<\/a> em feriados e datas comemorativas.<img data-recalc-dims=\"1\" decoding=\"async\" src=\"https:\/\/i0.wp.com\/agenciabrasil.ebc.com.br\/ebc.png?w=696&#038;ssl=1\" style=\"width:1px; height:1px; display:inline;\"\/><img data-recalc-dims=\"1\" decoding=\"async\" src=\"https:\/\/i0.wp.com\/agenciabrasil.ebc.com.br\/ebc.gif?w=696&#038;ssl=1\" style=\"width:1px; height:1px; display:inline;\"\/><\/p>\n<p>O veto presidencial vale apenas para detentos que j\u00e1 est\u00e3o em regime semiaberto, mantendo proibida a saidinha para condenados por crimes hediondos e violentos, como estupro, homic\u00eddio e tr\u00e1fico de drogas.<\/p>\n<p>A legisla\u00e7\u00e3o atual permite aos presos no semiaberto, que j\u00e1 cumpriram um sexto do total da pena e que t\u00eam bom comportamento, que deixem o pres\u00eddio por 5 dias para visitar a fam\u00edlia em feriados, estudar fora ou participar de atividades de ressocializa\u00e7\u00e3o.<\/p>\n<p>\u201cA CNBB manifesta ao Congresso Nacional, em conson\u00e2ncia com sua tradi\u00e7\u00e3o explicitada na doutrina social da Igreja e com os objetivos do sistema penal brasileiro, que o veto parcial submetido aos parlamentares para avalia\u00e7\u00e3o seja mantido\u201d, diz a nota divulgada na ter\u00e7a-feira (23) pela confedera\u00e7\u00e3o.<\/p>\n<h2>Premissas da Igreja<\/h2>\n<p>A CNBB lembra que \u201ca Doutrina Social da Igreja reconhece a legitimidade do Estado para infligir as penas proporcionais \u00e0 gravidade dos delitos. Ao lado dessa dimens\u00e3o, o sistema estatal deve favorecer a reinser\u00e7\u00e3o das pessoas condenadas e promover uma justi\u00e7a reconciliadora\u201d.<\/p>\n<p>\u201cA legisla\u00e7\u00e3o brasileira tem as mesmas premissas de reinser\u00e7\u00e3o gradual de nossas irm\u00e3s e irm\u00e3os na sociedade. As sa\u00eddas tempor\u00e1rias no decorrer do cumprimento da pena respondem a essas premissas\u201d, diz a nota.<\/p>\n<p>A mensagem da CNBB finaliza com uma cita\u00e7\u00e3o do Papa Francisco: \u201cNunca sufoquem a pequena chama de esperan\u00e7a. Reavivar esta pequena chama \u00e9 dever de todos. Cabe a toda a sociedade aliment\u00e1-lo, fazer de forma que a penalidade n\u00e3o comprometa o direito \u00e0 esperan\u00e7a, que sejam garantidas perspectivas de reconcilia\u00e7\u00e3o e de reintegra\u00e7\u00e3o. Enquanto os erros do passado s\u00e3o remediados, n\u00e3o se pode cancelar a esperan\u00e7a no futuro\u201d.<\/p>\n<p>Antes de ser sancionado pelo presidente da Rep\u00fablica, o <a href=\"https:\/\/agenciabrasil.ebc.com.br\/politica\/noticia\/2024-03\/camara-aprova-fim-da-saidinha-de-presos-projeto-vai-sancao\" target=\"_blank\" rel=\"noopener\">projeto foi aprovado pela C\u00e2mara dos Deputados e pelo Senado<\/a>. A parte da lei que foi vetada ser\u00e1 reavaliada pelo Congresso, que poder\u00e1 derrubar o veto do presidente.<\/p>\n<\/p><\/div>\n<p><br \/>\n<br \/><a href=\"https:\/\/agenciabrasil.ebc.com.br\/geral\/noticia\/2024-04\/cnbb-pede-parlamentares-que-mantenham-veto-lei-da-saidinha\" rel=\"noopener\">Ag\u00eancia Brasil<\/a><\/p>\n","protected":false},"excerpt":{"rendered":"<p>A Confer\u00eancia Nacional dos Bispos do Brasil (CNBB) divulgou uma nota na qual pede ao Congresso Nacional que mantenha o veto do presidente Luiz In\u00e1cio Lula da Silva ao projeto de lei que acaba com as sa\u00eddas tempor\u00e1rias de presos em feriados e datas comemorativas. O veto presidencial vale apenas para detentos que j\u00e1 est\u00e3o [&hellip;]<\/p>\n","protected":false},"author":1,"featured_media":2592,"comment_status":"open","ping_status":"open","sticky":false,"template":"","format":"standard","meta":{"_jetpack_newsletter_access":"","_jetpack_dont_email_post_to_subs":false,"_jetpack_newsletter_tier_id":0,"_jetpack_memberships_contains_paywalled_content":false,"_mbp_banners":[],"_jetpack_feature_clip_id":0,"_jetpack_memberships_contains_paid_content":false,"footnotes":"","jetpack_publicize_message":"","jetpack_publicize_feature_enabled":true,"jetpack_social_post_already_shared":true,"jetpack_social_options":{"image_generator_settings":{"template":"highway","default_image_id":0,"font":"","enabled":false},"version":2},"jetpack_post_was_ever_published":false},"categories":[1],"tags":[],"class_list":["post-2591","post","type-post","status-publish","format-standard","has-post-thumbnail","category-geral"],"jetpack_publicize_connections":[],"jetpack-related-posts":[],"jetpack_shortlink":"https:\/\/wp.me\/p7Eq1F-FN","jetpack_sharing_enabled":true,"jetpack_featured_media_url":"https:\/\/i0.wp.com\/guialimeira.com.br\/news\/wp-content\/uploads\/2024\/04\/saidao_1.jpg?fit=1600%2C800&ssl=1","_links":{"self":[{"href":"https:\/\/guialimeira.com.br\/news\/wp-json\/wp\/v2\/posts\/2591","targetHints":{"allow":["GET"]}}],"collection":[{"href":"https:\/\/guialimeira.com.br\/news\/wp-json\/wp\/v2\/posts"}],"about":[{"href":"https:\/\/guialimeira.com.br\/news\/wp-json\/wp\/v2\/types\/post"}],"author":[{"embeddable":true,"href":"https:\/\/guialimeira.com.br\/news\/wp-json\/wp\/v2\/users\/1"}],"replies":[{"embeddable":true,"href":"https:\/\/guialimeira.com.br\/news\/wp-json\/wp\/v2\/comments?post=2591"}],"version-history":[{"count":0,"href":"https:\/\/guialimeira.com.br\/news\/wp-json\/wp\/v2\/posts\/2591\/revisions"}],"wp:featuredmedia":[{"embeddable":true,"href":"https:\/\/guialimeira.com.br\/news\/wp-json\/wp\/v2\/media\/2592"}],"wp:attachment":[{"href":"https:\/\/guialimeira.com.br\/news\/wp-json\/wp\/v2\/media?parent=2591"}],"wp:term":[{"taxonomy":"category","embeddable":true,"href":"https:\/\/guialimeira.com.br\/news\/wp-json\/wp\/v2\/categories?post=2591"},{"taxonomy":"post_tag","embeddable":true,"href":"https:\/\/guialimeira.com.br\/news\/wp-json\/wp\/v2\/tags?post=2591"}],"curies":[{"name":"wp","href":"https:\/\/api.w.org\/{rel}","templated":true}]}}